{"id":224226,"date":"2026-01-11T01:21:11","date_gmt":"2026-01-11T01:21:11","guid":{"rendered":"https:\/\/www.europesays.com\/pt\/224226\/"},"modified":"2026-01-11T01:21:11","modified_gmt":"2026-01-11T01:21:11","slug":"a-musica-do-metallica-que-kirk-hammett-quer-deixar-como-lembranca-de-sua-obra-como-guitarrista","status":"publish","type":"post","link":"https:\/\/www.europesays.com\/pt\/224226\/","title":{"rendered":"A m\u00fasica do Metallica que Kirk Hammett quer deixar como lembran\u00e7a de sua obra como guitarrista"},"content":{"rendered":"<p>Se algu\u00e9m te pedisse para escolher uma m\u00fasica para te representar &#8220;para sempre&#8221;, a tend\u00eancia seria correr para o maior hit, aquele que at\u00e9 quem n\u00e3o \u00e9 f\u00e3 reconhece em dois segundos. <a href=\"https:\/\/whiplash.net\/bandas\/k\/kirkhammett.html\" class=\"hotwords\" rel=\"nofollow noopener\" target=\"_blank\">Kirk Hammett<\/a>, por\u00e9m, foi pelo caminho oposto.<\/p>\n<p>Numa participa\u00e7\u00e3o para a <a href=\"https:\/\/www.guitarworld.com\/gw-archive\/guitar-legends-eddie-van-halen-dimebag-darrell-jeff-beck-choose-song-want-be-remembered-part-1\" rel=\"nofollow noopener\" target=\"_blank\">Guitar World<\/a>, ele foi direto a um recorte bem espec\u00edfico do Metallica: o come\u00e7o de tudo, quando a banda ainda era mais &#8220;pressa&#8221; do que &#8220;institui\u00e7\u00e3o&#8221;. A escolhida foi &#8220;Motorbreath&#8221;, do &#8220;Kill &#8216;Em All&#8221; (1983).<\/p>\n<p><a href=\"https:\/\/whiplash.net\/bandas\/m\/metallica.html\" class=\"linkBotao\" rel=\"nofollow noopener\" target=\"_blank\">Metallica &#8211; Mais Novidades<\/a><\/p>\n<p>CONTINUA DEPOIS DA PUBLICIDADE &#8211; CLI<\/p>\n<p>&#13;<br \/>\n&#13;<br \/>\n&#13;<br \/>\n&#13;<br \/>\n&#13;<br \/>\n&#13;<br \/>\n&#13;<br \/>\n&#13;<br \/>\n<a href=\"https:\/\/whiplash.net\/materias\/whiplash\/027002.html\" rel=\"nofollow noopener\" target=\"_blank\"><img decoding=\"async\" src=\"https:\/\/www.europesays.com\/pt\/wp-content\/uploads\/2026\/01\/1767746289_757_anunciar_diabo_336x280.gif\" loading=\"lazy\" width=\"336\" height=\"280\" class=\"widthConstrained\" style=\"background-color:#000000;display:block;\" alt=\"Anunciar bandas e shows de Rock e Heavy Metal\"\/><\/a>&#13;<\/p>\n<p><a target=\"_blank\" href=\"https:\/\/www.europesays.com\/pt\/wp-content\/uploads\/2026\/01\/metallica_hammett1_universal_music_de_por_tim_saccenti.jpg\"><img loading=\"lazy\" decoding=\"async\" src=\"https:\/\/www.europesays.com\/pt\/wp-content\/uploads\/2026\/01\/metallica_hammett1_universal_music_de_por_tim_saccenti.jpg\" class=\"widthConstrained\" width=\"700\" height=\"484\" alt=\"Foto: Universal Music - Tim Saccenti\"\/><\/a>Foto: Universal Music &#8211; Tim Saccenti<\/p>\n<p>\u00c9 uma op\u00e7\u00e3o curiosa justamente por n\u00e3o ser o cart\u00e3o de visita \u00f3bvio do grupo. &#8220;Motorbreath&#8221; \u00e9 curta, agressiva e com aquela sensa\u00e7\u00e3o de que a m\u00fasica est\u00e1 sempre um passo \u00e0 frente do pr\u00f3prio baterista &#8211; do tipo que n\u00e3o d\u00e1 muito espa\u00e7o para firula: ou entra junto, ou fica pra tr\u00e1s.<\/p>\n<p>Hammett explicou assim: &#8220;Eu escolhi porque ela tem aquele ritmo alucinante que a gente adorava nos nossos primeiros dias, al\u00e9m da letra ter definido o tom das nossas vidas pelos dez anos seguintes. E, diferente das m\u00fasicas que a gente escreveu depois, &#8216;Motorbreath&#8217; tem menos de quatro minutos!&#8221;<\/p>\n<p>CONTINUA DEPOIS DA PUBLICIDADE &#8211; GOO<\/p>\n<p>&#13;<br \/>\n&#13;<br \/>\n&#13;<br \/>\n&#13;<br \/>\n<a href=\"https:\/\/whiplash.net\/materias\/whiplash\/027002.html\" rel=\"nofollow noopener\" target=\"_blank\"><img decoding=\"async\" src=\"https:\/\/www.europesays.com\/pt\/wp-content\/uploads\/2026\/01\/1767746289_757_anunciar_diabo_336x280.gif\" loading=\"lazy\" width=\"336\" height=\"280\" alt=\"Anunciar no Whiplash.Net\"\/><\/a>&#13;<br \/>\n&#13;<br \/>\n&#13;<br \/>\n&#13;<br \/>\n&#13;<br \/>\n&#13;<br \/>\n<a href=\"https:\/\/whiplash.net\/materias\/whiplash\/027002.html\" rel=\"nofollow noopener\" target=\"_blank\"><img decoding=\"async\" src=\"https:\/\/www.europesays.com\/pt\/wp-content\/uploads\/2026\/01\/1767746289_757_anunciar_diabo_336x280.gif\" loading=\"lazy\" width=\"336\" height=\"280\" class=\"widthConstrained\" style=\"background-color:#000000;display:block;\" alt=\"Anunciar bandas e shows de Rock e Heavy Metal\"\/><\/a>&#13;<\/p>\n<p>No fundo, a escolha parece menos sobre &#8220;a melhor composi\u00e7\u00e3o&#8221; e mais sobre identidade. A letra \u00e9 praticamente um manifesto juvenil de viver acelerado, e o som tem essa mesma l\u00f3gica: simples, direto, e com vontade de atravessar a parede.<\/p>\n<p>Pra quem conhece o <a href=\"https:\/\/whiplash.net\/bandas\/m\/metallica.html\" class=\"hotwords\" rel=\"nofollow noopener\" target=\"_blank\">Metallica<\/a> al\u00e9m do r\u00e1dio, &#8220;Motorbreath&#8221; \u00e9 um retrato bem n\u00edtido de uma fase em que a banda ainda estava montando o pr\u00f3prio vocabul\u00e1rio &#8211; e, pelo visto, \u00e9 esse retrato que Hammett quer que sobreviva quando a poeira baixar.<\/p>\n<p>CONTINUA DEPOIS DA PUBLICIDADE &#8211; CLI<\/p>\n<p>&#13;<br \/>\n&#13;<br \/>\n&#13;<br \/>\n&#13;<br \/>\n&#13;<br \/>\n&#13;<br \/>\n&#13;<br \/>\n&#13;<br \/>\n<a href=\"https:\/\/whiplash.net\/materias\/whiplash\/027002.html\" rel=\"nofollow noopener\" target=\"_blank\"><img decoding=\"async\" src=\"https:\/\/www.europesays.com\/pt\/wp-content\/uploads\/2026\/01\/1767746289_757_anunciar_diabo_336x280.gif\" loading=\"lazy\" width=\"336\" height=\"280\" class=\"widthConstrained\" style=\"background-color:#000000;display:block;\" alt=\"Anunciar bandas e shows de Rock e Heavy Metal\"\/><\/a>&#13;<\/p>\n","protected":false},"excerpt":{"rendered":"Se algu\u00e9m te pedisse para escolher uma m\u00fasica para te representar &#8220;para sempre&#8221;, a tend\u00eancia seria correr para&hellip;\n","protected":false},"author":2,"featured_media":224227,"comment_status":"","ping_status":"","sticky":false,"template":"","format":"standard","meta":{"footnotes":""},"categories":[141],"tags":[114,115,149,150,32,33],"class_list":{"0":"post-224226","1":"post","2":"type-post","3":"status-publish","4":"format-standard","5":"has-post-thumbnail","7":"category-musica","8":"tag-entertainment","9":"tag-entretenimento","10":"tag-music","11":"tag-musica","12":"tag-portugal","13":"tag-pt"},"share_on_mastodon":{"url":"https:\/\/pubeurope.com\/@pt\/115873846651779770","error":""},"_links":{"self":[{"href":"https:\/\/www.europesays.com\/pt\/wp-json\/wp\/v2\/posts\/224226","targetHints":{"allow":["GET"]}}],"collection":[{"href":"https:\/\/www.europesays.com\/pt\/wp-json\/wp\/v2\/posts"}],"about":[{"href":"https:\/\/www.europesays.com\/pt\/wp-json\/wp\/v2\/types\/post"}],"author":[{"embeddable":true,"href":"https:\/\/www.europesays.com\/pt\/wp-json\/wp\/v2\/users\/2"}],"replies":[{"embeddable":true,"href":"https:\/\/www.europesays.com\/pt\/wp-json\/wp\/v2\/comments?post=224226"}],"version-history":[{"count":0,"href":"https:\/\/www.europesays.com\/pt\/wp-json\/wp\/v2\/posts\/224226\/revisions"}],"wp:featuredmedia":[{"embeddable":true,"href":"https:\/\/www.europesays.com\/pt\/wp-json\/wp\/v2\/media\/224227"}],"wp:attachment":[{"href":"https:\/\/www.europesays.com\/pt\/wp-json\/wp\/v2\/media?parent=224226"}],"wp:term":[{"taxonomy":"category","embeddable":true,"href":"https:\/\/www.europesays.com\/pt\/wp-json\/wp\/v2\/categories?post=224226"},{"taxonomy":"post_tag","embeddable":true,"href":"https:\/\/www.europesays.com\/pt\/wp-json\/wp\/v2\/tags?post=224226"}],"curies":[{"name":"wp","href":"https:\/\/api.w.org\/{rel}","templated":true}]}}