{"id":224235,"date":"2026-01-11T01:34:17","date_gmt":"2026-01-11T01:34:17","guid":{"rendered":"https:\/\/www.europesays.com\/pt\/224235\/"},"modified":"2026-01-11T01:34:17","modified_gmt":"2026-01-11T01:34:17","slug":"vem-ai-em-terra-forte-desaparecer-ou-contar-a-verdade-vivi-nao-sabe-o-que-fazer-novelas","status":"publish","type":"post","link":"https:\/\/www.europesays.com\/pt\/224235\/","title":{"rendered":"Vem a\u00ed em \u00abTerra Forte\u00bb: Desaparecer ou contar a verdade? Vivi n\u00e3o sabe o que fazer &#8211; Novelas"},"content":{"rendered":"<p>Em \u00abTerra Forte\u00bb, <a href=\"https:\/\/tvi.iol.pt\/novelas\/videos\/maria-de-fatima-toma-decisao-sobre-vivi-esta-demitida\/68f8e7750cf285ab53a6b259\" rel=\"nofollow noopener\" target=\"_blank\">Vivi (Sofia Nicholson)<\/a>\u00a0olha tensa para Jennifer a dizer-lhe que est\u00e1 a chegar o momento de ela desaparecer de vez se quer que o seu plano d\u00ea certo. Vivi admite angustiada que j\u00e1 n\u00e3o est\u00e1 recetiva a essa ideia, dizendo que talvez pudesse voltar \u00e0 sua vida por os processos contra a Komibem terem ca\u00eddo. Jennifer questiona-a se est\u00e1 preparada para enfrentar toda a gente com o grave ato que fez.<\/p>\n<p>Vivi diz a Jennifer que consegue resolver esse problema de ter desaparecido tanto tempo fingindo que perdeu a mem\u00f3ria no acidente, tal como sucedeu com Flor, e n\u00e3o fazer sentido prescindir da sua vida quando n\u00e3o h\u00e1 d\u00edvidas j\u00e1 para pagar, achando que vai acabar por ser apanhada se prosseguir com aquele plano.<\/p>\n<p>Jennifer diz a Vivi que vai ter de fingir muito bem que andou todo aquele tempo sem saber quem era, al\u00e9m de que tem mesmo de contar a <a href=\"https:\/\/tvi.iol.pt\/novelas\/videos\/terra-forte-empresa-de-marcus-provoca-problemas-de-saude-a-centenas-de-pessoas\/690a568c0cf229bd2f8d374a\" rel=\"nofollow noopener\" target=\"_blank\">Armando (Ricardo Carri\u00e7o)<\/a>\u00a0tudo o que fez por o ir continuar a ver, ainda para mais por ele namorar com <a href=\"https:\/\/tvi.iol.pt\/novelas\/videos\/terra-forte-babi-envolve-se-com-o-maior-inimigo-do-pai\/6913709f0cf2559133760eec\" rel=\"nofollow noopener\" target=\"_blank\">Babi (Melissa Matos)<\/a>. Vivi esmorece a dizer ser mesmo melhor prosseguir com o seu plano de desaparecer.<\/p>\n","protected":false},"excerpt":{"rendered":"Em \u00abTerra Forte\u00bb, Vivi (Sofia Nicholson)\u00a0olha tensa para Jennifer a dizer-lhe que est\u00e1 a chegar o momento de&hellip;\n","protected":false},"author":2,"featured_media":224236,"comment_status":"","ping_status":"","sticky":false,"template":"","format":"standard","meta":{"footnotes":""},"categories":[142],"tags":[160,166,114,115,157,167,37968,164,161,158,165,159,32,33,156,3086,18614,163,151,162,28302],"class_list":{"0":"post-224235","1":"post","2":"type-post","3":"status-publish","4":"format-standard","5":"has-post-thumbnail","7":"category-tv","8":"tag-ana-guiomar","9":"tag-cristina-ferreira","10":"tag-entertainment","11":"tag-entretenimento","12":"tag-festa-e-festa","13":"tag-ficcao","14":"tag-jennifer","15":"tag-jose-fidalgo","16":"tag-novelas","17":"tag-para-sempre","18":"tag-pedro-sousa","19":"tag-pedro-teixeira","20":"tag-portugal","21":"tag-pt","22":"tag-queridos-papas","23":"tag-sofia-nicholson","24":"tag-terra-forte","25":"tag-tiago-teotonio-pereira","26":"tag-tv","27":"tag-tvi","28":"tag-vivi"},"share_on_mastodon":{"url":"https:\/\/pubeurope.com\/@pt\/115873897766752921","error":""},"_links":{"self":[{"href":"https:\/\/www.europesays.com\/pt\/wp-json\/wp\/v2\/posts\/224235","targetHints":{"allow":["GET"]}}],"collection":[{"href":"https:\/\/www.europesays.com\/pt\/wp-json\/wp\/v2\/posts"}],"about":[{"href":"https:\/\/www.europesays.com\/pt\/wp-json\/wp\/v2\/types\/post"}],"author":[{"embeddable":true,"href":"https:\/\/www.europesays.com\/pt\/wp-json\/wp\/v2\/users\/2"}],"replies":[{"embeddable":true,"href":"https:\/\/www.europesays.com\/pt\/wp-json\/wp\/v2\/comments?post=224235"}],"version-history":[{"count":0,"href":"https:\/\/www.europesays.com\/pt\/wp-json\/wp\/v2\/posts\/224235\/revisions"}],"wp:featuredmedia":[{"embeddable":true,"href":"https:\/\/www.europesays.com\/pt\/wp-json\/wp\/v2\/media\/224236"}],"wp:attachment":[{"href":"https:\/\/www.europesays.com\/pt\/wp-json\/wp\/v2\/media?parent=224235"}],"wp:term":[{"taxonomy":"category","embeddable":true,"href":"https:\/\/www.europesays.com\/pt\/wp-json\/wp\/v2\/categories?post=224235"},{"taxonomy":"post_tag","embeddable":true,"href":"https:\/\/www.europesays.com\/pt\/wp-json\/wp\/v2\/tags?post=224235"}],"curies":[{"name":"wp","href":"https:\/\/api.w.org\/{rel}","templated":true}]}}