{"id":224240,"date":"2026-01-11T01:38:11","date_gmt":"2026-01-11T01:38:11","guid":{"rendered":"https:\/\/www.europesays.com\/pt\/224240\/"},"modified":"2026-01-11T01:38:11","modified_gmt":"2026-01-11T01:38:11","slug":"exercicio-fisico-pode-aliviar-a-depressao-quase-como-terapia-diz-pesquisa-noticias-r7","status":"publish","type":"post","link":"https:\/\/www.europesays.com\/pt\/224240\/","title":{"rendered":"Exerc\u00edcio f\u00edsico pode aliviar a depress\u00e3o quase como terapia, diz pesquisa \u2013 Noticias R7"},"content":{"rendered":"<p><img decoding=\"async\" data-chromatic=\"ignore\" alt=\"\" class=\"c-image\" loading=\"lazy\" src=\"https:\/\/www.europesays.com\/pt\/wp-content\/uploads\/2026\/01\/T5AHBMAECRHTLAM7MFJ7ZTEGZE.jpeg\"  width=\"2048\" height=\"1152\"\/>Atividade f\u00edsica \u00e9 uma op\u00e7\u00e3o segura e acess\u00edvel contra depress\u00e3o. (Foto: Getty Images via Canva) Fala Ci\u00eancia <\/p>\n<p class=\"jarvics:base-text-neutral-high-400 base-text-[calc(theme(fontSize.xs)_*_var(--font-size,_1))] base-font-normal base-font-primary base-text-neutral-low-500 base-text-left\">\n<p>A ideia de que o exerc\u00edcio f\u00edsico faz bem para a mente n\u00e3o \u00e9 nova. No entanto, uma nova e robusta an\u00e1lise cient\u00edfica refor\u00e7a esse conceito com dados de alto n\u00edvel. Segundo uma revis\u00e3o sistem\u00e1tica recente, <strong>a pr\u00e1tica regular de exerc\u00edcios pode reduzir os sintomas da depress\u00e3o com efic\u00e1cia semelhante \u00e0 terapia psicol\u00f3gica<\/strong>, tornando-se uma alternativa acess\u00edvel, segura e de baixo custo para milh\u00f5es de pessoas.<\/p>\n<\/p>\n<p class=\"jarvics:base-text-neutral-high-400 base-text-[calc(theme(fontSize.xs)_*_var(--font-size,_1))] base-font-normal base-font-primary base-text-neutral-low-500 base-text-left\">\n<p>O estudo, intitulado <strong>\u201cExerc\u00edcio para depress\u00e3o\u201d<\/strong>, foi publicado na <strong>Cochrane Database of Systematic Reviews (2026)<\/strong> e conduzido por <strong>Andrew J. Clegg e colaboradores.<\/strong><\/p>\n<\/p>\n<p class=\"jarvics:base-text-neutral-high-400 base-text-[calc(theme(fontSize.xs)_*_var(--font-size,_1))] base-font-normal base-font-primary base-text-neutral-low-500 base-text-left\">O peso cient\u00edfico por tr\u00e1s da conclus\u00e3o<\/p>\n<p class=\"jarvics:base-text-neutral-high-400 base-text-[calc(theme(fontSize.xs)_*_var(--font-size,_1))] base-font-normal base-font-primary base-text-neutral-low-500 base-text-left\">\n<p>A revis\u00e3o analisou <strong>73 ensaios cl\u00ednicos randomizados<\/strong>, reunindo dados de quase <strong>5.000 adultos diagnosticados com depress\u00e3o<\/strong>. Esses estudos compararam os efeitos do exerc\u00edcio f\u00edsico com aus\u00eancia de tratamento, terapias psicol\u00f3gicas e uso de medicamentos antidepressivos.<\/p>\n<\/p>\n<p class=\"jarvics:base-text-neutral-high-400 base-text-[calc(theme(fontSize.xs)_*_var(--font-size,_1))] base-font-normal base-font-primary base-text-neutral-low-500 base-text-left\">\n<p>De forma consistente, os resultados mostraram que <strong>o exerc\u00edcio promoveu redu\u00e7\u00f5es moderadas nos sintomas depressivos<\/strong> quando comparado \u00e0 falta de interven\u00e7\u00e3o.\u00a0<\/p>\n<\/p>\n<p class=\"jarvics:base-text-neutral-high-400 base-text-[calc(theme(fontSize.xs)_*_var(--font-size,_1))] base-font-normal base-font-primary base-text-neutral-low-500 base-text-left\">\n<p>Al\u00e9m disso, quando colocado lado a lado com a terapia psicol\u00f3gica, os benef\u00edcios foram semelhantes, sustentados por evid\u00eancias de certeza moderada. J\u00e1 em compara\u00e7\u00e3o com antidepressivos, os efeitos tamb\u00e9m pareceram compar\u00e1veis, embora com menor grau de certeza cient\u00edfica.<\/p>\n<\/p>\n<p class=\"jarvics:base-text-neutral-high-400 base-text-[calc(theme(fontSize.xs)_*_var(--font-size,_1))] base-font-normal base-font-primary base-text-neutral-low-500 base-text-left\">Por que o exerc\u00edcio se destaca como estrat\u00e9gia terap\u00eautica?<\/p>\n<p class=\"jarvics:base-text-neutral-high-400 base-text-[calc(theme(fontSize.xs)_*_var(--font-size,_1))] base-font-normal base-font-primary base-text-neutral-low-500 base-text-left\">\n<p>Al\u00e9m do impacto positivo na sa\u00fade mental, o exerc\u00edcio oferece vantagens importantes:<\/p>\n<\/p>\n<p class=\"jarvics:base-text-neutral-high-400 base-text-[calc(theme(fontSize.xs)_*_var(--font-size,_1))] base-font-normal base-font-primary base-text-neutral-low-500 base-text-left\">\n<ul class=\"wp-block-list\">\n<li><strong>Baixo custo e alta acessibilidade<\/strong><\/li>\n<li><strong>Benef\u00edcios simult\u00e2neos para a sa\u00fade f\u00edsica<\/strong><\/li>\n<li><strong>Poucos efeitos colaterais<\/strong><\/li>\n<li><strong>Possibilidade de adapta\u00e7\u00e3o a diferentes perfis de pacientes<\/strong><\/li>\n<\/ul>\n<p class=\"jarvics:base-text-neutral-high-400 base-text-[calc(theme(fontSize.xs)_*_var(--font-size,_1))] base-font-normal base-font-primary base-text-neutral-low-500 base-text-left\">\n<p>Esses fatores tornam a atividade f\u00edsica uma op\u00e7\u00e3o especialmente atrativa em contextos onde o acesso \u00e0 terapia ou a medicamentos \u00e9 limitado.<\/p>\n<\/p>\n<p class=\"jarvics:base-text-neutral-high-400 base-text-[calc(theme(fontSize.xs)_*_var(--font-size,_1))] base-font-normal base-font-primary base-text-neutral-low-500 base-text-left\">Qual tipo de exerc\u00edcio funciona melhor?<\/p>\n<p><img decoding=\"async\" data-chromatic=\"ignore\" alt=\"\" class=\"c-image\" loading=\"lazy\" src=\"https:\/\/www.europesays.com\/pt\/wp-content\/uploads\/2026\/01\/3RMCELHUNZFOTBAG6UHHIRT7T4.jpeg\"  width=\"1024\" height=\"576\"\/>Programas combinando for\u00e7a e aer\u00f3bico t\u00eam melhores resultados. (Foto: Getty Images via Canva) Fala Ci\u00eancia <\/p>\n<p class=\"jarvics:base-text-neutral-high-400 base-text-[calc(theme(fontSize.xs)_*_var(--font-size,_1))] base-font-normal base-font-primary base-text-neutral-low-500 base-text-left\">\n<p>A an\u00e1lise identificou que <strong>atividades leves a moderadas<\/strong> s\u00e3o mais eficazes do que exerc\u00edcios muito intensos. Os melhores resultados apareceram em programas com <strong>13 a 36 sess\u00f5es<\/strong>, distribu\u00eddas ao longo do tempo.<\/p>\n<\/p>\n<p class=\"jarvics:base-text-neutral-high-400 base-text-[calc(theme(fontSize.xs)_*_var(--font-size,_1))] base-font-normal base-font-primary base-text-neutral-low-500 base-text-left\">\n<p>Nenhuma modalidade isolada se mostrou superior, mas <strong>programas combinando exerc\u00edcios aer\u00f3bicos e treinamento de for\u00e7a<\/strong> apresentaram efeitos mais consistentes do que o exerc\u00edcio aer\u00f3bico sozinho. J\u00e1 pr\u00e1ticas como ioga, alongamento e qigong n\u00e3o foram inclu\u00eddas nesta revis\u00e3o e seguem como lacunas para pesquisas futuras.<\/p>\n<\/p>\n<p class=\"jarvics:base-text-neutral-high-400 base-text-[calc(theme(fontSize.xs)_*_var(--font-size,_1))] base-font-normal base-font-primary base-text-neutral-low-500 base-text-left\">Seguran\u00e7a e limites das evid\u00eancias<\/p>\n<p class=\"jarvics:base-text-neutral-high-400 base-text-[calc(theme(fontSize.xs)_*_var(--font-size,_1))] base-font-normal base-font-primary base-text-neutral-low-500 base-text-left\">\n<p>Os efeitos adversos foram raros. Entre os participantes que se exercitaram, houve relatos ocasionais de <strong>dores musculares ou articulares<\/strong>, enquanto usu\u00e1rios de antidepressivos apresentaram efeitos t\u00edpicos associados \u00e0 medica\u00e7\u00e3o, como fadiga e desconfortos gastrointestinais.<\/p>\n<\/p>\n<p class=\"jarvics:base-text-neutral-high-400 base-text-[calc(theme(fontSize.xs)_*_var(--font-size,_1))] base-font-normal base-font-primary base-text-neutral-low-500 base-text-left\">\n<p>Apesar dos resultados animadores, os pesquisadores alertam para limita\u00e7\u00f5es importantes. Muitos estudos tinham amostras pequenas e acompanharam os participantes por per\u00edodos curtos, o que dificulta conclus\u00f5es sobre <strong>benef\u00edcios de longo prazo<\/strong>.<\/p>\n<\/p>\n<p class=\"jarvics:base-text-neutral-high-400 base-text-[calc(theme(fontSize.xs)_*_var(--font-size,_1))] base-font-normal base-font-primary base-text-neutral-low-500 base-text-left\">\n<p>Em conjunto, os dados indicam que <strong>o exerc\u00edcio f\u00edsico n\u00e3o substitui todos os tratamentos<\/strong>, mas pode atuar como uma ferramenta terap\u00eautica poderosa, especialmente quando integrada a estrat\u00e9gias personalizadas de cuidado em sa\u00fade mental.<\/p><\/p>\n","protected":false},"excerpt":{"rendered":"Atividade f\u00edsica \u00e9 uma op\u00e7\u00e3o segura e acess\u00edvel contra depress\u00e3o. (Foto: Getty Images via Canva) Fala Ci\u00eancia A&hellip;\n","protected":false},"author":2,"featured_media":224241,"comment_status":"","ping_status":"","sticky":false,"template":"","format":"standard","meta":{"footnotes":""},"categories":[86],"tags":[116,32,33,117],"class_list":{"0":"post-224240","1":"post","2":"type-post","3":"status-publish","4":"format-standard","5":"has-post-thumbnail","7":"category-saude","8":"tag-health","9":"tag-portugal","10":"tag-pt","11":"tag-saude"},"share_on_mastodon":{"url":"https:\/\/pubeurope.com\/@pt\/115873913397476239","error":""},"_links":{"self":[{"href":"https:\/\/www.europesays.com\/pt\/wp-json\/wp\/v2\/posts\/224240","targetHints":{"allow":["GET"]}}],"collection":[{"href":"https:\/\/www.europesays.com\/pt\/wp-json\/wp\/v2\/posts"}],"about":[{"href":"https:\/\/www.europesays.com\/pt\/wp-json\/wp\/v2\/types\/post"}],"author":[{"embeddable":true,"href":"https:\/\/www.europesays.com\/pt\/wp-json\/wp\/v2\/users\/2"}],"replies":[{"embeddable":true,"href":"https:\/\/www.europesays.com\/pt\/wp-json\/wp\/v2\/comments?post=224240"}],"version-history":[{"count":0,"href":"https:\/\/www.europesays.com\/pt\/wp-json\/wp\/v2\/posts\/224240\/revisions"}],"wp:featuredmedia":[{"embeddable":true,"href":"https:\/\/www.europesays.com\/pt\/wp-json\/wp\/v2\/media\/224241"}],"wp:attachment":[{"href":"https:\/\/www.europesays.com\/pt\/wp-json\/wp\/v2\/media?parent=224240"}],"wp:term":[{"taxonomy":"category","embeddable":true,"href":"https:\/\/www.europesays.com\/pt\/wp-json\/wp\/v2\/categories?post=224240"},{"taxonomy":"post_tag","embeddable":true,"href":"https:\/\/www.europesays.com\/pt\/wp-json\/wp\/v2\/tags?post=224240"}],"curies":[{"name":"wp","href":"https:\/\/api.w.org\/{rel}","templated":true}]}}