{"id":224250,"date":"2026-01-11T01:45:08","date_gmt":"2026-01-11T01:45:08","guid":{"rendered":"https:\/\/www.europesays.com\/pt\/224250\/"},"modified":"2026-01-11T01:45:08","modified_gmt":"2026-01-11T01:45:08","slug":"t-k-carter-ator-de-o-enigma-de-outro-mundo-e-space-jam-e-encontrado-morto-em-casa-aos-69-anos","status":"publish","type":"post","link":"https:\/\/www.europesays.com\/pt\/224250\/","title":{"rendered":"T.K. Carter, ator de \u2018O Enigma de Outro Mundo\u2019 e \u2018Space Jam\u2019, \u00e9 encontrado morto em casa aos 69 anos"},"content":{"rendered":"<p>O artista interpretou o personagem Nauls em O Enigma de Outro Mundo, fic\u00e7\u00e3o cient\u00edfica de John Carpenter, que conta a hist\u00f3ria de cientistas que encontram um alien\u00edgena. Carter ainda colecionou pap\u00e9is em filmes como Parece que Foi Ontem (1980), Expresso para o Inferno (1985) e Domino: A Ca\u00e7adora de Recompensas (2005).<\/p>\n<p>Ele atuou em s\u00e9ries como Punky, A Levada da Breca (1984), The Sinbad Show (1993), The Steve Harvey Show (1996) e The Corner (2000). Seus \u00faltimos trabalhos tamb\u00e9m foram em s\u00e9ries. Em 2023, o ator esteve no elenco de Dave e Em M\u00e1 Companhia. No perfil que mantinha no Instagram, Carter dizia que nasceu \u201cpara atuar e fazer rir\u201d.<\/p>\n","protected":false},"excerpt":{"rendered":"O artista interpretou o personagem Nauls em O Enigma de Outro Mundo, fic\u00e7\u00e3o cient\u00edfica de John Carpenter, que&hellip;\n","protected":false},"author":2,"featured_media":224251,"comment_status":"","ping_status":"","sticky":false,"template":"","format":"standard","meta":{"footnotes":""},"categories":[145],"tags":[211,210,114,115,32,33],"class_list":{"0":"post-224250","1":"post","2":"type-post","3":"status-publish","4":"format-standard","5":"has-post-thumbnail","7":"category-celebridades","8":"tag-celebridades","9":"tag-celebrities","10":"tag-entertainment","11":"tag-entretenimento","12":"tag-portugal","13":"tag-pt"},"share_on_mastodon":{"url":"https:\/\/pubeurope.com\/@pt\/115873940940379797","error":""},"_links":{"self":[{"href":"https:\/\/www.europesays.com\/pt\/wp-json\/wp\/v2\/posts\/224250","targetHints":{"allow":["GET"]}}],"collection":[{"href":"https:\/\/www.europesays.com\/pt\/wp-json\/wp\/v2\/posts"}],"about":[{"href":"https:\/\/www.europesays.com\/pt\/wp-json\/wp\/v2\/types\/post"}],"author":[{"embeddable":true,"href":"https:\/\/www.europesays.com\/pt\/wp-json\/wp\/v2\/users\/2"}],"replies":[{"embeddable":true,"href":"https:\/\/www.europesays.com\/pt\/wp-json\/wp\/v2\/comments?post=224250"}],"version-history":[{"count":0,"href":"https:\/\/www.europesays.com\/pt\/wp-json\/wp\/v2\/posts\/224250\/revisions"}],"wp:featuredmedia":[{"embeddable":true,"href":"https:\/\/www.europesays.com\/pt\/wp-json\/wp\/v2\/media\/224251"}],"wp:attachment":[{"href":"https:\/\/www.europesays.com\/pt\/wp-json\/wp\/v2\/media?parent=224250"}],"wp:term":[{"taxonomy":"category","embeddable":true,"href":"https:\/\/www.europesays.com\/pt\/wp-json\/wp\/v2\/categories?post=224250"},{"taxonomy":"post_tag","embeddable":true,"href":"https:\/\/www.europesays.com\/pt\/wp-json\/wp\/v2\/tags?post=224250"}],"curies":[{"name":"wp","href":"https:\/\/api.w.org\/{rel}","templated":true}]}}