{"id":224254,"date":"2026-01-11T01:51:22","date_gmt":"2026-01-11T01:51:22","guid":{"rendered":"https:\/\/www.europesays.com\/pt\/224254\/"},"modified":"2026-01-11T01:51:22","modified_gmt":"2026-01-11T01:51:22","slug":"gil-vicente-define-dois-alvos-para-substituir-andrew-ventura","status":"publish","type":"post","link":"https:\/\/www.europesays.com\/pt\/224254\/","title":{"rendered":"Gil Vicente define dois alvos para substituir Andrew Ventura"},"content":{"rendered":"<p>&#8211; Advertisement &#8211;<\/p>\n<p><strong>Matheus Donelli e Luc\u00e3o surgem como alternativas para o Gil Vicente caso Andrew Ventura deixe o clube rumo ao Flamengo.<\/strong><\/p>\n<p>O Gil Vicente j\u00e1 tem duas alternativas definidas caso Andrew Ventura seja vendido no mercado de janeiro. Segundo o jornalista Andr\u00e9 Hernan, Matheus Donelli e Luc\u00e3o s\u00e3o os dois guarda-redes brasileiros referenciados.<\/p>\n<p>Matheus Donelli, de 23 anos, representa o Corinthians e realizou 11 jogos pelo clube na temporada de 2025. J\u00e1 Luc\u00e3o, de 24 anos, veste a camisola do Bragantino e contabilizou cinco encontros na \u00faltima \u00e9poca.<\/p>\n<p>Recorde-se que o<a href=\"https:\/\/bolanarede.pt\/especial-bola-na-rede\/atualidade\/flamengo-apresenta-proposta-ao-gil-vicente-por-andrew-ventura-eis-os-detalhes\/\" target=\"_blank\" rel=\"noreferrer noopener nofollow\"> Flamengo apresentou uma proposta de 1,5 milh\u00f5es de euros ao Gil Vicente por Andrew Ventura<\/a>, que poder\u00e1 estar mais perto de sair do conjunto gilista.<\/p>\n<blockquote class=\"twitter-tweet\" data-width=\"550\" data-dnt=\"true\">\n<p lang=\"pt\" dir=\"ltr\">\ud83d\udea8\ud83d\udea8 Flamengo ofereceu 1.5M de euros + 10% de futura venda pelo Andrew; Gil Vicente deve aceitar, mas antes quer fechar um substituto. H\u00e1 dois alvos brasileiros: Matheus Donelli (Corinthians) e Luc\u00e3o (RB Bragantino) (com Bruno Andrade) <a href=\"https:\/\/t.co\/F8fikDdmhW\" rel=\"nofollow\">pic.twitter.com\/F8fikDdmhW<\/a><\/p>\n<p>\u2014 Andr\u00e9 Hernan (@andrehernan) <a href=\"https:\/\/twitter.com\/andrehernan\/status\/2009695880291725637?ref_src=twsrc%5Etfw\" rel=\"nofollow noopener\" target=\"_blank\">January 9, 2026<\/a><\/p><\/blockquote>\n<p><script async src=\"https:\/\/platform.twitter.com\/widgets.js\" charset=\"utf-8\"><\/script><\/p>\n","protected":false},"excerpt":{"rendered":"&#8211; Advertisement &#8211; Matheus Donelli e Luc\u00e3o surgem como alternativas para o Gil Vicente caso Andrew Ventura deixe&hellip;\n","protected":false},"author":2,"featured_media":224255,"comment_status":"","ping_status":"","sticky":false,"template":"","format":"standard","meta":{"footnotes":""},"categories":[87],"tags":[260,135,9112,43250,43251,32,479,33,134],"class_list":{"0":"post-224254","1":"post","2":"type-post","3":"status-publish","4":"format-standard","5":"has-post-thumbnail","7":"category-desporto","8":"tag-atualidade","9":"tag-desporto","10":"tag-gil-vicente","11":"tag-lucao","12":"tag-matheus-donelli","13":"tag-portugal","14":"tag-primeira-liga","15":"tag-pt","16":"tag-sports"},"share_on_mastodon":{"url":"https:\/\/pubeurope.com\/@pt\/115873964528269321","error":""},"_links":{"self":[{"href":"https:\/\/www.europesays.com\/pt\/wp-json\/wp\/v2\/posts\/224254","targetHints":{"allow":["GET"]}}],"collection":[{"href":"https:\/\/www.europesays.com\/pt\/wp-json\/wp\/v2\/posts"}],"about":[{"href":"https:\/\/www.europesays.com\/pt\/wp-json\/wp\/v2\/types\/post"}],"author":[{"embeddable":true,"href":"https:\/\/www.europesays.com\/pt\/wp-json\/wp\/v2\/users\/2"}],"replies":[{"embeddable":true,"href":"https:\/\/www.europesays.com\/pt\/wp-json\/wp\/v2\/comments?post=224254"}],"version-history":[{"count":0,"href":"https:\/\/www.europesays.com\/pt\/wp-json\/wp\/v2\/posts\/224254\/revisions"}],"wp:featuredmedia":[{"embeddable":true,"href":"https:\/\/www.europesays.com\/pt\/wp-json\/wp\/v2\/media\/224255"}],"wp:attachment":[{"href":"https:\/\/www.europesays.com\/pt\/wp-json\/wp\/v2\/media?parent=224254"}],"wp:term":[{"taxonomy":"category","embeddable":true,"href":"https:\/\/www.europesays.com\/pt\/wp-json\/wp\/v2\/categories?post=224254"},{"taxonomy":"post_tag","embeddable":true,"href":"https:\/\/www.europesays.com\/pt\/wp-json\/wp\/v2\/tags?post=224254"}],"curies":[{"name":"wp","href":"https:\/\/api.w.org\/{rel}","templated":true}]}}