{"id":224260,"date":"2026-01-11T01:57:11","date_gmt":"2026-01-11T01:57:11","guid":{"rendered":"https:\/\/www.europesays.com\/pt\/224260\/"},"modified":"2026-01-11T01:57:11","modified_gmt":"2026-01-11T01:57:11","slug":"uma-decada-depois-antonio-jose-seguro-regressa-a-politica-com-a-mira-em-belem","status":"publish","type":"post","link":"https:\/\/www.europesays.com\/pt\/224260\/","title":{"rendered":"Uma d\u00e9cada depois, Ant\u00f3nio Jos\u00e9 Seguro regressa \u00e0 pol\u00edtica com a mira em Bel\u00e9m"},"content":{"rendered":"<p itemprop=\"text\" class=\"article-body\">\n                  Ant\u00f3nio Jos\u00e9 Seguro nasceu na vila de Penamacor, em Castelo Branco, a 11 de mar\u00e7o de 1962. <\/p>\n<p>Licenciou-se em Rela\u00e7\u00f5es Internacionais pela Universidade Aut\u00f3noma de Lisboa e frequentou o mestrado em Ci\u00eancia Pol\u00edtica no Instituto Superior de Ci\u00eancias do Trabalho e da Empresa (ISCTE).<\/p>\n<p><b>O seu interesse pela pol\u00edtica come\u00e7ou cedo, e dos 28 aos 32 anos foi l\u00edder da Juventude Socialista.<\/b> Foi tamb\u00e9m presidente do Conselho Nacional da Juventude, plataforma que re\u00fane organiza\u00e7\u00f5es partid\u00e1rias, sindicais, religiosas e c\u00edvicas, e presidiu o F\u00f3rum da Juventude da Uni\u00e3o Europeia. Para al\u00e9m disso, foi ainda vice-presidente da Uni\u00e3o Internacional das Juventudes Socialistas.<\/p>\n<p><b>Em 1995, Seguro entrou para o Governo e tornou-se um dos elementos mais pr\u00f3ximos de Ant\u00f3nio Guterres, integrando o n\u00facleo pol\u00edtico de confian\u00e7a de S\u00e3o Bento.<\/b> Foi secret\u00e1rio de Estado da Juventude e, mais tarde, secret\u00e1rio de Estado adjunto de Guterres.<\/p>\n<p>Entre 1999 e 2001 foi deputado no Parlamento Europeu, tendo sido co-autor do relat\u00f3rio do Parlamento Europeu sobre o Tratado de Nice e o futuro da Uni\u00e3o Europeia. Em 38 anos de participa\u00e7\u00e3o europeia, Ant\u00f3nio Jos\u00e9 Seguro foi o \u00fanico portugu\u00eas a quem foi atribu\u00edda a responsabilidade de elabora\u00e7\u00e3o de um relat\u00f3rio sobre um Tratado Europeu.<\/p>\n<p><b>Em 2001, Seguro renunciou ao seu mandato no Parlamento Europeu a pedido de Guterres e assumiu as fun\u00e7\u00f5es de ministro-adjunto do primeiro-primeiro, at\u00e9 abril de 2002. <\/b>Nesse ano, regressou ao Parlamento e liderou a bancada parlamentar do PS. Em 2011, ap\u00f3s a derrota do Partido Socialista nas elei\u00e7\u00f5es legislativas desse ano, foi eleito secret\u00e1rio-geral do Partido Socialista com 68% dos votos, derrotando Francisco Assis e sucedendo a Jos\u00e9 S\u00f3crates como secret\u00e1rio-geral do PS.<\/p>\n<p>\u00c0 frente do PS, tentou reposicionar o partido no centro-esquerda, apostando num discurso de responsabilidade financeira, mas cr\u00edtico da austeridade imposta durante o per\u00edodo da Troika.<br \/>&#13;<br \/>\nDas cr\u00edticas internas \u00e0 demiss\u00e3o<br \/>&#13;<br \/>\nEnquanto secret\u00e1rio-geral, Seguro tomou uma decis\u00e3o que foi v\u00e1rias vezes recordada por v\u00e1rios dos seus opositores durante os debates: abster-se no Or\u00e7amento do Estado para 2012 proposto pelo Governo de Pedro Passos Coelho \u2013 um or\u00e7amento que contemplava normas consideradas inconstitucionais, nomeadamente o corte nos subs\u00eddios de f\u00e9rias e de Natal. <\/p>\n<p><b>Na altura, Seguro justificou a decis\u00e3o como sendo uma \u201cabsten\u00e7\u00e3o violenta, mas construtiva\u201d, mas acabou por receber v\u00e1rias cr\u00edticas dentro do seu pr\u00f3prio partido, incluindo de M\u00e1rio Soares. <\/b><\/p>\n<p>Nas elei\u00e7\u00f5es aut\u00e1rquicas de 2013, o Partido Socialista conseguiu um dos seus melhores resultados de sempre, e venceu ainda a coliga\u00e7\u00e3o PSD\/CDS\u2013PP nas elei\u00e7\u00f5es europeias de 2014. <b>Esta vit\u00f3ria, no entanto, foi vista pelos cr\u00edticos \u00e0 lideran\u00e7a de Seguro como uma vit\u00f3ria por &#8220;poucochinho&#8221;, o que levou o ent\u00e3o presidente da c\u00e2mara de Lisboa, Ant\u00f3nio Costa, a avan\u00e7ar para a corrida \u00e0 lideran\u00e7a do PS contra Seguro.<\/b><\/p>\n<p>Foram assim convocadas elei\u00e7\u00f5es prim\u00e1rias abertas a simpatizantes do partido para 28 de setembro de 2014 \u2013 o dia que marca a queda de Seguro. Na disputa interna do PS de 2014, M\u00e1rio Soares apoiou Ant\u00f3nio Costa e criticou muitas vezes Seguro. Em setembro desse ano, Soares acusou Seguro de ser \u201cum inseguro\u201d e pediu que este se demitisse da lideran\u00e7a do PS.<\/p>\n<p><b>O secret\u00e1rio-geral do PS acabou mesmo por se demitir, depois de ter perdido a disputa para Ant\u00f3nio Costa, obtendo apenas 32% dos votos. <\/b>O socialista renunciou tamb\u00e9m aos mandatos de Conselheiro de Estado e de deputado do Parlamento. <br \/>&#13;<br \/>\nO regresso, dez anos depois<br \/>&#13;<br \/>\nSeguro afastou-se, depois, da vida pol\u00edtica e focou-se na doc\u00eancia universit\u00e1ria em Lisboa, passando tamb\u00e9m a ter uma presen\u00e7a no espa\u00e7o medi\u00e1tico como comentador e autor.<\/p>\n<p>Depois do \u201cCompromissos para o Futuro\u201d, publicado em 2011, Seguro publicou o seu \u00faltimo livro, \u201cA Reforma do Parlamento Portugu\u00eas \u2013 o Controlo Pol\u00edtico do Governo\u201d, em mar\u00e7o de 2016.<\/p>\n<p>No entanto, desde 2023 que Seguro tem vindo a reaproximar-se da pol\u00edtica gradualmente e assumiu a possibilidade de uma candidatura \u00e0 presid\u00eancia em finais de 2024, depois de Pedro Nuno Santos o ter mencionado como um \u201cbom nome\u201d para Bel\u00e9m.<br \/>&#13;<br \/>\n<b><br \/>&#13;<br \/>\n<\/b>&#13;\n<\/p>\n<p>&#13;<br \/>\n<b>&#13;<br \/>\nA 3 de junho confirmou a sua candidatura. Assumiu\u2011se como uma alternativa progressista a candidatos mais conservadores, como Lu\u00eds Marques Mendes e Henrique Gouveia e Melo.\u00a0<\/b>&#13;\n<\/p>\n<p>&#13;<br \/>\n<b>Ao fim de v\u00e1rios meses ap\u00f3s o an\u00fancio da candidatura, Seguro passou a contar com o apoio formal do PS, embora sublinhe a necessidade de independ\u00eancia institucional em Bel\u00e9m.<\/b>&#13;\n<\/p>\n<p>\nAnt\u00f3nio Jos\u00e9 Seguro apresenta-se como um <a href=\"https:\/\/www.rtp.pt\/noticias\/politica\/sou-da-esquerda-moderada-e-moderna-antonio-jose-seguro-em-entrevista-na-rtp-noticias_n1696530\" target=\"_blank\" rel=\"nofollow noopener\">candidato da esquerda \u201cmoderna e moderada\u201d<\/a>, considerando que o seu espa\u00e7o ideol\u00f3gico \u201c\u00e9 claro\u201d.<\/p>\n<p>Apesar disso, o antigo secret\u00e1rio-geral do PS diz ser \u201cum homem livre e sem amarras\u201d e prometeu ser um presidente independente e com menos interven\u00e7\u00e3o pol\u00edtica do que Marcelo Rebelo de Sousa.<\/p>\n<p>&#13;<br \/>\n<b>Em entrevista \u00e0 RTP, Seguro diz sentir-se \u201cmuito honrado\u201d pelo apoio do PS, mas salienta que \u201co pa\u00eds precisa de um presidente independente\u201d.\u00a0\u201cEu n\u00e3o serei um presidente que ser\u00e1 uma esp\u00e9cie de primeiro-ministro sombra em Bel\u00e9m\u201d, garantiu.<\/b>&#13;\n<\/p>\n<p>Na \u00e1rea da Sa\u00fade, Seguro teceu cr\u00edticas a Marcelo Rebelo de Sousa, afirmando que, no seu lugar, \u201cj\u00e1 teria convocado os partidos\u201d para discutir um pacto para a sa\u00fade.<\/p>\n<p>Considera que h\u00e1, neste momento, falta de &#8220;prioridade&#8221; e de &#8220;coragem pol\u00edtica&#8221; e, embora reconhe\u00e7a que esse acordo n\u00e3o esteja nas m\u00e3os do presidente, o candidato argumenta que o papel como chefe de Estado seria o de &#8220;congregar&#8221; os partidos e coloc\u00e1-los &#8220;na rota&#8221; de um entendimento. <\/p>\n<p>Seguro prometeu que, caso seja eleito presidente, ir\u00e1 escolher uma grande causa para cada ano, sendo a sa\u00fade a sua prioridade. <br \/>&#13;<\/p>\n","protected":false},"excerpt":{"rendered":"Ant\u00f3nio Jos\u00e9 Seguro nasceu na vila de Penamacor, em Castelo Branco, a 11 de mar\u00e7o de 1962. Licenciou-se&hellip;\n","protected":false},"author":2,"featured_media":224261,"comment_status":"","ping_status":"","sticky":false,"template":"","format":"standard","meta":{"footnotes":""},"categories":[10],"tags":[27,28,15,16,14,25,26,21,22,12,13,19,20,32,23,24,33,420,421,17,18,29,30,31],"class_list":{"0":"post-224260","1":"post","2":"type-post","3":"status-publish","4":"format-standard","5":"has-post-thumbnail","7":"category-portugal","8":"tag-breaking-news","9":"tag-breakingnews","10":"tag-featured-news","11":"tag-featurednews","12":"tag-headlines","13":"tag-latest-news","14":"tag-latestnews","15":"tag-main-news","16":"tag-mainnews","17":"tag-news","18":"tag-noticias","19":"tag-noticias-principais","20":"tag-noticiasprincipais","21":"tag-portugal","22":"tag-principais-noticias","23":"tag-principaisnoticias","24":"tag-pt","25":"tag-rtp","26":"tag-rtp-noticias","27":"tag-top-stories","28":"tag-topstories","29":"tag-ultimas","30":"tag-ultimas-noticias","31":"tag-ultimasnoticias"},"share_on_mastodon":{"url":"https:\/\/pubeurope.com\/@pt\/115873988154697189","error":""},"_links":{"self":[{"href":"https:\/\/www.europesays.com\/pt\/wp-json\/wp\/v2\/posts\/224260","targetHints":{"allow":["GET"]}}],"collection":[{"href":"https:\/\/www.europesays.com\/pt\/wp-json\/wp\/v2\/posts"}],"about":[{"href":"https:\/\/www.europesays.com\/pt\/wp-json\/wp\/v2\/types\/post"}],"author":[{"embeddable":true,"href":"https:\/\/www.europesays.com\/pt\/wp-json\/wp\/v2\/users\/2"}],"replies":[{"embeddable":true,"href":"https:\/\/www.europesays.com\/pt\/wp-json\/wp\/v2\/comments?post=224260"}],"version-history":[{"count":0,"href":"https:\/\/www.europesays.com\/pt\/wp-json\/wp\/v2\/posts\/224260\/revisions"}],"wp:featuredmedia":[{"embeddable":true,"href":"https:\/\/www.europesays.com\/pt\/wp-json\/wp\/v2\/media\/224261"}],"wp:attachment":[{"href":"https:\/\/www.europesays.com\/pt\/wp-json\/wp\/v2\/media?parent=224260"}],"wp:term":[{"taxonomy":"category","embeddable":true,"href":"https:\/\/www.europesays.com\/pt\/wp-json\/wp\/v2\/categories?post=224260"},{"taxonomy":"post_tag","embeddable":true,"href":"https:\/\/www.europesays.com\/pt\/wp-json\/wp\/v2\/tags?post=224260"}],"curies":[{"name":"wp","href":"https:\/\/api.w.org\/{rel}","templated":true}]}}