{"id":224264,"date":"2026-01-11T01:59:29","date_gmt":"2026-01-11T01:59:29","guid":{"rendered":"https:\/\/www.europesays.com\/pt\/224264\/"},"modified":"2026-01-11T01:59:29","modified_gmt":"2026-01-11T01:59:29","slug":"que-falta-enorme-ele-fara-eternamente","status":"publish","type":"post","link":"https:\/\/www.europesays.com\/pt\/224264\/","title":{"rendered":"&#8216;Que falta enorme ele far\u00e1 eternamente!&#8217;"},"content":{"rendered":"\n<p class=\" content-text__container theme-color-primary-first-letter\" data-track-category=\"Link no Texto\" data-track-links=\"\"> Em publica\u00e7\u00e3o em suas redes sociais, <a class=\"\" href=\"https:\/\/oglobo.globo.com\/tudo-sobre\/personalidade\/milton-nascimento\/\" rel=\"nofollow noopener\" target=\"_blank\">Milton Nascimento<\/a> lembrou que <a class=\"\" href=\"https:\/\/oglobo.globo.com\/tudo-sobre\/personalidade\/lo-borges\/\" rel=\"nofollow noopener\" target=\"_blank\">L\u00f4 Borges<\/a>, seu amigo e parceiro no cl\u00e1ssico \u00e1lbum &#8220;Clube da Esquina&#8221; estaria completando 74 anos este s\u00e1bado. <\/p>\n<ul class=\"content-unordered-list\">\n<li><strong>&#8216;O agente secreto&#8217; no Globo de Ouro: <\/strong><a class=\"\" href=\"https:\/\/oglobo.globo.com\/cultura\/filmes\/noticia\/2026\/01\/10\/o-agente-secreto-no-globo-de-ouro-saiba-a-data-que-horas-comeca-e-onde-assistir-a-cerimonia.ghtml\" rel=\"nofollow noopener\" target=\"_blank\">Saiba a data, que horas come\u00e7a e onde assistir \u00e0 cerim\u00f4nia<\/a><\/li>\n<li><strong>Michael Jackson:<\/strong> <a class=\"\" href=\"https:\/\/oglobo.globo.com\/cultura\/musica\/noticia\/2026\/01\/10\/em-entrevista-amigo-proximo-de-michael-jackson-descreve-os-dias-finais-do-rei-do-pop.ghtml\" rel=\"nofollow noopener\" target=\"_blank\">Em entrevista, amigo pr\u00f3ximo descreve os dias finais do Rei do Pop<\/a><\/li>\n<\/ul>\n<p class=\" content-text__container \" data-track-category=\"Link no Texto\" data-track-links=\"\"> &#8220;Que falta enorme ele far\u00e1 eternamente! Que sua vida e obra sigam sempre vivas no cora\u00e7\u00e3o de tanta gente que o ama&#8221;, escreveu Milton, acrescentando a lembran\u00e7a de &#8220;Que bom, amigo&#8221;, m\u00fasica que ele comp\u00f4s para L\u00f4, e que &#8220;retrata essa irmandade e parceria&#8221; mantida por d\u00e9cadas. <\/p>\n<p class=\" content-text__container \" data-track-category=\"Link no Texto\" data-track-links=\"\"> L\u00f4 Borges <a class=\"\" href=\"https:\/\/oglobo.globo.com\/cultura\/noticia\/2025\/11\/03\/morre-lo-borges-icone-do-clube-da-esquina-e-um-dos-grandes-nomes-da-mpb-aos-73-anos.ghtml\" rel=\"nofollow noopener\" target=\"_blank\">morreu na noite do \u00faltimo dia 2 de novembro<\/a>. Ele estava internado no Hospital Unimed, em Belo Horizonte, desde 18 de outubro, para tratar um quadro de intoxica\u00e7\u00e3o medicamentosa. Depois de passar por traqueostomia, ele vinha respirando com aux\u00edlio de ventila\u00e7\u00e3o mec\u00e2nica. <\/p>\n<p class=\" content-text__container \" data-track-category=\"Link no Texto\" data-track-links=\"\"> Nascido na capital mineira em 1952, Salom\u00e3o Borges Filho construiu uma das trajet\u00f3rias mais marcantes da MPB. Ao lado de Milton Nascimento, Beto Guedes, Fernando Brant e do irm\u00e3o, M\u00e1rcio Borges, entre outros nomes, foi pe\u00e7a fundamental no Clube da Esquina, movimento que revolucionou a m\u00fasica brasileira nos anos 1970, unindo sonoridades latino-americanas ao rock, ao jazz e \u00e0 m\u00fasica folcl\u00f3rica. <\/p>\n<p class=\" content-text__container \" data-track-category=\"Link no Texto\" data-track-links=\"\"> Era L\u00f4 quem organizava, nos idos dos anos 1960, o encontro da molecada no cruzamento silencioso das ruas Divin\u00f3polis e Parais\u00f3polis, no tranquilo \u2014 e desde sempre bo\u00eamio \u2014 bairro de Santa Tereza, regi\u00e3o leste de BH. A turma que se reunia ali para jogar bola, bater papo e tocar viol\u00e3o inspirou a can\u00e7\u00e3o \u201cClube da Esquina\u201d, presente no quarto \u00e1lbum de Milton Nascimento, \u201cMilton\u201d (1970), e que acabou batizando tamb\u00e9m um discos mais celebrados no mundo: \u201cClube da Esquina\u201d, que Milton, artista j\u00e1 consagrado, insistiu em dividir com L\u00f4, um iniciante ent\u00e3o com apenas 20 anos de idade. <\/p>\n<p class=\" content-text__container \" data-track-category=\"Link no Texto\" data-track-links=\"\"> L\u00f4 Borges lan\u00e7ou seu primeiro disco solo em 1972: com 15 faixas, \u201cL\u00f4 Borges\u201d ficou conhecido como o \u201cdisco do t\u00eanis\u201d, pela foto de Cafi na capa. De l\u00e1 para c\u00e1, o m\u00fasico lan\u00e7ou outros 22 \u00e1lbuns, entre trabalhos de est\u00fadio e grava\u00e7\u00f5es ao vivo, como o que fez com <a class=\"\" href=\"https:\/\/oglobo.globo.com\/cultura\/noticia\/2024\/06\/27\/samuel-rosa-lanca-primeiro-album-solo-apos-3-decadas-com-o-skank-a-redea-esta-finalmente-na-minha-mao.ghtml\" rel=\"nofollow noopener\" target=\"_blank\">Samuel Rosa<\/a>, outro amigo e parceiro, em 2016. L\u00f4, Samuel e Nando Reis assinam juntos \u201cDois rios\u201d, grande hit do grupo Skank e sexta faixa de \u201cCosmotron\u201d, \u00e1lbum de 2001 da banda mineira. <\/p>\n<p class=\" content-text__container \" data-track-category=\"Link no Texto\" data-track-links=\"\"> Entre as composi\u00e7\u00f5es mais famosas de L\u00f4 Borges, destacam-se &#8220;Trem azul&#8221;, &#8220;Clube da Esquina N\u00b02&#8221;, &#8220;Um girassol da cor do seu cabelo&#8221;, \u201cVento de maio\u201d, \u201cA Via L\u00e1ctea\u201d, \u201cPaisagem da janela\u201d, \u201cEquatorial\u201d, \u201cSonho real\u201d, \u201cFeira moderna\u201d e \u201cQuem sabe isso quer dizer amor\u201d. <\/p>\n<p class=\" content-text__container \" data-track-category=\"Link no Texto\" data-track-links=\"\"> Em publica\u00e7\u00e3o no Instagram, Samuel Rosa tamb\u00e9m lembrou o anivers\u00e1rio do parceiro: &#8220;Saudades meu irm\u00e3o @loborgesoficial. Hoje eternamente seu dia.&#8221; <\/p>\n","protected":false},"excerpt":{"rendered":"Em publica\u00e7\u00e3o em suas redes sociais, Milton Nascimento lembrou que L\u00f4 Borges, seu amigo e parceiro no cl\u00e1ssico&hellip;\n","protected":false},"author":2,"featured_media":224265,"comment_status":"","ping_status":"","sticky":false,"template":"","format":"standard","meta":{"footnotes":""},"categories":[145],"tags":[1710,211,210,114,115,30813,6033,32,33],"class_list":{"0":"post-224264","1":"post","2":"type-post","3":"status-publish","4":"format-standard","5":"has-post-thumbnail","7":"category-celebridades","8":"tag-cantor","9":"tag-celebridades","10":"tag-celebrities","11":"tag-entertainment","12":"tag-entretenimento","13":"tag-lo-borges","14":"tag-milton-nascimento","15":"tag-portugal","16":"tag-pt"},"share_on_mastodon":{"url":"https:\/\/pubeurope.com\/@pt\/115873996014096234","error":""},"_links":{"self":[{"href":"https:\/\/www.europesays.com\/pt\/wp-json\/wp\/v2\/posts\/224264","targetHints":{"allow":["GET"]}}],"collection":[{"href":"https:\/\/www.europesays.com\/pt\/wp-json\/wp\/v2\/posts"}],"about":[{"href":"https:\/\/www.europesays.com\/pt\/wp-json\/wp\/v2\/types\/post"}],"author":[{"embeddable":true,"href":"https:\/\/www.europesays.com\/pt\/wp-json\/wp\/v2\/users\/2"}],"replies":[{"embeddable":true,"href":"https:\/\/www.europesays.com\/pt\/wp-json\/wp\/v2\/comments?post=224264"}],"version-history":[{"count":0,"href":"https:\/\/www.europesays.com\/pt\/wp-json\/wp\/v2\/posts\/224264\/revisions"}],"wp:featuredmedia":[{"embeddable":true,"href":"https:\/\/www.europesays.com\/pt\/wp-json\/wp\/v2\/media\/224265"}],"wp:attachment":[{"href":"https:\/\/www.europesays.com\/pt\/wp-json\/wp\/v2\/media?parent=224264"}],"wp:term":[{"taxonomy":"category","embeddable":true,"href":"https:\/\/www.europesays.com\/pt\/wp-json\/wp\/v2\/categories?post=224264"},{"taxonomy":"post_tag","embeddable":true,"href":"https:\/\/www.europesays.com\/pt\/wp-json\/wp\/v2\/tags?post=224264"}],"curies":[{"name":"wp","href":"https:\/\/api.w.org\/{rel}","templated":true}]}}