{"id":224266,"date":"2026-01-11T02:02:10","date_gmt":"2026-01-11T02:02:10","guid":{"rendered":"https:\/\/www.europesays.com\/pt\/224266\/"},"modified":"2026-01-11T02:02:10","modified_gmt":"2026-01-11T02:02:10","slug":"amor-a-prova-o-momento-em-que-cris-e-nico-se-veem-pela-primeira-vez-novelas","status":"publish","type":"post","link":"https:\/\/www.europesays.com\/pt\/224266\/","title":{"rendered":"Amor \u00e0 Prova: O momento em que Cris e Nico se veem pela primeira vez &#8211; Novelas"},"content":{"rendered":"<p>Em \u00abAmor \u00e0 Prova\u00bb, Tom\u00e1s e Alice est\u00e3o ansiosos para saber o resultado do teste de compatibilidade, mas Alice acha que devem esperar por Cris, para saberem o resultado todos juntos. Cris chega e David abre o envelope. Alice chora de emo\u00e7\u00e3o e agradece a Cris por tudo o que tem feito. Tom\u00e1s foca-se nas quest\u00f5es pr\u00e1ticas e relembra que Nico n\u00e3o deve conhecer Cris e muito menos saber que ele \u00e9 o seu pai biol\u00f3gico. Cris promete cumprir com a sua palavra. Tom\u00e1s e Alice v\u00eam do gabinete de David, com Cris atr\u00e1s deles, quando Nico aparece com Ana e chama pelos pais. Eles ficam em p\u00e2nico por Cris e Nico se cruzarem. Cris emociona-se assim que v\u00ea Nico e este pergunta a Cris quem ele \u00e9.<\/p>\n","protected":false},"excerpt":{"rendered":"Em \u00abAmor \u00e0 Prova\u00bb, Tom\u00e1s e Alice est\u00e3o ansiosos para saber o resultado do teste de compatibilidade, mas&hellip;\n","protected":false},"author":2,"featured_media":224267,"comment_status":"","ping_status":"","sticky":false,"template":"","format":"standard","meta":{"footnotes":""},"categories":[142],"tags":[17049,160,166,114,115,157,167,164,2931,161,158,165,159,32,33,156,163,151,162],"class_list":{"0":"post-224266","1":"post","2":"type-post","3":"status-publish","4":"format-standard","5":"has-post-thumbnail","7":"category-tv","8":"tag-amor-a-prova","9":"tag-ana-guiomar","10":"tag-cristina-ferreira","11":"tag-entertainment","12":"tag-entretenimento","13":"tag-festa-e-festa","14":"tag-ficcao","15":"tag-jose-fidalgo","16":"tag-novela","17":"tag-novelas","18":"tag-para-sempre","19":"tag-pedro-sousa","20":"tag-pedro-teixeira","21":"tag-portugal","22":"tag-pt","23":"tag-queridos-papas","24":"tag-tiago-teotonio-pereira","25":"tag-tv","26":"tag-tvi"},"share_on_mastodon":{"url":"https:\/\/pubeurope.com\/@pt\/115874007812191349","error":""},"_links":{"self":[{"href":"https:\/\/www.europesays.com\/pt\/wp-json\/wp\/v2\/posts\/224266","targetHints":{"allow":["GET"]}}],"collection":[{"href":"https:\/\/www.europesays.com\/pt\/wp-json\/wp\/v2\/posts"}],"about":[{"href":"https:\/\/www.europesays.com\/pt\/wp-json\/wp\/v2\/types\/post"}],"author":[{"embeddable":true,"href":"https:\/\/www.europesays.com\/pt\/wp-json\/wp\/v2\/users\/2"}],"replies":[{"embeddable":true,"href":"https:\/\/www.europesays.com\/pt\/wp-json\/wp\/v2\/comments?post=224266"}],"version-history":[{"count":0,"href":"https:\/\/www.europesays.com\/pt\/wp-json\/wp\/v2\/posts\/224266\/revisions"}],"wp:featuredmedia":[{"embeddable":true,"href":"https:\/\/www.europesays.com\/pt\/wp-json\/wp\/v2\/media\/224267"}],"wp:attachment":[{"href":"https:\/\/www.europesays.com\/pt\/wp-json\/wp\/v2\/media?parent=224266"}],"wp:term":[{"taxonomy":"category","embeddable":true,"href":"https:\/\/www.europesays.com\/pt\/wp-json\/wp\/v2\/categories?post=224266"},{"taxonomy":"post_tag","embeddable":true,"href":"https:\/\/www.europesays.com\/pt\/wp-json\/wp\/v2\/tags?post=224266"}],"curies":[{"name":"wp","href":"https:\/\/api.w.org\/{rel}","templated":true}]}}