{"id":224268,"date":"2026-01-11T02:05:22","date_gmt":"2026-01-11T02:05:22","guid":{"rendered":"https:\/\/www.europesays.com\/pt\/224268\/"},"modified":"2026-01-11T02:05:22","modified_gmt":"2026-01-11T02:05:22","slug":"atletico-madrid-recebe-a-primeira-proposta-por-thiago-almada","status":"publish","type":"post","link":"https:\/\/www.europesays.com\/pt\/224268\/","title":{"rendered":"Atl\u00e9tico Madrid recebe a primeira proposta por Thiago Almada"},"content":{"rendered":"<p>&#8211; Advertisement &#8211;<\/p>\n<p><strong>O Palmeiras de Abel Ferreira apresentou uma proposta de 20 milh\u00f5es de euros ao Atl\u00e9tico Madrid<strong> por 50% do passe de <\/strong>Thiago Almada.<\/strong><\/p>\n<p>O Atl\u00e9tico Madrid definiu, recentemente, que outros clubes ter\u00e3o que atingir o valor de 20 milh\u00f5es de euros para a contrata\u00e7\u00e3o de Thiago Almada. Segundo a TyC Sports, o <a href=\"https:\/\/bolanarede.pt\/etiqueta\/palmeiras\/\" target=\"_blank\" rel=\"noreferrer noopener nofollow\">Palmeiras<\/a> de Abel Ferreira apresentou uma proposta que vai de encontro esse valor.<\/p>\n<p><a href=\"https:\/\/bolanarede.pt\/etiqueta\/thiago-almada\/\" target=\"_blank\" rel=\"noreferrer noopener nofollow\">Thiago Almada<\/a> chegou este ver\u00e3o aos colchoneros a troco de 21 milh\u00f5es de euros por 50% do passe, ap\u00f3s um mercado agitado, preferindo o clube espanhol em detrimento de uma transfer\u00eancia para o Benfica. O internacional argentino n\u00e3o foi capaz de se afirmar na equipa de Diego Simeone e acumulou apenas dois golos e uma assist\u00eancia nos 16 jogos participados, em meia temporada.<\/p>\n<p>O Palmeiras j\u00e1 conta com o refor\u00e7o de <a href=\"https:\/\/bolanarede.pt\/especial-bola-na-rede\/atualidade\/marlon-freitas-troca-o-botafogo-pelo-palmeiras-de-abel-ferreira\/\" target=\"_blank\" rel=\"noreferrer noopener nofollow\">Marlon Freitas, antigo capit\u00e3o do Botafogo<\/a>, e procura mais refor\u00e7os para o ataque \u00e0 temporada de 2026 do futebol brasileiro.<\/p>\n","protected":false},"excerpt":{"rendered":"&#8211; Advertisement &#8211; O Palmeiras de Abel Ferreira apresentou uma proposta de 20 milh\u00f5es de euros ao Atl\u00e9tico&hellip;\n","protected":false},"author":2,"featured_media":224269,"comment_status":"","ping_status":"","sticky":false,"template":"","format":"standard","meta":{"footnotes":""},"categories":[87],"tags":[3171,260,1620,135,1621,32,33,134,43064],"class_list":{"0":"post-224268","1":"post","2":"type-post","3":"status-publish","4":"format-standard","5":"has-post-thumbnail","7":"category-desporto","8":"tag-atletico-madrid","9":"tag-atualidade","10":"tag-brasileirao","11":"tag-desporto","12":"tag-palmeiras","13":"tag-portugal","14":"tag-pt","15":"tag-sports","16":"tag-thiago-almada"},"share_on_mastodon":{"url":"https:\/\/pubeurope.com\/@pt\/115874019784820780","error":""},"_links":{"self":[{"href":"https:\/\/www.europesays.com\/pt\/wp-json\/wp\/v2\/posts\/224268","targetHints":{"allow":["GET"]}}],"collection":[{"href":"https:\/\/www.europesays.com\/pt\/wp-json\/wp\/v2\/posts"}],"about":[{"href":"https:\/\/www.europesays.com\/pt\/wp-json\/wp\/v2\/types\/post"}],"author":[{"embeddable":true,"href":"https:\/\/www.europesays.com\/pt\/wp-json\/wp\/v2\/users\/2"}],"replies":[{"embeddable":true,"href":"https:\/\/www.europesays.com\/pt\/wp-json\/wp\/v2\/comments?post=224268"}],"version-history":[{"count":0,"href":"https:\/\/www.europesays.com\/pt\/wp-json\/wp\/v2\/posts\/224268\/revisions"}],"wp:featuredmedia":[{"embeddable":true,"href":"https:\/\/www.europesays.com\/pt\/wp-json\/wp\/v2\/media\/224269"}],"wp:attachment":[{"href":"https:\/\/www.europesays.com\/pt\/wp-json\/wp\/v2\/media?parent=224268"}],"wp:term":[{"taxonomy":"category","embeddable":true,"href":"https:\/\/www.europesays.com\/pt\/wp-json\/wp\/v2\/categories?post=224268"},{"taxonomy":"post_tag","embeddable":true,"href":"https:\/\/www.europesays.com\/pt\/wp-json\/wp\/v2\/tags?post=224268"}],"curies":[{"name":"wp","href":"https:\/\/api.w.org\/{rel}","templated":true}]}}