{"id":224270,"date":"2026-01-11T02:06:28","date_gmt":"2026-01-11T02:06:28","guid":{"rendered":"https:\/\/www.europesays.com\/pt\/224270\/"},"modified":"2026-01-11T02:06:28","modified_gmt":"2026-01-11T02:06:28","slug":"cer-leblon-usa-realidade-virtual-para-tratar-pacientes-internados","status":"publish","type":"post","link":"https:\/\/www.europesays.com\/pt\/224270\/","title":{"rendered":"CER Leblon usa realidade virtual para tratar pacientes internados"},"content":{"rendered":"<p>            <a href=\"https:\/\/diariodorio.com\/wp-content\/uploads\/2026\/01\/image-58.png\" data-caption=\"Credito: Edu Kapps (SMS)\" rel=\"nofollow noopener\" target=\"_blank\"><img loading=\"lazy\" decoding=\"async\" width=\"696\" height=\"464\" class=\"entry-thumb td-modal-image perfmatters-lazy\" alt=\"\" title=\"CER Leblon - Realidade Virtual\" src=\"https:\/\/www.europesays.com\/pt\/wp-content\/uploads\/2026\/01\/image-58-696x464.png\"  data-\/><\/a>Credito: Edu Kapps (SMS)<\/p>\n<p>O <strong>CER Leblon (Coordena\u00e7\u00e3o de Emerg\u00eancia Regional)<\/strong>, na<strong> G\u00e1vea<\/strong>, oferece aos pacientes um tratamento com \u00f3culos de realidade virtual com tem\u00e1tica 360\u00ba. Refer\u00eancia cient\u00edfica mundial, a tecnologia est\u00e1 sendo usada na reabilita\u00e7\u00e3o f\u00edsica, preven\u00e7\u00e3o de del\u00edrios e humaniza\u00e7\u00e3o dos pacientes internados no <strong>Centro de Terapia Intensiva (CTI)<\/strong>.<\/p>\n<p>Mais de 60 pessoas j\u00e1 foram beneficiadas pelo equipamento, com base em protocolos cl\u00ednicos de hospitais universit\u00e1rios de pa\u00edses como <strong>Alemanha<\/strong>, <strong>Estados Unidos<\/strong>, <strong>Canad\u00e1 <\/strong>e<strong> Jap\u00e3o<\/strong>.\u00a0A ferramenta tem colaborado para tornar a experi\u00eancia do paciente mais amena e funcional, al\u00e9m de promover avan\u00e7o cl\u00ednico e contribuir para a desospitaliza\u00e7\u00e3o do doente.<\/p>\n<p>\u201cParecia que eu estava em casa e n\u00e3o aqui no hospital. Faz muito tempo que eu andei de bicicleta, n\u00e3o tenho mais a firmeza de antes. Me lembrou de um tempo atr\u00e1s de quando eu viajava para Curitiba, pegava o \u00f4nibus no Rio e passava por S\u00e3o Paulo at\u00e9 chegar no Sul. Me senti bem\u201d, contou o paciente <strong>Ant\u00f4nio Santiago Pereira<\/strong>, paraibano e morador de <strong>Jacarepagu\u00e1<\/strong>, que deu entrada no CER Leblon com quadro de doen\u00e7a pulmonar obstrutiva cr\u00f4nica (DPOC). \u00a0Acompanhado por uma equipe m\u00e9dica especializada, Ant\u00f4nio recuperou sua autonomia com a ajuda dos \u00f3culos e recebeu alta hospitalar.<\/p>\n<p>Os \u00f3culos de realidade virtual s\u00e3o usados na rotina hospitalar em v\u00e1rias frentes, desde exerc\u00edcios f\u00edsicos para equil\u00edbrio, at\u00e9 simula\u00e7\u00f5es cognitivas para orienta\u00e7\u00e3o espa\u00e7o-temporal. Ap\u00f3s testagem e autoriza\u00e7\u00e3o de uso, a ferramenta passou a integrar o projeto <strong>Redu\u00e7\u00e3o de Del\u00edrio<\/strong>, voltado para pacientes que apresentam sinais cl\u00ednicos de desorienta\u00e7\u00e3o ou confus\u00e3o.<\/p>\n<p>Segundo o diretor do CER Leblon, <strong>Berguer Guimar\u00e3es<\/strong>, h\u00e1 evid\u00eancias de que a realidade virtual pode reduzir a incid\u00eancia e dura\u00e7\u00e3o do del\u00edrio hospitalar, sobretudo no setor de terapia intensiva:<\/p>\n<p>\u201cDo ponto de vista cient\u00edfico, estudos demonstram que a realidade virtual melhora o engajamento dos pacientes, favorece a neuroplasticidade e acelera a recupera\u00e7\u00e3o funcional. A utiliza\u00e7\u00e3o de realidade virtual ativa \u00e1reas motoras e sensoriais do c\u00e9rebro de maneira mais intensa do que exerc\u00edcios convencionais, al\u00e9m de promover maior ades\u00e3o \u00e0s terapias. Essa ferramenta usada na reabilita\u00e7\u00e3o f\u00edsica contribui para o treinamento de equil\u00edbrio, melhora da performance motora e da fun\u00e7\u00e3o cardiovascular, especialmente em pacientes idosos ou em reabilita\u00e7\u00e3o p\u00f3s-operat\u00f3ria\u201d, explicou o m\u00e9dico.<\/p>\n<p>Para participar do tratamento, o paciente \u00e9 avaliado pela equipe de fisioterapia e m\u00e9dica que, com base no seu perfil e no seu estado de sa\u00fade, recomenda ou n\u00e3o a inclus\u00e3o dos \u00f3culos do tratamento. Est\u00e1 apto para o procedimento, o paciente acordado, em alerta e cooperativo, livre de isolamento respirat\u00f3rio e capaz de sentar-se \u00e0 beira do leito, com controle de tronco. Ir ao parque de divers\u00e3o, praticar esportes, viajar, entre outras op\u00e7\u00f5es, s\u00e3o algumas das tem\u00e1ticas aplicadas pelos profissionais de sa\u00fade.<\/p>\n<p>Convivendo desde nascen\u00e7a com sopro no cora\u00e7\u00e3o, o paciente <strong>Cl\u00e9bio da Silva<\/strong>, que teve piora no quadro e ficou internado na unidade, usou o equipamento pela primeira vez:<\/p>\n<p>\u201cFaz um tempo que eu n\u00e3o vejo o c\u00e9u, o sol e a rua. Eu coloquei os \u00f3culos e vi algumas montanhas, riachos e at\u00e9 tartarugas. Eu olhei para cima e fiquei admirando o c\u00e9u. Tudo isso me lembrou da minha vida fora daqui, da minha rotina. Voc\u00ea fica tranquilo e maravilhado, te ajuda bastante a se acalmar\u201d, disse Cl\u00e9bio, posteriormente transferido para realizar a cirurgia de troca da v\u00e1lvula card\u00edaca doente por uma pr\u00f3tese em unidade especializada em cardiologia.<\/p>\n<p>O CER Leblon tem apostado na sa\u00fade 4.0 e quer inspirar novos protocolos tecnol\u00f3gicos na rede municipal. Na unidade est\u00e3o presentes televis\u00f5es com informativos em tempo real; tablets que fazem videochamadas entre pacientes internados e familiares; e a intelig\u00eancia artificial <strong>R.A.F.A<\/strong>, com sons e imagens que replicam o que o paciente quer expressar \u00e0 equipe multidisciplinar. <\/p>\n<p>Assim como o CER Leblon, o <strong>Hospital Municipal Miguel Couto<\/strong>, seu vizinho, tamb\u00e9m j\u00e1 come\u00e7ou a testar os \u00f3culos de realidade virtual.<\/p>\n<p>\t\t\t\t\t\t\tReceba not\u00edcias no WhatsApp e e-mail<br \/>\n<br \/>\n<a href=\"https:\/\/chat.whatsapp.com\/JUC64aDMXmg60PPcoJTUpT\" target=\"blank\" class=\"tdm-inline-image-wrap\" rel=\"noopener nofollow\"><img loading=\"lazy\" decoding=\"async\" class=\"tdm-image td-fix-index td-lazy-img td-animation-stack-type0-2 perfmatters-lazy\" data-type=\"image_tag\" data-img-url=\"https:\/\/www.europesays.com\/pt\/wp-content\/uploads\/2025\/07\/diario-do-rio-whatsapp-200px.png\" title=\"Grupo Whatsapp\" width=\"150\" height=\"31\" style=\"width: 150px; display: inline-block;\" src=\"https:\/\/www.europesays.com\/pt\/wp-content\/uploads\/2025\/07\/diario-do-rio-whatsapp-200px.png\"\/><\/a><a href=\"https:\/\/lp.diariodorio.com\/l\/c4N05cABF1117\" target=\"blank\" class=\"tdm-inline-image-wrap\" rel=\"nofollow noopener\"><img loading=\"lazy\" decoding=\"async\" class=\"tdm-image td-fix-index td-lazy-img td-animation-stack-type0-2 perfmatters-lazy\" data-type=\"image_tag\" data-img-url=\"https:\/\/www.europesays.com\/pt\/wp-content\/uploads\/2025\/07\/ddr-newsletter-200px.png\" title=\"Newsletter\" width=\"150\" height=\"31\" style=\"width: 150px; display: inline-block;\" src=\"https:\/\/www.europesays.com\/pt\/wp-content\/uploads\/2025\/07\/ddr-newsletter-200px.png\"\/><\/a><\/p>\n","protected":false},"excerpt":{"rendered":"Credito: Edu Kapps (SMS) O CER Leblon (Coordena\u00e7\u00e3o de Emerg\u00eancia Regional), na G\u00e1vea, oferece aos pacientes um tratamento&hellip;\n","protected":false},"author":2,"featured_media":224271,"comment_status":"","ping_status":"","sticky":false,"template":"","format":"standard","meta":{"footnotes":""},"categories":[86],"tags":[116,32,33,117],"class_list":{"0":"post-224270","1":"post","2":"type-post","3":"status-publish","4":"format-standard","5":"has-post-thumbnail","7":"category-saude","8":"tag-health","9":"tag-portugal","10":"tag-pt","11":"tag-saude"},"share_on_mastodon":{"url":"https:\/\/pubeurope.com\/@pt\/115874023565491656","error":""},"_links":{"self":[{"href":"https:\/\/www.europesays.com\/pt\/wp-json\/wp\/v2\/posts\/224270","targetHints":{"allow":["GET"]}}],"collection":[{"href":"https:\/\/www.europesays.com\/pt\/wp-json\/wp\/v2\/posts"}],"about":[{"href":"https:\/\/www.europesays.com\/pt\/wp-json\/wp\/v2\/types\/post"}],"author":[{"embeddable":true,"href":"https:\/\/www.europesays.com\/pt\/wp-json\/wp\/v2\/users\/2"}],"replies":[{"embeddable":true,"href":"https:\/\/www.europesays.com\/pt\/wp-json\/wp\/v2\/comments?post=224270"}],"version-history":[{"count":0,"href":"https:\/\/www.europesays.com\/pt\/wp-json\/wp\/v2\/posts\/224270\/revisions"}],"wp:featuredmedia":[{"embeddable":true,"href":"https:\/\/www.europesays.com\/pt\/wp-json\/wp\/v2\/media\/224271"}],"wp:attachment":[{"href":"https:\/\/www.europesays.com\/pt\/wp-json\/wp\/v2\/media?parent=224270"}],"wp:term":[{"taxonomy":"category","embeddable":true,"href":"https:\/\/www.europesays.com\/pt\/wp-json\/wp\/v2\/categories?post=224270"},{"taxonomy":"post_tag","embeddable":true,"href":"https:\/\/www.europesays.com\/pt\/wp-json\/wp\/v2\/tags?post=224270"}],"curies":[{"name":"wp","href":"https:\/\/api.w.org\/{rel}","templated":true}]}}