{"id":224272,"date":"2026-01-11T02:09:25","date_gmt":"2026-01-11T02:09:25","guid":{"rendered":"https:\/\/www.europesays.com\/pt\/224272\/"},"modified":"2026-01-11T02:09:25","modified_gmt":"2026-01-11T02:09:25","slug":"japao-revoluciona-energia-solar-com-paineis-esfericos-que-aumentam-producao-em-70","status":"publish","type":"post","link":"https:\/\/www.europesays.com\/pt\/224272\/","title":{"rendered":"Jap\u00e3o revoluciona energia solar com pain\u00e9is esf\u00e9ricos que aumentam produ\u00e7\u00e3o em 70%"},"content":{"rendered":"<p>A energia solar consolidou-se como uma das fontes renov\u00e1veis mais importantes e promissoras, especialmente em pa\u00edses com elevada incid\u00eancia de luz solar. No entanto, apesar dos avan\u00e7os tecnol\u00f3gicos, os pain\u00e9is solares tradicionais, sempre planos, n\u00e3o conseguem captar toda a energia dispon\u00edvel, representando uma limita\u00e7\u00e3o hist\u00f3rica na efici\u00eancia da produ\u00e7\u00e3o el\u00e9trica a partir do sol.<\/p>\n<p>De acordo com o El Economista, a empresa japonesa Kyosemi Sphelar conseguiu desenvolver pain\u00e9is solares esf\u00e9ricos, capazes de captar a luz solar proveniente de m\u00faltiplas dire\u00e7\u00f5es e aumentar significativamente a produ\u00e7\u00e3o de eletricidade em compara\u00e7\u00e3o com os pain\u00e9is planos convencionais.<\/p>\n<p>O conceito de painel solar remonta a 1883, quando Charles Fritts criou o primeiro dispositivo capaz de converter luz em eletricidade. Este painel era r\u00edgido e plano, adequado apenas para captar luz de uma dire\u00e7\u00e3o fixa. Desde ent\u00e3o, diversas tentativas de desenvolver pain\u00e9is n\u00e3o planos foram realizadas, mas sempre consideradas tecnologicamente imposs\u00edveis at\u00e9 ao recente avan\u00e7o japon\u00eas.<\/p>\n<p>A inova\u00e7\u00e3o da Kyosemi Sphelar baseia-se na forma esf\u00e9rica, permitindo que os pain\u00e9is aproveitem a luz solar que incide de quase todos os \u00e2ngulos, aumentando a efici\u00eancia energ\u00e9tica sem depender da orienta\u00e7\u00e3o do painel.<\/p>\n<p>Segundo a empresa japonesa, os pain\u00e9is esf\u00e9ricos conseguem gerar 70% mais eletricidade do que os pain\u00e9is planos equivalentes, ocupando 75% menos espa\u00e7o, gra\u00e7as a um efeito de concentra\u00e7\u00e3o \u00f3ptica. Este avan\u00e7o representa um marco promissor para projetos de energia solar, sobretudo em \u00e1reas urbanas onde o espa\u00e7o \u00e9 limitado.<\/p>\n<p>A Kyosemi j\u00e1 iniciou a distribui\u00e7\u00e3o de pain\u00e9is de amostra para a ind\u00fastria, ainda que a maioria dos projetos se encontre numa fase inicial de implementa\u00e7\u00e3o.<\/p>\n<p>Apesar do potencial elevado, os pain\u00e9is esf\u00e9ricos apresentam complica\u00e7\u00f5es t\u00e9cnicas significativas, como:<\/p>\n<ul>\n<li>Integra\u00e7\u00e3o arquitet\u00f3nica: diferentemente dos pain\u00e9is planos, os esf\u00e9ricos n\u00e3o se adaptam facilmente a telhados ou janelas, exigindo novos conceitos de instala\u00e7\u00e3o.<\/li>\n<li>Complexidade mec\u00e2nica: a produ\u00e7\u00e3o destes pain\u00e9is \u00e9 mais dif\u00edcil, elevando os custos de fabrica\u00e7\u00e3o em compara\u00e7\u00e3o com os sistemas tradicionais.<\/li>\n<\/ul>\n<p>A Kyosemi encara estes desafios como parte do caminho para a pr\u00f3xima gera\u00e7\u00e3o de energia solar, abrindo a possibilidade de maior efici\u00eancia e menor ocupa\u00e7\u00e3o de espa\u00e7o em projetos solares futuros.<\/p>\n","protected":false},"excerpt":{"rendered":"A energia solar consolidou-se como uma das fontes renov\u00e1veis mais importantes e promissoras, especialmente em pa\u00edses com elevada&hellip;\n","protected":false},"author":2,"featured_media":224273,"comment_status":"","ping_status":"","sticky":false,"template":"","format":"standard","meta":{"footnotes":""},"categories":[83],"tags":[88,89,90,32,33],"class_list":{"0":"post-224272","1":"post","2":"type-post","3":"status-publish","4":"format-standard","5":"has-post-thumbnail","7":"category-empresas","8":"tag-business","9":"tag-economy","10":"tag-empresas","11":"tag-portugal","12":"tag-pt"},"share_on_mastodon":{"url":"https:\/\/pubeurope.com\/@pt\/115874035351793147","error":""},"_links":{"self":[{"href":"https:\/\/www.europesays.com\/pt\/wp-json\/wp\/v2\/posts\/224272","targetHints":{"allow":["GET"]}}],"collection":[{"href":"https:\/\/www.europesays.com\/pt\/wp-json\/wp\/v2\/posts"}],"about":[{"href":"https:\/\/www.europesays.com\/pt\/wp-json\/wp\/v2\/types\/post"}],"author":[{"embeddable":true,"href":"https:\/\/www.europesays.com\/pt\/wp-json\/wp\/v2\/users\/2"}],"replies":[{"embeddable":true,"href":"https:\/\/www.europesays.com\/pt\/wp-json\/wp\/v2\/comments?post=224272"}],"version-history":[{"count":0,"href":"https:\/\/www.europesays.com\/pt\/wp-json\/wp\/v2\/posts\/224272\/revisions"}],"wp:featuredmedia":[{"embeddable":true,"href":"https:\/\/www.europesays.com\/pt\/wp-json\/wp\/v2\/media\/224273"}],"wp:attachment":[{"href":"https:\/\/www.europesays.com\/pt\/wp-json\/wp\/v2\/media?parent=224272"}],"wp:term":[{"taxonomy":"category","embeddable":true,"href":"https:\/\/www.europesays.com\/pt\/wp-json\/wp\/v2\/categories?post=224272"},{"taxonomy":"post_tag","embeddable":true,"href":"https:\/\/www.europesays.com\/pt\/wp-json\/wp\/v2\/tags?post=224272"}],"curies":[{"name":"wp","href":"https:\/\/api.w.org\/{rel}","templated":true}]}}