{"id":224298,"date":"2026-01-11T02:42:08","date_gmt":"2026-01-11T02:42:08","guid":{"rendered":"https:\/\/www.europesays.com\/pt\/224298\/"},"modified":"2026-01-11T02:42:08","modified_gmt":"2026-01-11T02:42:08","slug":"papa-aos-jovens-uma-vida-de-links-sem-relacao-ou-de-curtidas-sem-afeto-nos-decepciona","status":"publish","type":"post","link":"https:\/\/www.europesays.com\/pt\/224298\/","title":{"rendered":"Papa aos jovens: \u201cUma vida de links sem rela\u00e7\u00e3o ou de curtidas sem afeto nos decepciona\u201d"},"content":{"rendered":"<p>Em um tempo marcado pela conectividade e v\u00ednculos fr\u00e1geis, o Papa Le\u00e3o XIV dirigiu aos jovens de Roma um convite profundamente atual: n\u00e3o se contentarem com rela\u00e7\u00f5es superficiais, mas buscarem a verdade, o bem e a comunh\u00e3o que nascem do encontro com Deus e com o pr\u00f3ximo.&#13;\n<\/p>\n<p><b>Thulio Fonseca &#8211; Vatican News<\/b><\/p>\n<p>Ao chegar \u00e0 Sala Paulo VI, o Papa Le\u00e3o XIV foi recebido com entusiasmo pelos jovens da diocese de Roma, que o saudaram calorosamente e lhe ofereceram um emocionante abra\u00e7o. Comovido pela acolhida, o Pont\u00edfice iniciou seu discurso de forma espont\u00e2nea: \u201cEstou muito contente por estar com voc\u00eas, por ter esta oportunidade de partilhar um pouco tantas quest\u00f5es da vida\u201d, disse, estabelecendo desde o in\u00edcio um clima de proximidade e escuta com a juventude de sua diocese. O encontro, realizado neste s\u00e1bado, 10 de janeiro, poucos dias ap\u00f3s o encerramento do Jubileu, reuniu milhares de jovens \u2014 acompanhados por sacerdotes, religiosos e educadores \u2014 dentro e fora da Sala Paulo VI. Le\u00e3o XIV ouviu suas inquieta\u00e7\u00f5es, reconheceu suas feridas e indicou caminhos concretos para uma vida verdadeiramente humana e crist\u00e3, recordando a intensidade espiritual vivida durante o Ano Santo e destacando que essa experi\u00eancia n\u00e3o deve permanecer apenas como mem\u00f3ria, mas transformar-se em compromisso: ser n\u00e3o apenas peregrinos da esperan\u00e7a, mas testemunhas vivas dessa esperan\u00e7a no cotidiano.<\/p>\n<p>Compartilhando uma experi\u00eancia pessoal, Le\u00e3o XIV contou ter recebido, pouco antes do encontro, uma mensagem de sua sobrinha, tamb\u00e9m jovem, que lhe perguntava como conseguia enfrentar tantos problemas do mundo e se n\u00e3o se sentia sozinho. A resposta, afirmou o Papa, estava diante dele: \u201cEm grande parte, s\u00e3o voc\u00eas. Porque n\u00e3o estamos sozinhos\u201d. O Pont\u00edfice recordou ainda, com dor, a morte dos quarenta jovens de Crans-Montana, convidando \u00e0 mem\u00f3ria e \u00e0 compaix\u00e3o: a vida \u00e9 preciosa e n\u00e3o se pode esquecer quem sofre. Por isso, sublinhou a import\u00e2ncia da ora\u00e7\u00e3o e da unidade, para que todos permane\u00e7am \u201csempre unidos, como amigos, como irm\u00e3os\u201d.<\/p>\n<p>    <img decoding=\"async\" src=\"data:image\/gif;base64,R0lGODlhAQABAIAAAAAAAP\/\/\/yH5BAEAAAAALAAAAAABAAEAAAIBRAA7\" data-original=\"https:\/\/www.vaticannews.va\/content\/dam\/vaticannews\/agenzie\/images\/srv\/2026\/01\/10\/2026-01-10-giovani-della-diocesi-di-roma\/1768064800265.JPG\/_jcr_content\/renditions\/cq5dam.thumbnail.cropped.750.422.jpeg\" alt=\"Papa Le\u00e3o XIV com os jovens\" title=\"Papa Le\u00e3o XIV com os jovens\"\/><\/p>\n<p>\n   Papa Le\u00e3o XIV com os jovens \u00a0 (@VATICAN MEDIA)\n  <\/p>\n<p>A solid\u00e3o escondida no mundo virtual <\/p>\n<p>O Papa n\u00e3o ignorou o mal-estar que atravessa a vida de muitos jovens, marcado por solid\u00e3o, desorienta\u00e7\u00e3o e t\u00e9dio, mesmo em meio a tantas pessoas e est\u00edmulos. \u201cQuando esse cinzento emba\u00e7a as cores da vida, vemos que \u00e9 poss\u00edvel estar isolado at\u00e9 mesmo no meio de muitas pessoas\u201d, afirmou. Segundo Le\u00e3o XIV, a solid\u00e3o mostra seu rosto mais duro quando \u201cn\u00e3o se \u00e9 ouvido, porque se est\u00e1 imerso no barulho das opini\u00f5es\u201d e quando \u201cn\u00e3o se olha para nada, porque se est\u00e1 ofuscado por imagens fragment\u00e1rias\u201d. Nesse contexto, foi incisivo ao denunciar a ilus\u00e3o das rela\u00e7\u00f5es virtuais esvaziadas de afeto:<\/p>\n<blockquote>\n<p>\u201cUma vida de links sem rela\u00e7\u00e3o ou de curtidas sem afeto nos decepciona, porque fomos feitos para a verdade: quando ela falta, sofremos. Fomos feitos para o bem, mas as m\u00e1scaras do prazer descart\u00e1vel traem o nosso desejo.\u201d<\/p>\n<\/blockquote>\n<p>Somos imagem de Deus <\/p>\n<p>O Bispo de Roma lembrou que, embora a natureza ofere\u00e7a alimento, \u00e1gua e ar em abund\u00e2ncia, isso n\u00e3o basta para saciar o cora\u00e7\u00e3o humano. \u201cA disponibilidade da natureza n\u00e3o nos basta, porque n\u00f3s n\u00e3o somos apenas aquilo que comemos, bebemos e respiramos\u201d, afirmou. A raz\u00e3o, explicou, est\u00e1 no fato de que o ser humano \u00e9 uma criatura \u00fanica: \u201ctrazemos em n\u00f3s a imagem de Deus, que \u00e9 rela\u00e7\u00e3o de vida, de amor e de salva\u00e7\u00e3o\u201d.<\/p>\n<p>Por isso, ao falar novamente da solid\u00e3o, o Papa dirigiu uma palavra direta e consoladora aos jovens: \u201cQuando voc\u00ea se sentir sozinho, ent\u00e3o lembre-se de que Deus nunca o abandona\u201d. Essa certeza, disse, torna-se for\u00e7a para dar o primeiro passo em dire\u00e7\u00e3o ao outro, rompendo o fechamento em si mesmo. \u201cCada um permanece s\u00f3 quando olha apenas para si mesmo\u201d, advertiu, enquanto \u201caproximar-se do pr\u00f3ximo faz de voc\u00ea imagem daquilo que Deus \u00e9 para voc\u00ea\u201d.<\/p>\n<p>    <img decoding=\"async\" src=\"data:image\/gif;base64,R0lGODlhAQABAIAAAAAAAP\/\/\/yH5BAEAAAAALAAAAAABAAEAAAIBRAA7\" data-original=\"https:\/\/www.vaticannews.va\/content\/dam\/vaticannews\/agenzie\/images\/srv\/2026\/01\/10\/2026-01-10-giovani-della-diocesi-di-roma\/1768063632642.JPG\/_jcr_content\/renditions\/cq5dam.thumbnail.cropped.750.422.jpeg\" alt=\"Juventude da Diocese de Roma na Sala Paulo VI\" title=\"Juventude da Diocese de Roma na Sala Paulo VI\"\/><\/p>\n<p>\n   Juventude da Diocese de Roma na Sala Paulo VI \u00a0 (@Vatican Media)\n  <\/p>\n<p>A luz que n\u00e3o se apaga <\/p>\n<p>Recorrendo \u00e0 poesia, Le\u00e3o XIV evocou os versos de Salvatore Quasimodo para falar da solid\u00e3o humana, mas reinterpretou essa imagem \u00e0 luz da f\u00e9. O \u201craio\u201d que atravessa o cora\u00e7\u00e3o, explicou, n\u00e3o \u00e9 uma luz passageira: \u201cn\u00e3o \u00e9 uma luz intermitente, que nasce para depois se p\u00f4r, mas o Sol da justi\u00e7a, que \u00e9 Cristo\u201d. E acrescentou: \u201cEle aquece o nosso cora\u00e7\u00e3o e o inflama com o seu amor\u201d.<\/p>\n<p>Desse encontro com Jesus, afirmou o Papa, nasce a for\u00e7a para mudar a pr\u00f3pria vida e transformar a sociedade. \u201cA luz do Evangelho ilumina as nossas rela\u00e7\u00f5es\u201d, expandindo-se por meio de palavras e gestos cotidianos, at\u00e9 tornar \u201cum mundo cinzento e an\u00f4nimo um lugar acolhedor, \u00e0 medida do ser humano, justamente porque \u00e9 habitado por Deus\u201d.<\/p>\n<p>Dar testemunho sem buscar aplausos <\/p>\n<p>O Santo Padre expressou alegria pelas experi\u00eancias aut\u00eanticas vividas pelos jovens nas par\u00f3quias, nos orat\u00f3rios e nas associa\u00e7\u00f5es, mas os advertiu a n\u00e3o esperarem reconhecimento f\u00e1cil. \u201cN\u00e3o esperem que o mundo os acolha de bra\u00e7os abertos\u201d, afirmou, lembrando que \u201ca publicidade, que precisa vender algo para consumir, tem mais audi\u00eancia do que o testemunho, que quer construir amizades sinceras\u201d. Por isso, exortou-os: \u201cAjam com alegria e perseveran\u00e7a, sabendo que, para mudar a sociedade, \u00e9 preciso antes de tudo mudar a n\u00f3s mesmos\u201d. Em seguida, o Papa explicou que a palavra \u201csanta\u201d tem a mesma raiz da palavra \u201cs\u00e3\u201d e que, se realmente quisermos ser santos, \u00e9 preciso come\u00e7ar com uma vida s\u00e3 e nos ajudar mutuamente a evitar aquelas situa\u00e7\u00f5es que, infelizmente, marcam a vida de tantos jovens, como as depend\u00eancias:<\/p>\n<blockquote>\n<p>\u201cSomos testemunhas, e os verdadeiros amigos s\u00e3o aqueles que acompanham e podem realmente oferecer uma vida s\u00e3, porque todos somos santos. E isso tamb\u00e9m depende de voc\u00eas. N\u00e3o tenham medo de assumir essa responsabilidade. Quem vive de verdade \u00e9 quem vive com Deus, autor e salvador da vida. \u00c9 assim que todos podemos ser santos nesta vida!\u201d<\/p>\n<\/blockquote>\n<p>    <img decoding=\"async\" src=\"data:image\/gif;base64,R0lGODlhAQABAIAAAAAAAP\/\/\/yH5BAEAAAAALAAAAAABAAEAAAIBRAA7\" data-original=\"https:\/\/www.vaticannews.va\/content\/dam\/vaticannews\/agenzie\/images\/srv\/2026\/01\/10\/2026-01-10-giovani-della-diocesi-di-roma\/1768063000260.JPG\/_jcr_content\/renditions\/cq5dam.thumbnail.cropped.750.422.jpeg\" alt=\"Le\u00e3o XIV tamb\u00e9m saudou os jovens que acompanharam o encontro na Pra\u00e7a S\u00e3o Pedro\" title=\"Le\u00e3o XIV tamb\u00e9m saudou os jovens que acompanharam o encontro na Pra\u00e7a S\u00e3o Pedro\"\/><\/p>\n<p>\n   Le\u00e3o XIV tamb\u00e9m saudou os jovens que acompanharam o encontro na Pra\u00e7a S\u00e3o Pedro \u00a0 (@Vatican Media)\n  <\/p>\n<p>A ora\u00e7\u00e3o rompe as correntes <\/p>\n<p>Respondendo ao desejo dos jovens de saber o que fazer de concreto para romper as \u201ccorrentes\u201d que aprisionam, Le\u00e3o XIV foi claro: \u201cAntes de tudo, rezar\u201d. Definindo a ora\u00e7\u00e3o como um gesto profundamente real e transformador: \u201cEste \u00e9 o ato mais concreto que o crist\u00e3o realiza para o bem de quem est\u00e1 ao seu lado, de si mesmo e do mundo inteiro\u201d.<\/p>\n<p>A ora\u00e7\u00e3o, explicou, \u201c\u00e9 um ato de liberdade, que rompe as correntes do t\u00e9dio, do orgulho e da indiferen\u00e7a\u201d. \u00c9 Deus quem acende o fogo de um cora\u00e7\u00e3o ardente, especialmente quando o crist\u00e3o O encontra na Eucaristia, no Evangelho e nos Salmos, tornando-se capaz de ser \u201cluz do mundo e sal da terra\u201d.<\/p>\n<p>O verdadeiro bem como dom <\/p>\n<p>Ao concluir, o Papa convidou os jovens a olharem para os santos como testemunhas de verdadeira liberdade:<\/p>\n<p>\u201cN\u00e3o se trata de realizar esfor\u00e7os sobre-humanos, nem tampouco de fazer de vez em quando alguma obra de caridade: trata-se de viver como homens e mulheres que t\u00eam Cristo no cora\u00e7\u00e3o, O escutam como Mestre e O seguem como Pastor. Olhemos para os santos: como s\u00e3o livres! Juntamente com eles, sigamos adiante no caminho, sabendo que o verdadeiro melhor da vida n\u00e3o pode ser comprado com dinheiro nem conquistado com armas, mas pode ser doado, simplesmente, porque Deus doa a todos com amor.\u201d<\/p>\n","protected":false},"excerpt":{"rendered":"Em um tempo marcado pela conectividade e v\u00ednculos fr\u00e1geis, o Papa Le\u00e3o XIV dirigiu aos jovens de Roma&hellip;\n","protected":false},"author":2,"featured_media":224299,"comment_status":"","ping_status":"","sticky":false,"template":"","format":"standard","meta":{"footnotes":""},"categories":[8],"tags":[27,28,3178,15,16,14,549,3176,3992,25,26,21,22,12,13,19,20,6666,811,806,32,23,24,33,2864,17,18,29,30,31],"class_list":{"0":"post-224298","1":"post","2":"type-post","3":"status-publish","4":"format-standard","5":"has-post-thumbnail","7":"category-principais-noticias","8":"tag-breaking-news","9":"tag-breakingnews","10":"tag-esperanca","11":"tag-featured-news","12":"tag-featurednews","13":"tag-headlines","14":"tag-internet","15":"tag-jovens","16":"tag-jubileu","17":"tag-latest-news","18":"tag-latestnews","19":"tag-main-news","20":"tag-mainnews","21":"tag-news","22":"tag-noticias","23":"tag-noticias-principais","24":"tag-noticiasprincipais","25":"tag-oracao","26":"tag-papa-leao-xiv","27":"tag-paz","28":"tag-portugal","29":"tag-principais-noticias","30":"tag-principaisnoticias","31":"tag-pt","32":"tag-roma","33":"tag-top-stories","34":"tag-topstories","35":"tag-ultimas","36":"tag-ultimas-noticias","37":"tag-ultimasnoticias"},"share_on_mastodon":{"url":"https:\/\/pubeurope.com\/@pt\/115874165576958053","error":""},"_links":{"self":[{"href":"https:\/\/www.europesays.com\/pt\/wp-json\/wp\/v2\/posts\/224298","targetHints":{"allow":["GET"]}}],"collection":[{"href":"https:\/\/www.europesays.com\/pt\/wp-json\/wp\/v2\/posts"}],"about":[{"href":"https:\/\/www.europesays.com\/pt\/wp-json\/wp\/v2\/types\/post"}],"author":[{"embeddable":true,"href":"https:\/\/www.europesays.com\/pt\/wp-json\/wp\/v2\/users\/2"}],"replies":[{"embeddable":true,"href":"https:\/\/www.europesays.com\/pt\/wp-json\/wp\/v2\/comments?post=224298"}],"version-history":[{"count":0,"href":"https:\/\/www.europesays.com\/pt\/wp-json\/wp\/v2\/posts\/224298\/revisions"}],"wp:featuredmedia":[{"embeddable":true,"href":"https:\/\/www.europesays.com\/pt\/wp-json\/wp\/v2\/media\/224299"}],"wp:attachment":[{"href":"https:\/\/www.europesays.com\/pt\/wp-json\/wp\/v2\/media?parent=224298"}],"wp:term":[{"taxonomy":"category","embeddable":true,"href":"https:\/\/www.europesays.com\/pt\/wp-json\/wp\/v2\/categories?post=224298"},{"taxonomy":"post_tag","embeddable":true,"href":"https:\/\/www.europesays.com\/pt\/wp-json\/wp\/v2\/tags?post=224298"}],"curies":[{"name":"wp","href":"https:\/\/api.w.org\/{rel}","templated":true}]}}