{"id":224304,"date":"2026-01-11T02:49:09","date_gmt":"2026-01-11T02:49:09","guid":{"rendered":"https:\/\/www.europesays.com\/pt\/224304\/"},"modified":"2026-01-11T02:49:09","modified_gmt":"2026-01-11T02:49:09","slug":"nao-tenho-duvidas-que-tem-um-potencial-muito-grande","status":"publish","type":"post","link":"https:\/\/www.europesays.com\/pt\/224304\/","title":{"rendered":"\u00abN\u00e3o tenho d\u00favidas que tem um potencial muito grande\u00bb"},"content":{"rendered":"<p>&#8211; Advertisement &#8211;<\/p>\n<p><strong>Pep\u00ea est\u00e1 a ser um dos destaques da \u00e9poca do FC Porto. Extremo brasileiro deu entrevista e falou da atualidade azul e branca.<\/strong><\/p>\n<p>Pep\u00ea foi entrevistado pelo Jornal de Not\u00edcias \u00e0 margem do est\u00e1gio que o FC Porto realizou no Algarve. O extremo brasileiro elogiou Oskar Pietuszewski, <a href=\"https:\/\/bolanarede.pt\/especial-bola-na-rede\/atualidade\/fc-porto-oficializa-oskar-pietuszewski-e-detalha-pormenores-do-negocio\/\" target=\"_blank\" rel=\"noreferrer noopener nofollow\">refor\u00e7o de janeiro dos drag\u00f5es. <\/a><\/p>\n<p>\u00abVemos que \u00e9 um mi\u00fado muito alegre, espont\u00e2neo. N\u00e3o tenho d\u00favidas que tem um potencial muito grande, vai evoluir muito e ser\u00e1, em breve, mais um para nos ajudar\u00bb, elogiou Pep\u00ea. <\/p>\n<p>Pep\u00ea foi um dos jogadores que mais melhorou o desempenho na nova temporada e, em 2025\/26, soma tr\u00eas golos e cinco assist\u00eancias em 24 jogos. L\u00ea <a href=\"https:\/\/bolanarede.pt\/etiqueta\/pepe-2\/\" target=\"_blank\" rel=\"noreferrer noopener nofollow\">mais declara\u00e7\u00f5es do extremo na entrevista. <\/a><\/p>\n","protected":false},"excerpt":{"rendered":"&#8211; Advertisement &#8211; Pep\u00ea est\u00e1 a ser um dos destaques da \u00e9poca do FC Porto. Extremo brasileiro deu&hellip;\n","protected":false},"author":2,"featured_media":224305,"comment_status":"","ping_status":"","sticky":false,"template":"","format":"standard","meta":{"footnotes":""},"categories":[87],"tags":[260,135,282,40370,5538,32,479,33,134],"class_list":{"0":"post-224304","1":"post","2":"type-post","3":"status-publish","4":"format-standard","5":"has-post-thumbnail","7":"category-desporto","8":"tag-atualidade","9":"tag-desporto","10":"tag-fc-porto","11":"tag-oskar-pietuszewski","12":"tag-pepe","13":"tag-portugal","14":"tag-primeira-liga","15":"tag-pt","16":"tag-sports"},"share_on_mastodon":{"url":"https:\/\/pubeurope.com\/@pt\/115874192602770395","error":""},"_links":{"self":[{"href":"https:\/\/www.europesays.com\/pt\/wp-json\/wp\/v2\/posts\/224304","targetHints":{"allow":["GET"]}}],"collection":[{"href":"https:\/\/www.europesays.com\/pt\/wp-json\/wp\/v2\/posts"}],"about":[{"href":"https:\/\/www.europesays.com\/pt\/wp-json\/wp\/v2\/types\/post"}],"author":[{"embeddable":true,"href":"https:\/\/www.europesays.com\/pt\/wp-json\/wp\/v2\/users\/2"}],"replies":[{"embeddable":true,"href":"https:\/\/www.europesays.com\/pt\/wp-json\/wp\/v2\/comments?post=224304"}],"version-history":[{"count":0,"href":"https:\/\/www.europesays.com\/pt\/wp-json\/wp\/v2\/posts\/224304\/revisions"}],"wp:featuredmedia":[{"embeddable":true,"href":"https:\/\/www.europesays.com\/pt\/wp-json\/wp\/v2\/media\/224305"}],"wp:attachment":[{"href":"https:\/\/www.europesays.com\/pt\/wp-json\/wp\/v2\/media?parent=224304"}],"wp:term":[{"taxonomy":"category","embeddable":true,"href":"https:\/\/www.europesays.com\/pt\/wp-json\/wp\/v2\/categories?post=224304"},{"taxonomy":"post_tag","embeddable":true,"href":"https:\/\/www.europesays.com\/pt\/wp-json\/wp\/v2\/tags?post=224304"}],"curies":[{"name":"wp","href":"https:\/\/api.w.org\/{rel}","templated":true}]}}