{"id":224341,"date":"2026-01-11T04:01:15","date_gmt":"2026-01-11T04:01:15","guid":{"rendered":"https:\/\/www.europesays.com\/pt\/224341\/"},"modified":"2026-01-11T04:01:15","modified_gmt":"2026-01-11T04:01:15","slug":"mbappe-ja-esta-na-arabia-saudita-e-deixa-barcelona-em-alerta-2","status":"publish","type":"post","link":"https:\/\/www.europesays.com\/pt\/224341\/","title":{"rendered":"Mbapp\u00e9 j\u00e1 est\u00e1 na Ar\u00e1bia Saudita e deixa Barcelona em alerta"},"content":{"rendered":"<p><a class=\"autolink-enabled\" data-resource-id=\"6150\" data-resource-type=\"player\" data-sport=\"football\" href=\"https:\/\/www.abola.pt\/futebol\/jogador\/kylian-mbappe-6150\" rel=\"nofollow noopener\" target=\"_blank\">Kylian Mbapp\u00e9<\/a> j\u00e1 est\u00e1 em Jed\u00e1, onde chegou na noite desta sexta-feira num jato privado, para se juntar \u00e0 concentra\u00e7\u00e3o do <a class=\"autolink-enabled\" data-resource-id=\"204\" data-resource-type=\"team\" data-sport=\"football\" href=\"https:\/\/www.abola.pt\/futebol\/real-madrid-204\" rel=\"nofollow noopener\" target=\"_blank\">Real Madrid<\/a> na antec\u00e2mara da final da Superta\u00e7a espanhola contra o <a class=\"autolink-enabled\" data-resource-id=\"205\" data-resource-type=\"team\" data-sport=\"football\" href=\"https:\/\/www.abola.pt\/futebol\/barcelona-205\" rel=\"nofollow noopener\" target=\"_blank\">Barcelona<\/a>.<\/p>\n<p>A partir de agora, de acordo com o jornal Marca, cada minuto conta para o craque franc\u00eas na sua corrida contra o tempo para o El Cl\u00e1sico que vale um trof\u00e9u, marcado para domingo (19h00):<\/p>\n<p>O avan\u00e7ado, recorde-se, viajou para a Ar\u00e1bia Saudita depois de ter ficado de fora dos convocados no embate com o <a target=\"_blank\" class=\"editor-link autolink-enabled\" href=\"https:\/\/www.abola.pt\/futebol\/atletico-madrid-209\" data-resource-id=\"209\" data-resource-type=\"team\" data-sport=\"football\" rel=\"nofollow noopener\">Atl\u00e9tico Madrid<\/a>. Uma entorse no joelho deixou o melhor marcador dos blancos em terra, mas ainda h\u00e1 esperan\u00e7a numa recupera\u00e7\u00e3o a tempo do embate com o rival.<\/p>\n<p>Nesta altura, adianta a publica\u00e7\u00e3o espanhola, todos os cen+arios est\u00e3o em cima da mesa. Mbapp\u00e9 pode entrar no decorrer do encontro, ser mesmo titular ou&#8230; nem sequer estar na lista final de Xabi Alonso. Tudo vai depender da evolu\u00e7\u00e3o do atacante nas pr\u00f3ximas horas.<\/p>\n<p>Desta forma, ao que tudo indica, que o gaul\u00eas vai estar pronto para defrontar o <a target=\"_blank\" class=\"editor-link autolink-enabled\" href=\"https:\/\/www.abola.pt\/futebol\/benfica-450\" data-resource-id=\"450\" data-resource-type=\"team\" data-sport=\"football\" rel=\"nofollow noopener\">Benfica<\/a> no dia 28 de janeiro, em duelo na Luz relativo \u00e0 8.\u00aa e \u00faltima jornada da fase de liga da <a target=\"_blank\" class=\"editor-link autolink-enabled\" href=\"https:\/\/www.abola.pt\/futebol\/competicao\/uefa-champions-league-27\" data-resource-id=\"27\" data-resource-type=\"competition\" data-sport=\"football\" rel=\"nofollow noopener\">UEFA Champions League<\/a>.<\/p>\n","protected":false},"excerpt":{"rendered":"Kylian Mbapp\u00e9 j\u00e1 est\u00e1 em Jed\u00e1, onde chegou na noite desta sexta-feira num jato privado, para se juntar&hellip;\n","protected":false},"author":2,"featured_media":224342,"comment_status":"","ping_status":"","sticky":false,"template":"","format":"standard","meta":{"footnotes":""},"categories":[87],"tags":[135,32,33,134],"class_list":{"0":"post-224341","1":"post","2":"type-post","3":"status-publish","4":"format-standard","5":"has-post-thumbnail","7":"category-desporto","8":"tag-desporto","9":"tag-portugal","10":"tag-pt","11":"tag-sports"},"share_on_mastodon":{"url":"https:\/\/pubeurope.com\/@pt\/115874475682638791","error":""},"_links":{"self":[{"href":"https:\/\/www.europesays.com\/pt\/wp-json\/wp\/v2\/posts\/224341","targetHints":{"allow":["GET"]}}],"collection":[{"href":"https:\/\/www.europesays.com\/pt\/wp-json\/wp\/v2\/posts"}],"about":[{"href":"https:\/\/www.europesays.com\/pt\/wp-json\/wp\/v2\/types\/post"}],"author":[{"embeddable":true,"href":"https:\/\/www.europesays.com\/pt\/wp-json\/wp\/v2\/users\/2"}],"replies":[{"embeddable":true,"href":"https:\/\/www.europesays.com\/pt\/wp-json\/wp\/v2\/comments?post=224341"}],"version-history":[{"count":0,"href":"https:\/\/www.europesays.com\/pt\/wp-json\/wp\/v2\/posts\/224341\/revisions"}],"wp:featuredmedia":[{"embeddable":true,"href":"https:\/\/www.europesays.com\/pt\/wp-json\/wp\/v2\/media\/224342"}],"wp:attachment":[{"href":"https:\/\/www.europesays.com\/pt\/wp-json\/wp\/v2\/media?parent=224341"}],"wp:term":[{"taxonomy":"category","embeddable":true,"href":"https:\/\/www.europesays.com\/pt\/wp-json\/wp\/v2\/categories?post=224341"},{"taxonomy":"post_tag","embeddable":true,"href":"https:\/\/www.europesays.com\/pt\/wp-json\/wp\/v2\/tags?post=224341"}],"curies":[{"name":"wp","href":"https:\/\/api.w.org\/{rel}","templated":true}]}}