{"id":224357,"date":"2026-01-11T04:43:18","date_gmt":"2026-01-11T04:43:18","guid":{"rendered":"https:\/\/www.europesays.com\/pt\/224357\/"},"modified":"2026-01-11T04:43:18","modified_gmt":"2026-01-11T04:43:18","slug":"west-ham-toma-decisao-quanto-ao-futuro-de-nuno-espirito-santo-depois-do-10o-jogo-consecutivo-sem-vencer","status":"publish","type":"post","link":"https:\/\/www.europesays.com\/pt\/224357\/","title":{"rendered":"West Ham toma decis\u00e3o quanto ao futuro de Nuno Esp\u00edrito Santo depois do 10\u00ba jogo consecutivo sem vencer"},"content":{"rendered":"<p>&#8211; Advertisement &#8211;<\/p>\n<p>Nuno Esp\u00edrito Santo continua seguro no West Ham, pelo menos por agora. De acordo com a Sky Sports, os hammers continuam a confiar no treinador portugu\u00eas e v\u00e3o focar-se no mercado de transfer\u00eancias de jogadores.<\/p>\n<p>O objetivo do emblema ingl\u00eas passa por refor\u00e7ar o plantel de Nuno Esp\u00edrito Santo, oferecendo-lhe novas armas para uma segunda volta mais tranquila. <a href=\"https:\/\/bolanarede.pt\/especial-bola-na-rede\/atualidade\/nuno-espirito-santo-volta-a-ser-derrotado-em-noite-de-estreia-para-pablo-felipe\/\" target=\"_blank\" rel=\"noreferrer noopener nofollow\">A mais recente derrota contra o Nottingham Forest <\/a>deixou o clube a sete pontos da linha de \u00e1gua, mas o treinador portugu\u00eas soma alguns apoios importantes dentro do West Ham.<\/p>\n<p>Recorde-se que, neste mercado, chegaram ao West Ham Taty Castellanos e Pablo, antigos avan\u00e7ados da Lazio e do Gil Vicente. A pr\u00f3xima prioridade dos hammers passa pela contrata\u00e7\u00e3o de Adama Traor\u00e9 ao Fulham. <\/p>\n","protected":false},"excerpt":{"rendered":"&#8211; Advertisement &#8211; Nuno Esp\u00edrito Santo continua seguro no West Ham, pelo menos por agora. De acordo com&hellip;\n","protected":false},"author":2,"featured_media":224358,"comment_status":"","ping_status":"","sticky":false,"template":"","format":"standard","meta":{"footnotes":""},"categories":[87],"tags":[260,135,12179,32,666,33,134,8709],"class_list":{"0":"post-224357","1":"post","2":"type-post","3":"status-publish","4":"format-standard","5":"has-post-thumbnail","7":"category-desporto","8":"tag-atualidade","9":"tag-desporto","10":"tag-nuno-espirito-santo","11":"tag-portugal","12":"tag-premier-league","13":"tag-pt","14":"tag-sports","15":"tag-west-ham"},"share_on_mastodon":{"url":"https:\/\/pubeurope.com\/@pt\/115874640838488040","error":""},"_links":{"self":[{"href":"https:\/\/www.europesays.com\/pt\/wp-json\/wp\/v2\/posts\/224357","targetHints":{"allow":["GET"]}}],"collection":[{"href":"https:\/\/www.europesays.com\/pt\/wp-json\/wp\/v2\/posts"}],"about":[{"href":"https:\/\/www.europesays.com\/pt\/wp-json\/wp\/v2\/types\/post"}],"author":[{"embeddable":true,"href":"https:\/\/www.europesays.com\/pt\/wp-json\/wp\/v2\/users\/2"}],"replies":[{"embeddable":true,"href":"https:\/\/www.europesays.com\/pt\/wp-json\/wp\/v2\/comments?post=224357"}],"version-history":[{"count":0,"href":"https:\/\/www.europesays.com\/pt\/wp-json\/wp\/v2\/posts\/224357\/revisions"}],"wp:featuredmedia":[{"embeddable":true,"href":"https:\/\/www.europesays.com\/pt\/wp-json\/wp\/v2\/media\/224358"}],"wp:attachment":[{"href":"https:\/\/www.europesays.com\/pt\/wp-json\/wp\/v2\/media?parent=224357"}],"wp:term":[{"taxonomy":"category","embeddable":true,"href":"https:\/\/www.europesays.com\/pt\/wp-json\/wp\/v2\/categories?post=224357"},{"taxonomy":"post_tag","embeddable":true,"href":"https:\/\/www.europesays.com\/pt\/wp-json\/wp\/v2\/tags?post=224357"}],"curies":[{"name":"wp","href":"https:\/\/api.w.org\/{rel}","templated":true}]}}