{"id":224359,"date":"2026-01-11T04:50:28","date_gmt":"2026-01-11T04:50:28","guid":{"rendered":"https:\/\/www.europesays.com\/pt\/224359\/"},"modified":"2026-01-11T04:50:28","modified_gmt":"2026-01-11T04:50:28","slug":"pacote-de-habitacao-aprovado-na-generalidade-por-psd-cds-pp-e-il-com-abstencao-do-chega","status":"publish","type":"post","link":"https:\/\/www.europesays.com\/pt\/224359\/","title":{"rendered":"Pacote de habita\u00e7\u00e3o aprovado na generalidade por PSD, CDS-PP e IL, com absten\u00e7\u00e3o do Chega"},"content":{"rendered":"<p>&#13;<br \/>\n\u00a0&#13;\n<\/p>\n<p>Em causa est\u00e3o duas propostas com autoriza\u00e7\u00f5es legislativas, uma com medidas de desagravamento fiscal para incentivar o arrendamento e a constru\u00e7\u00e3o a pre\u00e7os moderados, e outra com altera\u00e7\u00f5es ao licenciamento, urbaniza\u00e7\u00e3o e reabilita\u00e7\u00e3o urbana.<\/p>\n<p>Relativamente \u00e0 iniciativa que cont\u00e9m medidas fiscais, o PS, Livre PCP e BE votaram contra. O Chega, PAN e JPP abstiveram-se.<\/p>\n<p>Em rela\u00e7\u00e3o \u00e0 proposta para autorizar a revis\u00e3o do regime aplic\u00e1vel ao licenciamento de opera\u00e7\u00f5es urban\u00edsticas, e a alterar o regime jur\u00eddico da urbaniza\u00e7\u00e3o e da edifica\u00e7\u00e3o, e o regime jur\u00eddico da reabilita\u00e7\u00e3o urbana, o PCP, o Livre, o PAN e o BE votaram contra. O PS, o Chega e o JPP abstiveram-se.<\/p>\n<p>Todos os projetos de lei apresentados pelos partidos da oposi\u00e7\u00e3o chumbaram.<\/p>\n<p>O Chega apresentou uma iniciativa para reduzir o IVA na constru\u00e7\u00e3o de habita\u00e7\u00e3o e outra para isentar de IMI os im\u00f3veis destinados a habita\u00e7\u00e3o pr\u00f3pria e permanente, com um valor patrimonial tribut\u00e1rio at\u00e9 350.000 euros.<\/p>\n<p>O Livre viu rejeitado um projeto de lei que define limites m\u00e1ximos de valor de renda em contratos de arrendamento habitacional, e outro que estabelece o zonamento inclusivo para uma quota de habita\u00e7\u00e3o p\u00fablica nas opera\u00e7\u00f5es urban\u00edsticas.<\/p>\n<p>Tamb\u00e9m foi chumbado um projeto de lei da IL para reformar a constru\u00e7\u00e3o e aumentar a oferta de habita\u00e7\u00e3o.<\/p>\n<p>O PS apresentou um projeto destinado a refor\u00e7ar o acesso \u00e0 habita\u00e7\u00e3o permanente e de combate \u00e0 especula\u00e7\u00e3o imobili\u00e1ria, que desce diretamente \u00e0 especialidade, n\u00e3o tendo sido votado na generalidade depois de a bancada ter apresentado um requerimento nesse sentido.&#13;\n<\/p>\n<p>&#13;<br \/>\n\u00a0&#13;<\/p>\n","protected":false},"excerpt":{"rendered":"&#13; \u00a0&#13; Em causa est\u00e3o duas propostas com autoriza\u00e7\u00f5es legislativas, uma com medidas de desagravamento fiscal para incentivar&hellip;\n","protected":false},"author":2,"featured_media":224360,"comment_status":"","ping_status":"","sticky":false,"template":"","format":"standard","meta":{"footnotes":""},"categories":[8],"tags":[27,28,1736,43259,15,16,14,25,26,453,21,22,12,13,19,20,32,23,24,33,17,18,29,30,31],"class_list":{"0":"post-224359","1":"post","2":"type-post","3":"status-publish","4":"format-standard","5":"has-post-thumbnail","7":"category-principais-noticias","8":"tag-breaking-news","9":"tag-breakingnews","10":"tag-chega","11":"tag-chega-pan","12":"tag-featured-news","13":"tag-featurednews","14":"tag-headlines","15":"tag-latest-news","16":"tag-latestnews","17":"tag-livre","18":"tag-main-news","19":"tag-mainnews","20":"tag-news","21":"tag-noticias","22":"tag-noticias-principais","23":"tag-noticiasprincipais","24":"tag-portugal","25":"tag-principais-noticias","26":"tag-principaisnoticias","27":"tag-pt","28":"tag-top-stories","29":"tag-topstories","30":"tag-ultimas","31":"tag-ultimas-noticias","32":"tag-ultimasnoticias"},"share_on_mastodon":{"url":"https:\/\/pubeurope.com\/@pt\/115874668548877993","error":""},"_links":{"self":[{"href":"https:\/\/www.europesays.com\/pt\/wp-json\/wp\/v2\/posts\/224359","targetHints":{"allow":["GET"]}}],"collection":[{"href":"https:\/\/www.europesays.com\/pt\/wp-json\/wp\/v2\/posts"}],"about":[{"href":"https:\/\/www.europesays.com\/pt\/wp-json\/wp\/v2\/types\/post"}],"author":[{"embeddable":true,"href":"https:\/\/www.europesays.com\/pt\/wp-json\/wp\/v2\/users\/2"}],"replies":[{"embeddable":true,"href":"https:\/\/www.europesays.com\/pt\/wp-json\/wp\/v2\/comments?post=224359"}],"version-history":[{"count":0,"href":"https:\/\/www.europesays.com\/pt\/wp-json\/wp\/v2\/posts\/224359\/revisions"}],"wp:featuredmedia":[{"embeddable":true,"href":"https:\/\/www.europesays.com\/pt\/wp-json\/wp\/v2\/media\/224360"}],"wp:attachment":[{"href":"https:\/\/www.europesays.com\/pt\/wp-json\/wp\/v2\/media?parent=224359"}],"wp:term":[{"taxonomy":"category","embeddable":true,"href":"https:\/\/www.europesays.com\/pt\/wp-json\/wp\/v2\/categories?post=224359"},{"taxonomy":"post_tag","embeddable":true,"href":"https:\/\/www.europesays.com\/pt\/wp-json\/wp\/v2\/tags?post=224359"}],"curies":[{"name":"wp","href":"https:\/\/api.w.org\/{rel}","templated":true}]}}