{"id":224363,"date":"2026-01-11T04:54:09","date_gmt":"2026-01-11T04:54:09","guid":{"rendered":"https:\/\/www.europesays.com\/pt\/224363\/"},"modified":"2026-01-11T04:54:09","modified_gmt":"2026-01-11T04:54:09","slug":"giria-regional-garganteiro-milena-coringando-e-olimpiada-da-laranja-web-reage-aos-participantes-do-bbb-26-extra-online","status":"publish","type":"post","link":"https:\/\/www.europesays.com\/pt\/224363\/","title":{"rendered":"G\u00edria regional &#039;garganteiro&#039;, Milena coringando e Olimp\u00edada da laranja: web reage aos participantes do &#039;BBB 26&#039; &#8211; Extra online"},"content":{"rendered":"<ol>\n<li><a href=\"https:\/\/news.google.com\/rss\/articles\/CBMi_wFBVV95cUxPVkQzcVg1bDlRVkkwQ1REV003OFZybHcyMXk2RjRkMGN0U0dUOEs2c2gwMWN6NzNtRFZybFp3WGh2RVgycy1lZFlncTdaM0Z3dFdmR0d6X2tRVFRsR3lnRjN6M3N3NDc5a0ptMnBvQ0JpWU8xZldzb0NjZE5zWGpvZVFiTjBaRU9QcDYwTjVsZl92N3VQN1hLbXJLTDFsVWhXZTVkWTg5cW1WUFdIT1ZnYVc0UGRuRDhoaVBnMzAtb1FyTGVoaHBXODdmRUNsRDN2VG10LTFJblNnQkhhaWpkcms4ZnhHbjhmY1FVR3lsa2V5VWdOMUpRQ01hd1l3NlHSAY4CQVVfeXFMTTFDTUdQdEUxRTFLWTVPbHQ0d1J2QS1hcVgxV3BnUDFPQ19PS0tWVWx2bHFyTnl3LVpSdmY2SHZENmg5elZLNlhHWFVEVTZiMVNvNmdFQ19feUtqNUVaZjQxdlhmcm5OUm43R0FUOXh2NXpLVGt5NUUwcDNfR0FybExkN3NiWWRXOFV2QTVMYzNLWEU2M3ZRNmh3bnRVUHdQSkdRQ3VSVW84LVhzUjBxQWtFUHpLRkFZTjkwWUl3bGplNWJZdGpMdGhtb0o2WDdoc3dPZ0d4Z3Z2YnBLWlI2U241Y3BZNWlBR2Zjb3dpVWRMLUxfS1N4WWFOVkhfSFpUMWw0NDRTeUJtSXd4czV3?oc=5\" target=\"_blank\" rel=\"nofollow noopener\">G\u00edria regional &#8216;garganteiro&#8217;, Milena coringando e Olimp\u00edada da laranja: web reage aos participantes do &#8216;BBB 26&#8217;<\/a>&nbsp;&nbsp;Extra online<\/li>\n<li><a href=\"https:\/\/news.google.com\/rss\/articles\/CBMi_gFBVV95cUxQWVVEcFl3TUlBNkhfY1daMXdYUVZKd0Y1SUg0VzdvbXBIOE5BaE5mcjZCd0sxZldpUWs3bTZwLWowbk1UUDVVcXAyTHBrNUEyNzZCczhOd3JYSVBUS3NlNkxJYWljR1FEWFhkVWIyNWtpbWdrWWVMeU5oYWVPdV94ZHp0SmxhaHRyY3pQakh4Uy05RmZMYm8zWmVjYmJyTml5dnRkcjB3UExfZFNaWTdGbGZHTWhwQnA4U3Y5TXZIOVBlc2lGMDlyUjJZV0FkNWI3RFhjTGNObWJ2V2xaZ0hESHZUaTBWNVZuVWtRRjhpOHN1WE1HcW1lZXZiUHJBZ9IBjAJBVV95cUxNeUphNTJ0NXduNTNSb19JbENHQlRxd0dNUkVVRG9IVno2cVdieUpPbmdXaTVnbHBzMU5CbXp5eFV5RlZzdnNTR3dfNURZd0RGa2JCVW9VOURJYU0wUDEtUnZ2YjFuQ3lRMFh0dGtaa2xFSTh1QUJYbERLYmdNbzRZOUJlX0VfamhJR2JsbXJqc1VrWjBxNmN1RFFIdGtjQ2xtTkRVTXpyTUlxaGlSUE44NU1kWGFGencwRFJZNUo5M2U1ZktfOU9jcURKVFllZy1Hd080cG1Ua21DbEcxM3A0VE4tMXRwTDBLcUJTbWNNdTNfcE9KXzhldDFkWFNjaUhFSGloXzA3VE9EdWU2?oc=5\" target=\"_blank\" rel=\"nofollow noopener\">Casas de Vidro: din\u00e2mica dura mais de quatro horas, rende choro e pr\u00eamio in\u00e9dito antes da estreia do BBB 26<\/a>&nbsp;&nbsp;Gshow<\/li>\n<li><a href=\"https:\/\/news.google.com\/rss\/articles\/CBMixgFBVV95cUxNeGpjREhNMFZRekx4SXBMU2pTTlFfbG5qeUMzU09yR2JoVzVjX3lnSklIQWdETGVoYm5HM3RJR214Q2p2U0dWdEtWR0gxN2VCdzdxOWdOX2VyaEF6ZXBUVnJNbktsenBVYmhqclVndzJOcVQtSUFIUHZDTWw2MlNyclZMWVJ3dzZQSGpRdE1GczUwbEhfUGVlSkdJQUhEVnhmVW85LXdMMnVJSXVXYUtDU24yYngyMDVycUNlRklHRHhYT1UzZFE?oc=5\" target=\"_blank\" rel=\"nofollow noopener\">BBB 26: M\u00e3e de Chaiany, da Casa de Vidro, reage ap\u00f3s briga: &#8216;\u00c9 crueldade&#8217;<\/a>&nbsp;&nbsp;UOL<\/li>\n<li><a href=\"https:\/\/news.google.com\/rss\/articles\/CBMijgJBVV95cUxQZ0l2WVJYMlJRa3c5Wi1YNC1iUGZ5cmxfaTMyUVhCWTVqQ3h4LUNnVm1sQWhzd0NlWllQYUcxY1Q2M0MwQjA1cVdtdXdKTjQxRnZzcHg5a2VRdjhCdVEwLWlkNGlPbGp3X2VNMlM1TEYzMUt5aWZQa1J4b1dmYmRjWXp4MWpVeXdKalFfdEJjUHV1cmtWX200cDJiZEpvVHZaQ2tRVDhsSmt4MkdUczNJSUZRMVBDWUtNazZuazZ0dzduVHZRRlRpaXRTOUFKcHVvR1lZc2JiSG51aFZHc194X0xFcXNqREVGbi16RThIcF9Qclk5aEZLdzJDbklnZm9ybUhtc3JsamxuMEhLWmc?oc=5\" target=\"_blank\" rel=\"nofollow noopener\">Desafio, brincadeiras e trocas de farpas marcam s\u00e1bado nas casas de vidros do &#8220;BBB 26&#8221;<\/a>&nbsp;&nbsp;GZH<\/li>\n<li><a href=\"https:\/\/news.google.com\/rss\/articles\/CBMizAFBVV95cUxQRHFtWXRxQy1LRmpiZzZ0dnNxeGFPTGxaRGZiRjB3aUNnd0RqZTltR1V4MHF1dWxTQVNzYktHaXQ3aWtTQ3drU05CMUlrT19JNGhKaE5YUVhHR19wXy1VdFRYdDZjTzBVN183THR0aDhTRVo4aU1VbFY4TC1MXzV6VUdSMENCcUJubVJVcm9IN3B5aU04Y1A1Mkxya2lNSmhSdWwzM0lvcjlES0dLN0RtQ05Wa1dYVTRldUMwRjBGREZFU3RZQ1NmekVLMW4?oc=5\" target=\"_blank\" rel=\"nofollow noopener\">Casa de Vidro BBB 26: participantes da regi\u00e3o Centro-Oeste se desentendem e batem-boca<\/a>&nbsp;&nbsp;R\u00e1dio Itatiaia<\/li>\n<\/ol>\n","protected":false},"excerpt":{"rendered":"G\u00edria regional &#8216;garganteiro&#8217;, Milena coringando e Olimp\u00edada da laranja: web reage aos participantes do &#8216;BBB 26&#8217;&nbsp;&nbsp;Extra online Casas&hellip;\n","protected":false},"author":2,"featured_media":196976,"comment_status":"","ping_status":"","sticky":false,"template":"","format":"standard","meta":{"footnotes":""},"categories":[142],"tags":[114,115,32,33,151],"class_list":{"0":"post-224363","1":"post","2":"type-post","3":"status-publish","4":"format-standard","5":"has-post-thumbnail","7":"category-tv","8":"tag-entertainment","9":"tag-entretenimento","10":"tag-portugal","11":"tag-pt","12":"tag-tv"},"share_on_mastodon":{"url":"https:\/\/pubeurope.com\/@pt\/115874684132832241","error":""},"_links":{"self":[{"href":"https:\/\/www.europesays.com\/pt\/wp-json\/wp\/v2\/posts\/224363","targetHints":{"allow":["GET"]}}],"collection":[{"href":"https:\/\/www.europesays.com\/pt\/wp-json\/wp\/v2\/posts"}],"about":[{"href":"https:\/\/www.europesays.com\/pt\/wp-json\/wp\/v2\/types\/post"}],"author":[{"embeddable":true,"href":"https:\/\/www.europesays.com\/pt\/wp-json\/wp\/v2\/users\/2"}],"replies":[{"embeddable":true,"href":"https:\/\/www.europesays.com\/pt\/wp-json\/wp\/v2\/comments?post=224363"}],"version-history":[{"count":0,"href":"https:\/\/www.europesays.com\/pt\/wp-json\/wp\/v2\/posts\/224363\/revisions"}],"wp:featuredmedia":[{"embeddable":true,"href":"https:\/\/www.europesays.com\/pt\/wp-json\/wp\/v2\/media\/196976"}],"wp:attachment":[{"href":"https:\/\/www.europesays.com\/pt\/wp-json\/wp\/v2\/media?parent=224363"}],"wp:term":[{"taxonomy":"category","embeddable":true,"href":"https:\/\/www.europesays.com\/pt\/wp-json\/wp\/v2\/categories?post=224363"},{"taxonomy":"post_tag","embeddable":true,"href":"https:\/\/www.europesays.com\/pt\/wp-json\/wp\/v2\/tags?post=224363"}],"curies":[{"name":"wp","href":"https:\/\/api.w.org\/{rel}","templated":true}]}}