{"id":224364,"date":"2026-01-11T04:57:14","date_gmt":"2026-01-11T04:57:14","guid":{"rendered":"https:\/\/www.europesays.com\/pt\/224364\/"},"modified":"2026-01-11T04:57:14","modified_gmt":"2026-01-11T04:57:14","slug":"benfica-insiste-em-andre-luiz","status":"publish","type":"post","link":"https:\/\/www.europesays.com\/pt\/224364\/","title":{"rendered":"Benfica insiste em Andr\u00e9 Luiz"},"content":{"rendered":"<p>O <a class=\"autolink-enabled\" data-resource-id=\"450\" data-resource-type=\"team\" data-sport=\"football\" href=\"https:\/\/www.abola.pt\/futebol\/benfica-450\" rel=\"nofollow noopener\" target=\"_blank\">Benfica<\/a> voltou a entrar em contacto com o <a class=\"autolink-enabled\" data-resource-id=\"442\" data-resource-type=\"team\" data-sport=\"football\" href=\"https:\/\/www.abola.pt\/futebol\/rio-ave-442\" rel=\"nofollow noopener\" target=\"_blank\">Rio Ave<\/a> para negociar <a class=\"autolink-enabled\" data-resource-id=\"245543\" data-resource-type=\"player\" data-sport=\"football\" href=\"https:\/\/www.abola.pt\/futebol\/jogador\/andre-luiz-245543\" rel=\"nofollow noopener\" target=\"_blank\">Andr\u00e9 Luiz<\/a>, mas o neg\u00f3cio mant\u00e9m-se sem avan\u00e7ar. Os vila-condenses querem \u20ac15 milh\u00f5es pela transfer\u00eancia do extremo de 23 anos, enquanto os encarnados n\u00e3o passam de \u20ac12 milh\u00f5es, mais \u20ac3 milh\u00f5es por objetivos. A situa\u00e7\u00e3o est\u00e1, pois, num impasse. O extremo\/segundo avan\u00e7ado quer jogar no <a class=\"autolink-enabled\" data-resource-id=\"450\" data-resource-type=\"team\" data-sport=\"football\" href=\"https:\/\/www.abola.pt\/futebol\/benfica-450\" rel=\"nofollow noopener\" target=\"_blank\">Benfica<\/a> e espera com o maior interesse pelo entendimento dos clubes.<\/p>\n<p>O clube saudita, como reconheceu Jorge Jesus, est\u00e1 dispon\u00edvel para libertar o brasileiro e o neg\u00f3cio poderia ficar fechado entre \u20ac10 milh\u00f5es e \u20ac15 milh\u00f5es. J\u00e1 o clube da II Divis\u00e3o francesa est\u00e1 menos recetivo a vender um dos melhores jogadores da equipa. Em Fran\u00e7a noticiou-se oferta de \u20ac8 milh\u00f5es das \u00e1guias.<\/p>\n<p><a class=\"autolink-enabled\" data-resource-id=\"245543\" data-resource-type=\"player\" data-sport=\"football\" href=\"https:\/\/www.abola.pt\/futebol\/jogador\/andre-luiz-245543\" rel=\"nofollow noopener\" target=\"_blank\">Andr\u00e9 Luiz<\/a>, como tal, continua a ser a primeira op\u00e7\u00e3o do <a class=\"autolink-enabled\" data-resource-id=\"450\" data-resource-type=\"team\" data-sport=\"football\" href=\"https:\/\/www.abola.pt\/futebol\/benfica-450\" rel=\"nofollow noopener\" target=\"_blank\">Benfica<\/a>, que ainda n\u00e3o decidiu se avan\u00e7a com uma oferta de \u20ac15 milh\u00f5es, como deseja o <a class=\"autolink-enabled\" data-resource-id=\"442\" data-resource-type=\"team\" data-sport=\"football\" href=\"https:\/\/www.abola.pt\/futebol\/rio-ave-442\" rel=\"nofollow noopener\" target=\"_blank\">Rio Ave<\/a>.<\/p>\n","protected":false},"excerpt":{"rendered":"O Benfica voltou a entrar em contacto com o Rio Ave para negociar Andr\u00e9 Luiz, mas o neg\u00f3cio&hellip;\n","protected":false},"author":2,"featured_media":207920,"comment_status":"","ping_status":"","sticky":false,"template":"","format":"standard","meta":{"footnotes":""},"categories":[87],"tags":[135,32,33,134],"class_list":{"0":"post-224364","1":"post","2":"type-post","3":"status-publish","4":"format-standard","5":"has-post-thumbnail","7":"category-desporto","8":"tag-desporto","9":"tag-portugal","10":"tag-pt","11":"tag-sports"},"share_on_mastodon":{"url":"https:\/\/pubeurope.com\/@pt\/115874695906363245","error":""},"_links":{"self":[{"href":"https:\/\/www.europesays.com\/pt\/wp-json\/wp\/v2\/posts\/224364","targetHints":{"allow":["GET"]}}],"collection":[{"href":"https:\/\/www.europesays.com\/pt\/wp-json\/wp\/v2\/posts"}],"about":[{"href":"https:\/\/www.europesays.com\/pt\/wp-json\/wp\/v2\/types\/post"}],"author":[{"embeddable":true,"href":"https:\/\/www.europesays.com\/pt\/wp-json\/wp\/v2\/users\/2"}],"replies":[{"embeddable":true,"href":"https:\/\/www.europesays.com\/pt\/wp-json\/wp\/v2\/comments?post=224364"}],"version-history":[{"count":0,"href":"https:\/\/www.europesays.com\/pt\/wp-json\/wp\/v2\/posts\/224364\/revisions"}],"wp:featuredmedia":[{"embeddable":true,"href":"https:\/\/www.europesays.com\/pt\/wp-json\/wp\/v2\/media\/207920"}],"wp:attachment":[{"href":"https:\/\/www.europesays.com\/pt\/wp-json\/wp\/v2\/media?parent=224364"}],"wp:term":[{"taxonomy":"category","embeddable":true,"href":"https:\/\/www.europesays.com\/pt\/wp-json\/wp\/v2\/categories?post=224364"},{"taxonomy":"post_tag","embeddable":true,"href":"https:\/\/www.europesays.com\/pt\/wp-json\/wp\/v2\/tags?post=224364"}],"curies":[{"name":"wp","href":"https:\/\/api.w.org\/{rel}","templated":true}]}}