{"id":224386,"date":"2026-01-11T05:54:32","date_gmt":"2026-01-11T05:54:32","guid":{"rendered":"https:\/\/www.europesays.com\/pt\/224386\/"},"modified":"2026-01-11T05:54:32","modified_gmt":"2026-01-11T05:54:32","slug":"exercicio-fisico-pode-ser-tao-eficaz-quanto-medicacao-no-combate-a-depressao-aponta-estudo","status":"publish","type":"post","link":"https:\/\/www.europesays.com\/pt\/224386\/","title":{"rendered":"Exerc\u00edcio f\u00edsico pode ser t\u00e3o eficaz quanto medica\u00e7\u00e3o no combate \u00e0 depress\u00e3o, aponta estudo"},"content":{"rendered":"<p>\tExerc\u00edcio f\u00edsico pode ser t\u00e3o eficaz quanto medica\u00e7\u00e3o no combate \u00e0 depress\u00e3o, aponta estudo | e-Global<\/p>\n<p>              &#13;<\/p>\n<p>&#13;<br \/>\n\t\t&#13;<\/p>\n<p>Este site utiliza cookies para permitir uma melhor experi\u00eancia por parte do utilizador. Ao navegar no site estar\u00e1 a consentir a sua utiliza\u00e7\u00e3o.OkN\u00e3oPol\u00edtica de Privacidade<\/p>\n<p>\t\t&#13;<\/p>\n","protected":false},"excerpt":{"rendered":"Exerc\u00edcio f\u00edsico pode ser t\u00e3o eficaz quanto medica\u00e7\u00e3o no combate \u00e0 depress\u00e3o, aponta estudo | e-Global &#13; &#13;&hellip;\n","protected":false},"author":2,"featured_media":224387,"comment_status":"","ping_status":"","sticky":false,"template":"","format":"standard","meta":{"footnotes":""},"categories":[86],"tags":[489,116,32,33,117],"class_list":{"0":"post-224386","1":"post","2":"type-post","3":"status-publish","4":"format-standard","5":"has-post-thumbnail","7":"category-saude","8":"tag-destaque-principal","9":"tag-health","10":"tag-portugal","11":"tag-pt","12":"tag-saude"},"share_on_mastodon":{"url":"https:\/\/pubeurope.com\/@pt\/115874920028679971","error":""},"_links":{"self":[{"href":"https:\/\/www.europesays.com\/pt\/wp-json\/wp\/v2\/posts\/224386","targetHints":{"allow":["GET"]}}],"collection":[{"href":"https:\/\/www.europesays.com\/pt\/wp-json\/wp\/v2\/posts"}],"about":[{"href":"https:\/\/www.europesays.com\/pt\/wp-json\/wp\/v2\/types\/post"}],"author":[{"embeddable":true,"href":"https:\/\/www.europesays.com\/pt\/wp-json\/wp\/v2\/users\/2"}],"replies":[{"embeddable":true,"href":"https:\/\/www.europesays.com\/pt\/wp-json\/wp\/v2\/comments?post=224386"}],"version-history":[{"count":0,"href":"https:\/\/www.europesays.com\/pt\/wp-json\/wp\/v2\/posts\/224386\/revisions"}],"wp:featuredmedia":[{"embeddable":true,"href":"https:\/\/www.europesays.com\/pt\/wp-json\/wp\/v2\/media\/224387"}],"wp:attachment":[{"href":"https:\/\/www.europesays.com\/pt\/wp-json\/wp\/v2\/media?parent=224386"}],"wp:term":[{"taxonomy":"category","embeddable":true,"href":"https:\/\/www.europesays.com\/pt\/wp-json\/wp\/v2\/categories?post=224386"},{"taxonomy":"post_tag","embeddable":true,"href":"https:\/\/www.europesays.com\/pt\/wp-json\/wp\/v2\/tags?post=224386"}],"curies":[{"name":"wp","href":"https:\/\/api.w.org\/{rel}","templated":true}]}}