{"id":224390,"date":"2026-01-11T06:07:18","date_gmt":"2026-01-11T06:07:18","guid":{"rendered":"https:\/\/www.europesays.com\/pt\/224390\/"},"modified":"2026-01-11T06:07:18","modified_gmt":"2026-01-11T06:07:18","slug":"autocarros-da-unir-nao-tem-fiscalizacao-aos-bilhetes-dos-passageiros","status":"publish","type":"post","link":"https:\/\/www.europesays.com\/pt\/224390\/","title":{"rendered":"Autocarros da Unir n\u00e3o t\u00eam fiscaliza\u00e7\u00e3o aos bilhetes dos passageiros"},"content":{"rendered":"<p data-remotead-prev-elm=\"true\" data-remotead-elm-id=\"inread\">Em opera\u00e7\u00e3o desde dezembro de 2023, a rede Unir continua sem fiscaliza\u00e7\u00e3o aos passageiros. O \u00fanico controlo aos bilhetes \u00e9 feito pelos motoristas dos autocarros que servem a \u00c1rea Metropolitana do Porto. Mas n\u00e3o h\u00e1 fiscais que controlem se os utentes viajam com um t\u00edtulo v\u00e1lido, como acontece nos restantes transportes p\u00fablicos. No limite, \u00e9 perfeitamente poss\u00edvel utilizar os autocarros da Unir de borla, sem risco de puni\u00e7\u00e3o.<\/p>\n","protected":false},"excerpt":{"rendered":"Em opera\u00e7\u00e3o desde dezembro de 2023, a rede Unir continua sem fiscaliza\u00e7\u00e3o aos passageiros. O \u00fanico controlo aos&hellip;\n","protected":false},"author":2,"featured_media":224391,"comment_status":"","ping_status":"","sticky":false,"template":"","format":"standard","meta":{"footnotes":""},"categories":[87],"tags":[20018,135,3916,32,33,134,2588,20986],"class_list":{"0":"post-224390","1":"post","2":"type-post","3":"status-publish","4":"format-standard","5":"has-post-thumbnail","7":"category-desporto","8":"tag-concelho-porto","9":"tag-desporto","10":"tag-fiscalizacao","11":"tag-portugal","12":"tag-pt","13":"tag-sports","14":"tag-transportes","15":"tag-unir"},"share_on_mastodon":{"url":"https:\/\/pubeurope.com\/@pt\/115874971202621885","error":""},"_links":{"self":[{"href":"https:\/\/www.europesays.com\/pt\/wp-json\/wp\/v2\/posts\/224390","targetHints":{"allow":["GET"]}}],"collection":[{"href":"https:\/\/www.europesays.com\/pt\/wp-json\/wp\/v2\/posts"}],"about":[{"href":"https:\/\/www.europesays.com\/pt\/wp-json\/wp\/v2\/types\/post"}],"author":[{"embeddable":true,"href":"https:\/\/www.europesays.com\/pt\/wp-json\/wp\/v2\/users\/2"}],"replies":[{"embeddable":true,"href":"https:\/\/www.europesays.com\/pt\/wp-json\/wp\/v2\/comments?post=224390"}],"version-history":[{"count":0,"href":"https:\/\/www.europesays.com\/pt\/wp-json\/wp\/v2\/posts\/224390\/revisions"}],"wp:featuredmedia":[{"embeddable":true,"href":"https:\/\/www.europesays.com\/pt\/wp-json\/wp\/v2\/media\/224391"}],"wp:attachment":[{"href":"https:\/\/www.europesays.com\/pt\/wp-json\/wp\/v2\/media?parent=224390"}],"wp:term":[{"taxonomy":"category","embeddable":true,"href":"https:\/\/www.europesays.com\/pt\/wp-json\/wp\/v2\/categories?post=224390"},{"taxonomy":"post_tag","embeddable":true,"href":"https:\/\/www.europesays.com\/pt\/wp-json\/wp\/v2\/tags?post=224390"}],"curies":[{"name":"wp","href":"https:\/\/api.w.org\/{rel}","templated":true}]}}