{"id":224400,"date":"2026-01-11T06:24:11","date_gmt":"2026-01-11T06:24:11","guid":{"rendered":"https:\/\/www.europesays.com\/pt\/224400\/"},"modified":"2026-01-11T06:24:11","modified_gmt":"2026-01-11T06:24:11","slug":"cientistas-criam-o-menor-robo-autonomo-do-mundo-capaz-de-se-mover-e-processar-dados","status":"publish","type":"post","link":"https:\/\/www.europesays.com\/pt\/224400\/","title":{"rendered":"cientistas criam o menor rob\u00f4 aut\u00f4nomo do mundo, capaz de se mover e processar dados"},"content":{"rendered":"\n<p class=\" content-text__container \" data-track-category=\"Link no Texto\" data-track-links=\"\"> Com cerca de 210 por 340 micr\u00f4metros e apenas 50 micr\u00f4metros de espessura, o dispositivo representa um marco na rob\u00f3tica em microescala. Segundo os pesquisadores, ele integra, em uma \u00fanica plataforma, computa\u00e7\u00e3o, mem\u00f3ria, sensores, comunica\u00e7\u00e3o e locomo\u00e7\u00e3o \u2014 algo que at\u00e9 ent\u00e3o exigia sistemas externos de apoio. <\/p>\n<p class=\" content-text__container \" data-track-category=\"Link no Texto\" data-track-links=\"\"> O principal desafio, segundo os cientistas, foi superar as restri\u00e7\u00f5es f\u00edsicas e energ\u00e9ticas impostas pela miniaturiza\u00e7\u00e3o extrema. Para isso, a equipe desenvolveu uma arquitetura eletr\u00f4nica pr\u00f3pria, menor que um gr\u00e3o de sal, baseada em um processo CMOS de 55 nan\u00f4metros e l\u00f3gica digital subthreshold, mantendo o consumo de energia abaixo de 100 nanowatts. <\/p>\n<p class=\" content-text__container \" data-track-category=\"Link no Texto\" data-track-links=\"\"> Essa efici\u00eancia energ\u00e9tica permitiu integrar c\u00e9lulas fotovoltaicas, sensores de temperatura, circuitos de controle, receptor \u00f3ptico para programa\u00e7\u00e3o e comunica\u00e7\u00e3o, al\u00e9m de um processador com mem\u00f3ria. A locomo\u00e7\u00e3o tamb\u00e9m foge ao padr\u00e3o: em vez de motores ou partes m\u00f3veis, o rob\u00f4 utiliza campos el\u00e9tricos para induzir correntes no fluido ao redor, criando seu pr\u00f3prio \u201crio\u201d para se deslocar, conforme descrevem os pesquisadores. <\/p>\n<p class=\" content-text__container \" data-track-category=\"Link no Texto\" data-track-links=\"\"> As aplica\u00e7\u00f5es potenciais v\u00e3o da biomedicina, com a manipula\u00e7\u00e3o de fluidos corporais, ao monitoramento de ambientes hostis ou inacess\u00edveis. Os pesquisadores ressaltam, no entanto, que o desenvolvimento ainda est\u00e1 em est\u00e1gio inicial e que avan\u00e7os em processamento, mem\u00f3ria e intelig\u00eancia integrada ser\u00e3o decisivos para a transi\u00e7\u00e3o do laborat\u00f3rio para usos pr\u00e1ticos. O estudo foi publicado na Science Robotics, no m\u00eas de dezembro. <\/p>\n","protected":false},"excerpt":{"rendered":"Com cerca de 210 por 340 micr\u00f4metros e apenas 50 micr\u00f4metros de espessura, o dispositivo representa um marco&hellip;\n","protected":false},"author":2,"featured_media":224401,"comment_status":"","ping_status":"","sticky":false,"template":"","format":"standard","meta":{"footnotes":""},"categories":[84],"tags":[109,107,108,32,33,105,103,104,106,110],"class_list":{"0":"post-224400","1":"post","2":"type-post","3":"status-publish","4":"format-standard","5":"has-post-thumbnail","7":"category-ciencia-e-tecnologia","8":"tag-ciencia","9":"tag-ciencia-e-tecnologia","10":"tag-cienciaetecnologia","11":"tag-portugal","12":"tag-pt","13":"tag-science","14":"tag-science-and-technology","15":"tag-scienceandtechnology","16":"tag-technology","17":"tag-tecnologia"},"share_on_mastodon":{"url":"https:\/\/pubeurope.com\/@pt\/115875038020514199","error":""},"_links":{"self":[{"href":"https:\/\/www.europesays.com\/pt\/wp-json\/wp\/v2\/posts\/224400","targetHints":{"allow":["GET"]}}],"collection":[{"href":"https:\/\/www.europesays.com\/pt\/wp-json\/wp\/v2\/posts"}],"about":[{"href":"https:\/\/www.europesays.com\/pt\/wp-json\/wp\/v2\/types\/post"}],"author":[{"embeddable":true,"href":"https:\/\/www.europesays.com\/pt\/wp-json\/wp\/v2\/users\/2"}],"replies":[{"embeddable":true,"href":"https:\/\/www.europesays.com\/pt\/wp-json\/wp\/v2\/comments?post=224400"}],"version-history":[{"count":0,"href":"https:\/\/www.europesays.com\/pt\/wp-json\/wp\/v2\/posts\/224400\/revisions"}],"wp:featuredmedia":[{"embeddable":true,"href":"https:\/\/www.europesays.com\/pt\/wp-json\/wp\/v2\/media\/224401"}],"wp:attachment":[{"href":"https:\/\/www.europesays.com\/pt\/wp-json\/wp\/v2\/media?parent=224400"}],"wp:term":[{"taxonomy":"category","embeddable":true,"href":"https:\/\/www.europesays.com\/pt\/wp-json\/wp\/v2\/categories?post=224400"},{"taxonomy":"post_tag","embeddable":true,"href":"https:\/\/www.europesays.com\/pt\/wp-json\/wp\/v2\/tags?post=224400"}],"curies":[{"name":"wp","href":"https:\/\/api.w.org\/{rel}","templated":true}]}}