{"id":224406,"date":"2026-01-11T06:38:16","date_gmt":"2026-01-11T06:38:16","guid":{"rendered":"https:\/\/www.europesays.com\/pt\/224406\/"},"modified":"2026-01-11T06:38:16","modified_gmt":"2026-01-11T06:38:16","slug":"hubble-descobre-galaxia-falhada-dominada-por-materia-escura","status":"publish","type":"post","link":"https:\/\/www.europesays.com\/pt\/224406\/","title":{"rendered":"Hubble descobre \u201cgal\u00e1xia falhada\u201d, dominada por mat\u00e9ria escura"},"content":{"rendered":"<p class=\"category\"><a href=\"https:\/\/sicnoticias.pt\/ciencia\" rel=\"nofollow noopener\" target=\"_blank\">Ci\u00eancia<\/a><\/p>\n<p>Astr\u00f3nomos detetaram um objeto astron\u00f3mico in\u00e9dito: a Nuvem-9, uma nuvem de mat\u00e9ria escura rica em g\u00e1s mas sem estrelas, uma gal\u00e1xia que nunca chegou a nascer.<\/p>\n<p><img decoding=\"async\" src=\"https:\/\/www.europesays.com\/pt\/wp-content\/uploads\/2026\/01\/1768113496_337_original.webp\" alt=\"A localiza\u00e7\u00e3o de Cloud-9, a 2000 anos-luz da Terra.\"\/><\/p>\n<p>A localiza\u00e7\u00e3o de Cloud-9, a 2000 anos-luz da Terra.<\/p>\n<p>NASA, ESA. G. Anand (STScI), and A. Benitez-Llambay (Univ. of Milan-Bicocca); Image processing: J. DePasquale (STScI)<\/p>\n<p><strong>Uma equipa internacional de astr\u00f3nomos descobriu, com o<\/strong><a href=\"https:\/\/esahubble.org\/about\/general\/instruments\/acs\/\" target=\"_blank\" rel=\"noopener noreferrer nofollow\"><strong> Telesc\u00f3pio Espacial Hubble<\/strong><\/a><strong>, um objeto astron\u00f3mico in\u00e9dito: uma nuvem de mat\u00e9ria escura, rica em g\u00e1s e sem estrelas. Batizada Nuvem-9, \u00e9 a primeira dete\u00e7\u00e3o confirmada de uma \u201cgal\u00e1xia falhada\u201d, um vest\u00edgio dos prim\u00f3rdios do Universo.<\/strong><\/p>\n<blockquote><p>\u201cEsta \u00e9 a hist\u00f3ria de uma gal\u00e1xia que n\u00e3o se formou\u201d, resume em <a href=\"https:\/\/esahubble.org\/news\/heic2601\/?lang\" target=\"_blank\" rel=\"noopener noreferrer nofollow\">comunicado <\/a>o investigador principal, Alejandro Benitez-Llambay, da Universidade de Milano-Bicocca, em It\u00e1lia. <\/p><\/blockquote>\n<p style=\"text-align: left;\">Segundo o cientista, a Nuvem-9 representa um bloco primordial de mat\u00e9ria que deveria ter dado origem a uma gal\u00e1xia, mas ficou pelo caminho. Foi precisamente a aus\u00eancia de estrelas que confirmou a hip\u00f3tese te\u00f3rica.<\/p>\n<blockquote style=\"text-align: left;\"><p>\u201cNa ci\u00eancia, geralmente aprendemos mais com os fracassos do que com os sucessos. Neste caso, a aus\u00eancia de estrelas \u00e9 o que comprova a teoria. Isto indica-nos que encontramos, no Universo local, um bloco primordial de uma gal\u00e1xia que n\u00e3o chegou a formar-se&#8221;.<\/p><\/blockquote>\n<p>Uma janela rara para a mat\u00e9ria escura<\/p>\n<p>A Nuvem-9 \u00e9 dominada por mat\u00e9ria escura (ou negra), componente invis\u00edvel que se estima representar a maior parte da massa do Universo. <\/p>\n<blockquote style=\"text-align: left;\"><p>\u201cEsta nuvem \u00e9 uma janela para o Universo escuro. Sabemos, pela teoria, que a maior parte da massa do Universo \u00e9 composta por mat\u00e9ria escura, mas \u00e9 dif\u00edcil de detetar porque n\u00e3o emite luz&#8221;, explicou Andrew Fox, membro da equipa do AURA\/STScI da Ag\u00eancia Espacial Europeia.<\/p><\/blockquote>\n<p>Neste caso, a nuvem funciona como uma esp\u00e9cie de laborat\u00f3rio natural. \u201cProporciona-nos uma vis\u00e3o rara de uma estrutura em que a mat\u00e9ria escura domina claramente\u201d, acrescenta.<\/p>\n<p>O que \u00e9 a mat\u00e9ria escura?<\/p>\n<p>Embora pare\u00e7a amea\u00e7ador, a verdade \u00e9 que os termos &#8220;escuro&#8221; ou \u201cnegro\u201d s\u00e3o usados porque n\u00e3o parece interagir com a luz como outras mat\u00e9rias &#8211; n\u00e3o emite, n\u00e3o reflete, n\u00e3o absorve qualquer parte do espectro eletromagn\u00e9tico &#8211; o que faz com que a subst\u00e2ncia seja dif\u00edcil de caracterizar.<\/p>\n<p>Estima-se que cerca de 85% da mat\u00e9ria no Universo \u00e9 mat\u00e9ria escura, mas a sua natureza permanece um grande mist\u00e9rio para os cientistas.<\/p>\n<p>Objeto fantasma proposto em teoria<\/p>\n<p>Do ponto de vista cient\u00edfico, a Nuvem-9 pertence a uma classe te\u00f3rica de objetos conhecidos como RELHICs, sigla para Reionization-Limited H I Clouds.<\/p>\n<p>O termo refere-se a nuvens de hidrog\u00e9nio primordial, formadas nos primeiros tempos do Universo, que n\u00e3o conseguiram acumular g\u00e1s suficiente para dar origem a estrelas. Durante anos, estas estruturas foram previstas por modelos cosmol\u00f3gicos, mas nunca tinham sido confirmadas de forma inequ\u00edvoca.<\/p>\n<p>Antes das observa\u00e7\u00f5es do Telesc\u00f3pio Espacial Hubble, os astr\u00f3nomos n\u00e3o conseguiam excluir totalmente a hip\u00f3tese de se tratar de uma gal\u00e1xia an\u00e3 extremamente t\u00e9nue.<\/p>\n<blockquote><p>\u201cCom telesc\u00f3pios terrestres, poder\u00edamos estar simplesmente a n\u00e3o ver as estrelas, por falta de sensibilidade. Mas as imagens do Hubble mostram claramente que n\u00e3o h\u00e1 estrelas ali&#8221;, explica Gagandeep Anand, autora principal do estudo e investigadora do Instituto de Ci\u00eancia do Telesc\u00f3pio Espacial, nos Estados Unidos<\/p><\/blockquote>\n<p>Pequena, compacta e diferente de todas as outras<\/p>\n<p style=\"text-align: left;\">Os astr\u00f3nomos estudam h\u00e1 d\u00e9cadas nuvens de hidrog\u00e9nio nas proximidades da Via L\u00e1ctea, mas a Nuvem-9 destaca-se pela sua morfologia. \u00c9 mais pequena, mais compacta e esf\u00e9rica, ao contr\u00e1rio das nuvens de g\u00e1s normalmente observadas, que tendem a ser extensas e irregulares.<\/p>\n<p>O n\u00facleo da nuvem tem cerca de 4.900 anos-luz de di\u00e2metro e cont\u00e9m <strong>hidrog\u00e9nio neutro<\/strong> com uma massa equivalente a cerca de um milh\u00e3o de s\u00f3is.<\/p>\n<p>Mas os c\u00e1lculos indicam que a Nuvem-9 \u00e9 fortemente dominada por mat\u00e9ria escura. &#8220;Se a press\u00e3o do g\u00e1s estiver, como parece, a equilibrar a gravidade da nuvem de mat\u00e9ria escura, a massa total poder\u00e1 rondar os cinco mil milh\u00f5es de massas solares&#8221;.<\/p>\n<p>Este contraste entre a escassez de g\u00e1s e a enorme massa total \u00e9 um dos principais ind\u00edcios de que se trata de uma gal\u00e1xia falhada.<\/p>\n<p>Descoberta por r\u00e1dio, confirma\u00e7\u00e3o no espa\u00e7o<\/p>\n<p style=\"text-align: left;\">A Nuvem-9 foi identificada inicialmente h\u00e1 tr\u00eas anos num levantamento em r\u00e1dio realizado pelo telesc\u00f3pio FAST, na China, e confirmada mais tarde por observa\u00e7\u00f5es do Telesc\u00f3pio de Green Bank e do Very Large Array, nos Estados Unidos.<\/p>\n<p>O nome Nuvem-9 n\u00e3o tem qualquer conota\u00e7\u00e3o simb\u00f3lica. Foi simplesmente a nona nuvem de g\u00e1s identificada na periferia da gal\u00e1xia espiral Messier 94, uma gal\u00e1xia relativamente pr\u00f3xima da Via L\u00e1ctea.<\/p>\n<p>Os dados sugerem que a Nuvem-9 est\u00e1 fisicamente associada \u00e0 Messier 94. Observa\u00e7\u00f5es r\u00e1dio de alta resolu\u00e7\u00e3o revelam pequenas distor\u00e7\u00f5es no g\u00e1s, possivelmente causadas por intera\u00e7\u00f5es gravitacionais com a gal\u00e1xia vizinha.<\/p>\n<p>A Nuvem-9 poder\u00e1 eventualmente formar uma gal\u00e1xia no futuro, dependendo do seu crescimento em massa.<\/p>\n<p>Messier 94<\/p>\n<p>ESA\/Hubble &amp; NASA<\/p>\n","protected":false},"excerpt":{"rendered":"Ci\u00eancia Astr\u00f3nomos detetaram um objeto astron\u00f3mico in\u00e9dito: a Nuvem-9, uma nuvem de mat\u00e9ria escura rica em g\u00e1s mas&hellip;\n","protected":false},"author":2,"featured_media":224407,"comment_status":"","ping_status":"","sticky":false,"template":"","format":"standard","meta":{"footnotes":""},"categories":[84],"tags":[109,107,108,32,33,105,103,104,106,110],"class_list":{"0":"post-224406","1":"post","2":"type-post","3":"status-publish","4":"format-standard","5":"has-post-thumbnail","7":"category-ciencia-e-tecnologia","8":"tag-ciencia","9":"tag-ciencia-e-tecnologia","10":"tag-cienciaetecnologia","11":"tag-portugal","12":"tag-pt","13":"tag-science","14":"tag-science-and-technology","15":"tag-scienceandtechnology","16":"tag-technology","17":"tag-tecnologia"},"share_on_mastodon":{"url":"https:\/\/pubeurope.com\/@pt\/115875093047600781","error":""},"_links":{"self":[{"href":"https:\/\/www.europesays.com\/pt\/wp-json\/wp\/v2\/posts\/224406","targetHints":{"allow":["GET"]}}],"collection":[{"href":"https:\/\/www.europesays.com\/pt\/wp-json\/wp\/v2\/posts"}],"about":[{"href":"https:\/\/www.europesays.com\/pt\/wp-json\/wp\/v2\/types\/post"}],"author":[{"embeddable":true,"href":"https:\/\/www.europesays.com\/pt\/wp-json\/wp\/v2\/users\/2"}],"replies":[{"embeddable":true,"href":"https:\/\/www.europesays.com\/pt\/wp-json\/wp\/v2\/comments?post=224406"}],"version-history":[{"count":0,"href":"https:\/\/www.europesays.com\/pt\/wp-json\/wp\/v2\/posts\/224406\/revisions"}],"wp:featuredmedia":[{"embeddable":true,"href":"https:\/\/www.europesays.com\/pt\/wp-json\/wp\/v2\/media\/224407"}],"wp:attachment":[{"href":"https:\/\/www.europesays.com\/pt\/wp-json\/wp\/v2\/media?parent=224406"}],"wp:term":[{"taxonomy":"category","embeddable":true,"href":"https:\/\/www.europesays.com\/pt\/wp-json\/wp\/v2\/categories?post=224406"},{"taxonomy":"post_tag","embeddable":true,"href":"https:\/\/www.europesays.com\/pt\/wp-json\/wp\/v2\/tags?post=224406"}],"curies":[{"name":"wp","href":"https:\/\/api.w.org\/{rel}","templated":true}]}}