{"id":224414,"date":"2026-01-11T07:23:17","date_gmt":"2026-01-11T07:23:17","guid":{"rendered":"https:\/\/www.europesays.com\/pt\/224414\/"},"modified":"2026-01-11T07:23:17","modified_gmt":"2026-01-11T07:23:17","slug":"alguns-comportamentos-de-cotrim-caem-no-ridiculo-marques-mendes-deixa-criticas-a-adversario-a-direita-cmjornal-pt","status":"publish","type":"post","link":"https:\/\/www.europesays.com\/pt\/224414\/","title":{"rendered":"&quot;Alguns comportamentos de Cotrim caem no rid\u00edculo&quot;: Marques Mendes deixa cr\u00edticas a advers\u00e1rio \u00e0 direita &#8211; cmjornal.pt"},"content":{"rendered":"<ol>\n<li><a href=\"https:\/\/news.google.com\/rss\/articles\/CBMi3gFBVV95cUxNckhSVkoxSnlDUGcwS2kzMnlRc0RpOXRZSk5UVWUzUW8xakNEQUthLXZyMnJxekJaREhGMFRkWmd0TjFnN2VoUzkwTVhfZm1wd1NIV0ZNbU5GeXRRekhtU0lkUkVpSlNVQTVWdXY4elRyMzkzS2pwOVZyX195aldYSFM3dnFDVUN2SXJvMzNxSl9OcHJ5WVBCNkFyTzZWcnNHODZEd2RGcy0wNzNkZ3hZTFF2SHNrTGtjNTI5NjlzVm4yWXVzM25FNjlqb0pnc0xaM3h2T1Rrb29SWkpSWXc?oc=5\" target=\"_blank\" rel=\"nofollow noopener\">&#8220;Alguns comportamentos de Cotrim caem no rid\u00edculo&#8221;: Marques Mendes deixa cr\u00edticas a advers\u00e1rio \u00e0 direita<\/a>&nbsp;&nbsp;cmjornal.pt<\/li>\n<li><a href=\"https:\/\/news.google.com\/rss\/articles\/CBMijAFBVV95cUxOQ0wtbWhfd1BaYTZIcXUtaGh6VWNWNnJycklKMUVKQXd1UzJrY00zS2U2cHJVZElmc2s5al8zbkVpdjZTM3ZtT01CRDFid3BvczlKd0ZIQjQ2ZWhtbXIybjN0YnhQbnJwbWFqeWRPUDlWbjc1c0JpTmdXLUR2LThEZUZPeHQ5Vi1NOVBCZg?oc=5\" target=\"_blank\" rel=\"nofollow noopener\">Morte de idoso no Seixal<\/a>&nbsp;&nbsp;R7<\/li>\n<li><a href=\"https:\/\/news.google.com\/rss\/articles\/CBMiygFBVV95cUxPWUtRdkFPQWE0bXNvN3k5dEwtNHlIR21RdnBWRWNmMWNRbTlSckpKX2xoZWJ0dFhtejRDemY0MnBHQzc0a01odXA4eXBBeUY2aVkzTTRVR1ZzdEhCRVlGYl82Ym9Ja1JIX2VXR3l5dXF3cE9zNE1EeTFaRDNHRTl1aVI4SnpkLUxmUFVsMlR6X0hhdUx0eU1FVWhXNThvclpmRGhPcHlndkJaTDJhSjNKbHMxYlNlX3dQQklUaHFOS0tOY0taVUhYdkZR?oc=5\" target=\"_blank\" rel=\"nofollow noopener\">Tr\u00eas mortes em menos de 48 horas por falta de socorro deixam INEM debaixo de fogo<\/a>&nbsp;&nbsp;Jornal de Neg\u00f3cios<\/li>\n<li><a href=\"https:\/\/news.google.com\/rss\/articles\/CBMisAFBVV95cUxQTXlWQjBmcklwV2pIRlA2YmdLYVFFRUloR2NKR3BDVTJRMThmRGpleHNIZ2UwNnNHajJaWDBIS2tRTDAwekFncUU3SVJlMDRxMDVjY2Z2MVBFdGNYOTRDYWJ5cmV3NWI1SGplUGVYdElYNjdNOFVYUkN0MWsyOW1LSnZlbktSMFgwZEowSE1HdjZKaS1mMWxEa193MENVRGEzbi1HVVVPRmhRMXhieUJQaw?oc=5\" target=\"_blank\" rel=\"nofollow noopener\">18h Montenegro anuncia 275 novas viaturas para o INEM<\/a>&nbsp;&nbsp;RTP<\/li>\n<li><a href=\"https:\/\/news.google.com\/rss\/articles\/CBMilAJBVV95cUxPQ1dsNXFRbGVnNU9peTc2R1JtSDU0VF9hSjdlM1BhMXJYYTg4N1J5aEdWTXZUS1AyMGE0M01EOG9jVnR6X2QyNXlMRTZob2JjT09ka25xS1QwNXdTa2pVbW03UWY5Mzcxb0dFWWwtQmRfR3pKcGtOMURrQ01qR2lYX3lCdjdNZ05JVjQ1Y1hqenpib2J0am9hNWFLazd0SW1fZTlKU1lfWmFiOTdzV3RNZjduRGZuWVVIYkRPRjFfV2VKaWdNQkZic3JFUm8wWWxzOU9naE9kMFpEWmRueFl1ZEVmclZKaWVEYjgyZk9MNV9tODNrckZTOG84RjVKRTVyRlNKTW1DaUQzNU8xZkxqbzFrQkU?oc=5\" target=\"_blank\" rel=\"nofollow noopener\">Quinta do Conde: filho da v\u00edtima diz que ligou 3 vezes para o 112, a voz tremeu ao saber que ambul\u00e2ncia vinha de Carcavelos<\/a>&nbsp;&nbsp;MSN<\/li>\n<\/ol>\n","protected":false},"excerpt":{"rendered":"&#8220;Alguns comportamentos de Cotrim caem no rid\u00edculo&#8221;: Marques Mendes deixa cr\u00edticas a advers\u00e1rio \u00e0 direita&nbsp;&nbsp;cmjornal.pt Morte de idoso&hellip;\n","protected":false},"author":2,"featured_media":224415,"comment_status":"","ping_status":"","sticky":false,"template":"","format":"standard","meta":{"footnotes":""},"categories":[10],"tags":[27,28,15,16,14,25,26,21,22,12,13,19,20,32,23,24,33,218,17,18,29,30,31],"class_list":{"0":"post-224414","1":"post","2":"type-post","3":"status-publish","4":"format-standard","5":"has-post-thumbnail","7":"category-portugal","8":"tag-breaking-news","9":"tag-breakingnews","10":"tag-featured-news","11":"tag-featurednews","12":"tag-headlines","13":"tag-latest-news","14":"tag-latestnews","15":"tag-main-news","16":"tag-mainnews","17":"tag-news","18":"tag-noticias","19":"tag-noticias-principais","20":"tag-noticiasprincipais","21":"tag-portugal","22":"tag-principais-noticias","23":"tag-principaisnoticias","24":"tag-pt","25":"tag-televisao","26":"tag-top-stories","27":"tag-topstories","28":"tag-ultimas","29":"tag-ultimas-noticias","30":"tag-ultimasnoticias"},"share_on_mastodon":{"url":"https:\/\/pubeurope.com\/@pt\/115875270000908111","error":""},"_links":{"self":[{"href":"https:\/\/www.europesays.com\/pt\/wp-json\/wp\/v2\/posts\/224414","targetHints":{"allow":["GET"]}}],"collection":[{"href":"https:\/\/www.europesays.com\/pt\/wp-json\/wp\/v2\/posts"}],"about":[{"href":"https:\/\/www.europesays.com\/pt\/wp-json\/wp\/v2\/types\/post"}],"author":[{"embeddable":true,"href":"https:\/\/www.europesays.com\/pt\/wp-json\/wp\/v2\/users\/2"}],"replies":[{"embeddable":true,"href":"https:\/\/www.europesays.com\/pt\/wp-json\/wp\/v2\/comments?post=224414"}],"version-history":[{"count":0,"href":"https:\/\/www.europesays.com\/pt\/wp-json\/wp\/v2\/posts\/224414\/revisions"}],"wp:featuredmedia":[{"embeddable":true,"href":"https:\/\/www.europesays.com\/pt\/wp-json\/wp\/v2\/media\/224415"}],"wp:attachment":[{"href":"https:\/\/www.europesays.com\/pt\/wp-json\/wp\/v2\/media?parent=224414"}],"wp:term":[{"taxonomy":"category","embeddable":true,"href":"https:\/\/www.europesays.com\/pt\/wp-json\/wp\/v2\/categories?post=224414"},{"taxonomy":"post_tag","embeddable":true,"href":"https:\/\/www.europesays.com\/pt\/wp-json\/wp\/v2\/tags?post=224414"}],"curies":[{"name":"wp","href":"https:\/\/api.w.org\/{rel}","templated":true}]}}