{"id":224436,"date":"2026-01-11T08:18:10","date_gmt":"2026-01-11T08:18:10","guid":{"rendered":"https:\/\/www.europesays.com\/pt\/224436\/"},"modified":"2026-01-11T08:18:10","modified_gmt":"2026-01-11T08:18:10","slug":"destroi-familias-aterroriza-cidadaos-e-agora-assassina-pessoas-inocentes-billie-eilish-compara-ice-a-organizacao-terrorista-expresso","status":"publish","type":"post","link":"https:\/\/www.europesays.com\/pt\/224436\/","title":{"rendered":"\u201cDestr\u00f3i fam\u00edlias, aterroriza cidad\u00e3os e agora assassina pessoas inocentes\u201d: Billie Eilish compara ICE a organiza\u00e7\u00e3o terrorista &#8211; Expresso"},"content":{"rendered":"<ol>\n<li><a href=\"https:\/\/news.google.com\/rss\/articles\/CBMi_gFBVV95cUxNeU5vV3kwUVpiTkx2NFVFdmhQMDFhWFZHMUwySnVEbnQ2b1o4dGFVR1VMMU5qcEhkam02Rkx0bU9PdjNmUFdTZjZLdno1ZDJ4WUZRVmJSQ0MxRmpldHNVQTdyb09TUEJIN3NQWXVjTVZhTE1jXzN5LUxiYzgwRmxlcUhxTU9MTnJtVG5mSkg2c0VraE5XbUFNbUtneTNHYkFEM2V5R002VmlNelY2MjUwNXdIVDNDT2YxY0s2N3ZxTXlBT0JNSUhrUUphakI0OFZxdTJxUWU3U3h3VnpSRVBQYWgxcXhtT3ZCTjZVbC1VdnpIZ0lDZnhzT1RpcEFxQQ?oc=5\" target=\"_blank\" rel=\"nofollow noopener\">\u201cDestr\u00f3i fam\u00edlias, aterroriza cidad\u00e3os e agora assassina pessoas inocentes\u201d: Billie Eilish compara ICE a organiza\u00e7\u00e3o terrorista<\/a>&nbsp;&nbsp;Expresso<\/li>\n<li><a href=\"https:\/\/news.google.com\/rss\/articles\/CBMi1AFBVV95cUxPRVVGTERlQ09EVEFoamQ5eWhfT2VvSWNDeF9PZV9lb2JMZ3BHcFpYU1ladVZteXdYQnpKTm9rOEl2dFUwZkJHaHhCbHI0eXQzR25YUWxZSUNrY09PMXkwX3NXNk9xWFFiRVRHRENXc0VvZGs0YU5qWmttLTNrNTlrbE9MV3ZLYnhtUy1LZ1lPZkZRNUx5R0VTMlZtT0o4YWdXZGFjS0ZoTDlxUm5aM1J1R05velNCc2t0c2tzWExjRzBiN19XWGlueE1MYnZnanpaLW9lcNIB4wFBVV95cUxNdjI1U2NVTlhLSXBIYTJtelQtUF8wc3VPdWt4MVg3VXpZdk1seEt6aEd3N25jTWVFVG5DOU5XWFJqQm05UXBBOW5jMXRCNmpsTmlKWmRJVnFibmJFdGxrcDl1VWZjMVBfcXBiSzhRVmdESVp2NnRoa0NFRHpjUVNPYmlPM3pZQXJKeFQ1elRmZmt3R3V3UHNneVQzYlZRYi12eXpCeXJlcmRFNjRZV1R1UXNzSFZFYmpzSUhVQXp2ODFaY0lkRnkyYzB2SlR4SWZXS2s3U2FYTnVKVnpsTzJzN3NGcw?oc=5\" target=\"_blank\" rel=\"nofollow noopener\">&#8216;Est\u00e1 tudo bem, cara&#8217;: mulher tentou acalmar agente do ICE antes de ser morta em Minnesota<\/a>&nbsp;&nbsp;G1<\/li>\n<li><a href=\"https:\/\/news.google.com\/rss\/articles\/CBMiwwFBVV95cUxPWWtGazJTMWlMNWdQSkd6NW1qS2tTSUtYQ0VtVUdUbW15SGFwMnVveWt4THZ0b0Y2d3R4UDJHSkFmQWFwa1NOLVhmNGl0elZqdTBJbzljRnpTV0Y5T2dyOXgzMXNsaUZ2N2RlalU3WEhla1BhSXJFM0doQWh0Y2RPM3Y2N3B2Y3NPem9obHllWTB1QUNXNDdaajNzanFGeUVPN0k4VlItU1cxcEZjV19VUVZpLWRLUncxWUtwQzdaNlBSa3PSAcgBQVVfeXFMTzBwa2x0czRsVFNTdWw3NVozSnBTUVlJUzdBNXNzLVVDRzF3cG1jYngzS1IwVFVoREN6bElWOTRYbHp0VnpmRnpOdXNNTm9MeTU2N2NVWmNRcUhRcDMyaWVfZnZWSDhqOXNrXzZqUHRBSzIyZHN2Y0dfTldDRGotR1d5Q2RzNHpxSTBGckxNcWVIVWhQb2RmcExjQVROYWd5cGlOUWFRQ3hNYzBPUHMyc3MtSGtzYzA4STJVVThlM2R1ZmQ0OUxUd2M?oc=5\" target=\"_blank\" rel=\"nofollow noopener\">Milhares v\u00e3o \u00e0s ruas em Minneapolis contra morte de mulher baleada pelo ICE<\/a>&nbsp;&nbsp;Folha de S.Paulo<\/li>\n<li><a href=\"https:\/\/news.google.com\/rss\/articles\/CBMiYkFVX3lxTE1DQzBCWjdBTlJGTmxoVHBXTHB5OGF5QTNod0NYeVM5RTlYTV9adEtHNGV1a3VvelZHWG9nOVllSUZVRUNENS1reTFQNjZ2al8zNnRDalpWckRid3FHdWFJLUFn0gFnQVVfeXFMT3M2ZFJNZE5vUWdyck5lMEdMWFlKSElqSnN2WnZBOVAzdV9SWFdDbF9hbzJ3SE1CVGJ0UGpUOTB3OFByanlSWF9xUGJSbEVUQ3lZRElIWldNOXJ4ZTZ0MlF1emExdlI3dw?oc=5\" target=\"_blank\" rel=\"nofollow noopener\">Tiroteio em Minneapolis: segundo a segundo da a\u00e7\u00e3o de agente de imigra\u00e7\u00e3o que matou mulher<\/a>&nbsp;&nbsp;BBC<\/li>\n<li><a href=\"https:\/\/news.google.com\/rss\/articles\/CBMipAFBVV95cUxPRjlQUWNyaDl6UjRzejBXamw4b3dUR3VLUmZwVmJzb1dxSENSOVJmcFZvU0oyZWsxc0tkNkFhTVc3aHVLbTRKS25sdEFVZTl1ekNnTXc3SlVnZ1ZQMENXSTkwMVBKWnZ1M0JwZ1c2QjlHb2M2cWhTVGdDczJnS0JMdEFNM0xBdGgzMHBhczBwN1Q2ZVVuUEZuZTZaZmIxbVF3ME5sRg?oc=5\" target=\"_blank\" rel=\"nofollow noopener\">Agente do ICE que matou mulher pode ser processado? Entenda<\/a>&nbsp;&nbsp;CNN Brasil<\/li>\n<\/ol>\n","protected":false},"excerpt":{"rendered":"\u201cDestr\u00f3i fam\u00edlias, aterroriza cidad\u00e3os e agora assassina pessoas inocentes\u201d: Billie Eilish compara ICE a organiza\u00e7\u00e3o terrorista&nbsp;&nbsp;Expresso &#8216;Est\u00e1 tudo&hellip;\n","protected":false},"author":2,"featured_media":196976,"comment_status":"","ping_status":"","sticky":false,"template":"","format":"standard","meta":{"footnotes":""},"categories":[50],"tags":[27,28,15,16,14,25,26,21,22,62,12,13,19,20,23,24,17,18,29,30,31,63,64,65],"class_list":{"0":"post-224436","1":"post","2":"type-post","3":"status-publish","4":"format-standard","5":"has-post-thumbnail","7":"category-mundo","8":"tag-breaking-news","9":"tag-breakingnews","10":"tag-featured-news","11":"tag-featurednews","12":"tag-headlines","13":"tag-latest-news","14":"tag-latestnews","15":"tag-main-news","16":"tag-mainnews","17":"tag-mundo","18":"tag-news","19":"tag-noticias","20":"tag-noticias-principais","21":"tag-noticiasprincipais","22":"tag-principais-noticias","23":"tag-principaisnoticias","24":"tag-top-stories","25":"tag-topstories","26":"tag-ultimas","27":"tag-ultimas-noticias","28":"tag-ultimasnoticias","29":"tag-world","30":"tag-world-news","31":"tag-worldnews"},"share_on_mastodon":{"url":"https:\/\/pubeurope.com\/@pt\/115875486383533949","error":""},"_links":{"self":[{"href":"https:\/\/www.europesays.com\/pt\/wp-json\/wp\/v2\/posts\/224436","targetHints":{"allow":["GET"]}}],"collection":[{"href":"https:\/\/www.europesays.com\/pt\/wp-json\/wp\/v2\/posts"}],"about":[{"href":"https:\/\/www.europesays.com\/pt\/wp-json\/wp\/v2\/types\/post"}],"author":[{"embeddable":true,"href":"https:\/\/www.europesays.com\/pt\/wp-json\/wp\/v2\/users\/2"}],"replies":[{"embeddable":true,"href":"https:\/\/www.europesays.com\/pt\/wp-json\/wp\/v2\/comments?post=224436"}],"version-history":[{"count":0,"href":"https:\/\/www.europesays.com\/pt\/wp-json\/wp\/v2\/posts\/224436\/revisions"}],"wp:featuredmedia":[{"embeddable":true,"href":"https:\/\/www.europesays.com\/pt\/wp-json\/wp\/v2\/media\/196976"}],"wp:attachment":[{"href":"https:\/\/www.europesays.com\/pt\/wp-json\/wp\/v2\/media?parent=224436"}],"wp:term":[{"taxonomy":"category","embeddable":true,"href":"https:\/\/www.europesays.com\/pt\/wp-json\/wp\/v2\/categories?post=224436"},{"taxonomy":"post_tag","embeddable":true,"href":"https:\/\/www.europesays.com\/pt\/wp-json\/wp\/v2\/tags?post=224436"}],"curies":[{"name":"wp","href":"https:\/\/api.w.org\/{rel}","templated":true}]}}