{"id":224440,"date":"2026-01-11T08:24:07","date_gmt":"2026-01-11T08:24:07","guid":{"rendered":"https:\/\/www.europesays.com\/pt\/224440\/"},"modified":"2026-01-11T08:24:07","modified_gmt":"2026-01-11T08:24:07","slug":"amor-a-prova-nico-e-encontrado-com-afonso-novelas","status":"publish","type":"post","link":"https:\/\/www.europesays.com\/pt\/224440\/","title":{"rendered":"Amor \u00e0 Prova: Nico \u00e9 encontrado com Afonso &#8211; Novelas"},"content":{"rendered":"<p>Em \u00abAmor \u00e0 Prova\u00bb, Alice (Mafalda Marafusta) e Tom\u00e1s (Jo\u00e3o Jesus) v\u00e3o em dire\u00e7\u00e3o a algu\u00e9m. Tom\u00e1s est\u00e1 irritado e fala aos berros. Alice pede-lhe para ter calma. Tom\u00e1s fala com Afonso (Guilherme Filipe) e acusa-o de ser um irrespons\u00e1vel. Afonso conta que Nico (Salvador Biernat) lhe ligou a pedir para vir aos karts e que os pais autorizavam. Nico ganha a corrida e emociona-se. Os pais abra\u00e7am-no e emocionam-se tamb\u00e9m.<\/p>\n","protected":false},"excerpt":{"rendered":"Em \u00abAmor \u00e0 Prova\u00bb, Alice (Mafalda Marafusta) e Tom\u00e1s (Jo\u00e3o Jesus) v\u00e3o em dire\u00e7\u00e3o a algu\u00e9m. Tom\u00e1s est\u00e1&hellip;\n","protected":false},"author":2,"featured_media":224441,"comment_status":"","ping_status":"","sticky":false,"template":"","format":"standard","meta":{"footnotes":""},"categories":[142],"tags":[17049,160,166,114,115,157,167,164,2931,161,158,165,159,32,33,156,163,151,162],"class_list":{"0":"post-224440","1":"post","2":"type-post","3":"status-publish","4":"format-standard","5":"has-post-thumbnail","7":"category-tv","8":"tag-amor-a-prova","9":"tag-ana-guiomar","10":"tag-cristina-ferreira","11":"tag-entertainment","12":"tag-entretenimento","13":"tag-festa-e-festa","14":"tag-ficcao","15":"tag-jose-fidalgo","16":"tag-novela","17":"tag-novelas","18":"tag-para-sempre","19":"tag-pedro-sousa","20":"tag-pedro-teixeira","21":"tag-portugal","22":"tag-pt","23":"tag-queridos-papas","24":"tag-tiago-teotonio-pereira","25":"tag-tv","26":"tag-tvi"},"share_on_mastodon":{"url":"https:\/\/pubeurope.com\/@pt\/115875509852693372","error":""},"_links":{"self":[{"href":"https:\/\/www.europesays.com\/pt\/wp-json\/wp\/v2\/posts\/224440","targetHints":{"allow":["GET"]}}],"collection":[{"href":"https:\/\/www.europesays.com\/pt\/wp-json\/wp\/v2\/posts"}],"about":[{"href":"https:\/\/www.europesays.com\/pt\/wp-json\/wp\/v2\/types\/post"}],"author":[{"embeddable":true,"href":"https:\/\/www.europesays.com\/pt\/wp-json\/wp\/v2\/users\/2"}],"replies":[{"embeddable":true,"href":"https:\/\/www.europesays.com\/pt\/wp-json\/wp\/v2\/comments?post=224440"}],"version-history":[{"count":0,"href":"https:\/\/www.europesays.com\/pt\/wp-json\/wp\/v2\/posts\/224440\/revisions"}],"wp:featuredmedia":[{"embeddable":true,"href":"https:\/\/www.europesays.com\/pt\/wp-json\/wp\/v2\/media\/224441"}],"wp:attachment":[{"href":"https:\/\/www.europesays.com\/pt\/wp-json\/wp\/v2\/media?parent=224440"}],"wp:term":[{"taxonomy":"category","embeddable":true,"href":"https:\/\/www.europesays.com\/pt\/wp-json\/wp\/v2\/categories?post=224440"},{"taxonomy":"post_tag","embeddable":true,"href":"https:\/\/www.europesays.com\/pt\/wp-json\/wp\/v2\/tags?post=224440"}],"curies":[{"name":"wp","href":"https:\/\/api.w.org\/{rel}","templated":true}]}}