{"id":224442,"date":"2026-01-11T08:36:29","date_gmt":"2026-01-11T08:36:29","guid":{"rendered":"https:\/\/www.europesays.com\/pt\/224442\/"},"modified":"2026-01-11T08:36:29","modified_gmt":"2026-01-11T08:36:29","slug":"emigrante-procurado-por-perseguir-ex-mulher-na-belgica-detido-por-agredir-irmao-no-bombarral","status":"publish","type":"post","link":"https:\/\/www.europesays.com\/pt\/224442\/","title":{"rendered":"Emigrante procurado por perseguir ex-mulher na B\u00e9lgica detido por agredir irm\u00e3o no Bombarral"},"content":{"rendered":"<p data-remotead-prev-elm=\"true\" data-remotead-elm-id=\"inread\">O homem tem 50 anos e era emigrante na B\u00e9lgica. Nesse pa\u00eds, tamb\u00e9m vivia a companheira e os filhos de ambos, mas o relacionamento terminou por vontade da mulher. O portugu\u00eas n\u00e3o aceitou essa decis\u00e3o e come\u00e7ou a perseguir a m\u00e3e dos seus filhos, com o intuito de a for\u00e7ar a reatar a rela\u00e7\u00e3o.<\/p>\n<p>Segundo o JN apurou, foram v\u00e1rios os epis\u00f3dios de stalking e, no ano passado, a v\u00edtima apresentou queixa \u00e0s autoridades da B\u00e9lgica. Por\u00e9m, antes de ser detido, o emigrante regressou a Portugal e instalou-se na resid\u00eancia da fam\u00edlia, no concelho do Bombarral.<\/p>\n<p>A casa era partilhada com o irm\u00e3o, mas a conviv\u00eancia entre os dois familiares nunca foi pac\u00edfica. Em novembro, o irm\u00e3o queixou-se de ser v\u00edtima de viol\u00eancia dom\u00e9stica e os militares do N\u00facleo de Investiga\u00e7\u00e3o e Apoio a V\u00edtimas Espec\u00edficas de Leiria da GNR apuraram que este era sujeito a &#8220;intimida\u00e7\u00e3o e maus-tratos psicol\u00f3gicos e f\u00edsicos no contexto de rela\u00e7\u00e3o familiar&#8221;.<\/p>\n<p data-remotead-prev-elm=\"true\" data-remotead-elm-id=\"centro1\">A v\u00edtima tamb\u00e9m era alvo de alvo de &#8220;comportamentos reiterados de controlo&#8221;, foi retirada da habita\u00e7\u00e3o e institucionalizada, em dezembro \u00faltimo. Nesta ocasi\u00e3o, a GNR apurou que o agressor era procurado pela Pol\u00edcia da B\u00e9lgica e que havia um mandado de deten\u00e7\u00e3o europeu em seu nome.<\/p>\n<p>O antigo emigrante seria detido na \u00faltima quarta-feira e levado ao Tribunal de Coimbra, no dia seguinte. No final do primeiro interrogat\u00f3rio judicial, foi libertado pelo juiz que lhe imp\u00f4s, como medidas de coa\u00e7\u00e3o a &#8220;proibi\u00e7\u00e3o de se ausentar do pa\u00eds e apresenta\u00e7\u00f5es bissemanais no posto policial da sua \u00e1rea de resid\u00eancia&#8221;.<\/p>\n","protected":false},"excerpt":{"rendered":"O homem tem 50 anos e era emigrante na B\u00e9lgica. Nesse pa\u00eds, tamb\u00e9m vivia a companheira e os&hellip;\n","protected":false},"author":2,"featured_media":204475,"comment_status":"","ping_status":"","sticky":false,"template":"","format":"standard","meta":{"footnotes":""},"categories":[10],"tags":[3917,27,28,16610,15,16,2002,14,603,25,26,21,22,12,13,19,20,34634,32,23,24,33,17,18,29,30,31,3218],"class_list":{"0":"post-224442","1":"post","2":"type-post","3":"status-publish","4":"format-standard","5":"has-post-thumbnail","7":"category-portugal","8":"tag-belgica","9":"tag-breaking-news","10":"tag-breakingnews","11":"tag-detido","12":"tag-featured-news","13":"tag-featurednews","14":"tag-gnr","15":"tag-headlines","16":"tag-justica","17":"tag-latest-news","18":"tag-latestnews","19":"tag-main-news","20":"tag-mainnews","21":"tag-news","22":"tag-noticias","23":"tag-noticias-principais","24":"tag-noticiasprincipais","25":"tag-perseguicao","26":"tag-portugal","27":"tag-principais-noticias","28":"tag-principaisnoticias","29":"tag-pt","30":"tag-top-stories","31":"tag-topstories","32":"tag-ultimas","33":"tag-ultimas-noticias","34":"tag-ultimasnoticias","35":"tag-violencia-domestica"},"share_on_mastodon":{"url":"https:\/\/pubeurope.com\/@pt\/115875557054537013","error":""},"_links":{"self":[{"href":"https:\/\/www.europesays.com\/pt\/wp-json\/wp\/v2\/posts\/224442","targetHints":{"allow":["GET"]}}],"collection":[{"href":"https:\/\/www.europesays.com\/pt\/wp-json\/wp\/v2\/posts"}],"about":[{"href":"https:\/\/www.europesays.com\/pt\/wp-json\/wp\/v2\/types\/post"}],"author":[{"embeddable":true,"href":"https:\/\/www.europesays.com\/pt\/wp-json\/wp\/v2\/users\/2"}],"replies":[{"embeddable":true,"href":"https:\/\/www.europesays.com\/pt\/wp-json\/wp\/v2\/comments?post=224442"}],"version-history":[{"count":0,"href":"https:\/\/www.europesays.com\/pt\/wp-json\/wp\/v2\/posts\/224442\/revisions"}],"wp:featuredmedia":[{"embeddable":true,"href":"https:\/\/www.europesays.com\/pt\/wp-json\/wp\/v2\/media\/204475"}],"wp:attachment":[{"href":"https:\/\/www.europesays.com\/pt\/wp-json\/wp\/v2\/media?parent=224442"}],"wp:term":[{"taxonomy":"category","embeddable":true,"href":"https:\/\/www.europesays.com\/pt\/wp-json\/wp\/v2\/categories?post=224442"},{"taxonomy":"post_tag","embeddable":true,"href":"https:\/\/www.europesays.com\/pt\/wp-json\/wp\/v2\/tags?post=224442"}],"curies":[{"name":"wp","href":"https:\/\/api.w.org\/{rel}","templated":true}]}}