{"id":224447,"date":"2026-01-11T08:51:13","date_gmt":"2026-01-11T08:51:13","guid":{"rendered":"https:\/\/www.europesays.com\/pt\/224447\/"},"modified":"2026-01-11T08:51:13","modified_gmt":"2026-01-11T08:51:13","slug":"braga-e-vitoria-numa-final-historica-da-taca-da-liga-com-treinadores-a-pedir-personalidade-e-emocao","status":"publish","type":"post","link":"https:\/\/www.europesays.com\/pt\/224447\/","title":{"rendered":"Braga e Vit\u00f3ria numa final hist\u00f3rica da Ta\u00e7a da Liga com treinadores a pedir &#8220;personalidade&#8221; e &#8220;emo\u00e7\u00e3o&#8221;"},"content":{"rendered":"<p>&#13;<br \/>\nSporting de Braga e Vit\u00f3ria de Guimar\u00e3es j\u00e1 jogam no Est\u00e1dio Dr. Magalh\u00e3es Pessoa, em Leiria, na final da 19.\u00aa edi\u00e7\u00e3o da Ta\u00e7a da Liga. Pela primeira vez, os dois rivais do Minho est\u00e3o frente a frente num jogo decisivo de um trof\u00e9u nacional, numa edi\u00e7\u00e3o marcada pelas elimina\u00e7\u00f5es sucessivas dos tr\u00eas grandes \u2014 FC Porto, Sporting e Benfica.&#13;\n<\/p>\n<p>&#13;<br \/>\nO encontro, dirigido por H\u00e9lder Malheiro, vai atribuir o t\u00edtulo simbolicamente designado de \u201ccampe\u00e3o de inverno\u201d, num ano em que o l\u00edder do campeonato \u00e0 meia volta, o FC Porto, ficou de fora ap\u00f3s cair diante do Vit\u00f3ria.&#13;\n<\/p>\n<p>&#13;<br \/>\n<b>Carlos Vicens (42 anos) e Lu\u00eds Pinto (36) procuram conquistar o primeiro t\u00edtulo das respetivas carreiras. A final deste s\u00e1bado vai colocar um novo nome no palmar\u00e9s da Ta\u00e7a da Liga, sucedendo ao Benfica, recordista com oito conquistas.<\/b>&#13;\n<\/p>\n<p>&#13;<br \/>\nSer\u00e1 apenas a segunda final entre clubes da associa\u00e7\u00e3o de Braga, depois da vit\u00f3ria do Moreirense sobre o Sporting de Braga em 2016\/17. Lisboa mant\u00e9m o maior n\u00famero de \u201cduelos regionais\u201d, com tr\u00eas d\u00e9rbis entre Benfica e Sporting.&#13;\n<\/p>\n<p>&#13;<br \/>\n<b>A saber o arbitro H\u00e9lder Malheiro (AF Lisboa) est\u00e1 munido com uma c\u00e2mara na camisola (Bodycam).\u00a0&#13;<br \/>\n<\/b>&#13;\n<\/p>\n<p>Vit\u00f3ria de Guimar\u00e3es &#8211; Sporting de Braga (equipas oficiais)<br \/>\nConhe\u00e7a aquii a constitui\u00e7\u00e3o oficial das equipas do Vit\u00f3ria de Guimar\u00e3es e do Sporting de Braga, que hoje se defrontam na final da 19.\u00aa edi\u00e7\u00e3o da Ta\u00e7a da Liga de futebol, em encontro marcado para as 20h00, no Est\u00e1dio Municipal Dr. Magalh\u00e3es Pessoa, em Leiria:<\/p>\n<p><b><br \/>&#13;<br \/>\nVit\u00f3ria de Guimar\u00e3es<\/b>&#13;\n<\/p>\n<ul>&#13;<\/p>\n<li>27. Charles Silva<\/li>\n<p>&#13;<\/p>\n<li>66. Tony Strata<\/li>\n<p>&#13;<\/p>\n<li>3.. Miguel N\u00f3brega<\/li>\n<p>&#13;<\/p>\n<li>26. Rodrigo Abascal<\/li>\n<p>&#13;<\/p>\n<li>13. Jo\u00e3o Mendes<\/li>\n<p>&#13;<\/p>\n<li>23. Diogo Sousa<\/li>\n<p>&#13;<\/p>\n<li>30. Gon\u00e7alo Nogueira<\/li>\n<p>&#13;<\/p>\n<li>18. Telmo Arcanjo<\/li>\n<p>&#13;<\/p>\n<li>16. Beni Mukendi<\/li>\n<p>&#13;<\/p>\n<li>48. Noah Saviolo<\/li>\n<p>&#13;<\/p>\n<li>7. N\u00e9lson Oliveira \u2018capit\u00e3o\u2019<\/li>\n<p>&#13;\n<\/ul>\n<p>\nSuplentes:<\/p>\n<ul>&#13;<\/p>\n<li>25. Juan Castillo<\/li>\n<p>&#13;<\/p>\n<li>2. Miguel Maga<\/li>\n<p>&#13;<\/p>\n<li>17. Lebedenko<\/li>\n<p>&#13;<\/p>\n<li>28. Thiago Balieiro<\/li>\n<p>&#13;<\/p>\n<li>6. Matija Mitrovic<\/li>\n<p>&#13;<\/p>\n<li>20. Samu Silva<\/li>\n<p>&#13;<\/p>\n<li>19. Oumar Camara<\/li>\n<p>&#13;<\/p>\n<li>11. Gustavo Silva<\/li>\n<p>&#13;<\/p>\n<li>90. Alioune Ndoye<\/li>\n<p>&#13;\n<\/ul>\n<p>\n<b>Sporting de Braga<\/b><\/p>\n<ul>&#13;<\/p>\n<li>1. Lukas Hornicek<\/li>\n<p>&#13;<\/p>\n<li>14. Gustaf Lagerbielke<\/li>\n<p>&#13;<\/p>\n<li>6. V\u00edtor Carvalho<\/li>\n<p>&#13;<\/p>\n<li>26. Bright Arrey-Mbi<\/li>\n<p>&#13;<\/p>\n<li>20. M\u00e1rio Dorgeles<\/li>\n<p>&#13;<\/p>\n<li>8. Jo\u00e3o Moutinho<\/li>\n<p>&#13;<\/p>\n<li>27. Florian Grillitsch<\/li>\n<p>&#13;<\/p>\n<li>2. Victor Gomez<\/li>\n<p>&#13;<\/p>\n<li>10. Rodrigo Zalazar<\/li>\n<p>&#13;<\/p>\n<li>21. Ricardo Horta &#8216;capit\u00e3o&#8217;<\/li>\n<p>&#13;<\/p>\n<li>18. Pau Victor<\/li>\n<p>&#13;\n<\/ul>\n<p>\nSuplentes:<\/p>\n<ul>&#13;<\/p>\n<li>12. Tiago S\u00e1<\/li>\n<p>&#13;<\/p>\n<li>5. Leonardo Lelo<\/li>\n<p>&#13;<\/p>\n<li>15. Paulo Oliveira<\/li>\n<p>&#13;<\/p>\n<li>17. Gabriel Moscardo<\/li>\n<p>&#13;<\/p>\n<li>41. Yanis da Rocha<\/li>\n<p>&#13;<\/p>\n<li>50. Diego Rodrigues<\/li>\n<p>&#13;<\/p>\n<li>29. Gorby Baptiste<\/li>\n<p>&#13;<\/p>\n<li>39. Fran Navarro<\/li>\n<p>&#13;<\/p>\n<li>77. Gabri Mart\u00ednez<\/li>\n<p>&#13;\n<\/ul>\n<p>\n\u00c1rbitro: H\u00e9lder Malheiro (AF Lisboa)<\/p>\n<p>Victor G\u00f3mez e Telmo Arcanjo regressaram hoje aos \u2018onzes\u2019 de Sporting de Braga e Vit\u00f3ria de Guimar\u00e3es, para a primeira final entre os rivais minhotos, no encontro decisivo da 19.\u00aa edi\u00e7\u00e3o da Ta\u00e7a da Liga de futebol.<\/p>\n<p>O defesa espanhol Victor G\u00f3mez volta \u00e0 equipa inicial dos bracarenses, em detrimento de Leonardo Lelo, na \u00fanica altera\u00e7\u00e3o promovida para o arranque da in\u00e9dita final, em Leiria, \u00e0s 20:00, promovido pelo treinador Carlos Vicens.<\/p>\n<p>O Sporting de Braga, que, na sua sexta final procura o quarto trof\u00e9u da competi\u00e7\u00e3o, volta a apresentar o guarda-redes Hornicek, com a defesa entregue a Lagerbielke, V\u00edtor Carvalho e Arrey-Mbi, enquanto as alas ficam a cargo de V\u00edctor G\u00f3mez e Dorgeles, que com a entrada do espanhol transita da direita para a esquerda, relativamente \u00e0 meia-final frente ao Benfica (3-1).&#13;\n<\/p>\n<p><img decoding=\"async\" src=\"https:\/\/www.europesays.com\/pt\/wp-content\/uploads\/2026\/01\/435ff80cf36e3b4e1f9dcb3b3d3d5a20.jpeg\"\/><\/p>\n<p>O experiente Jo\u00e3o Moutinho e Grillitsch v\u00e3o ocupar o \u2018miolo\u2019 do terreno, enquanto o ataque dos \u2018arsenalistas\u2019 vai ficar sob a responsabilidade de Zalazar, Pau V\u00edctor e Ricardo Horta.<\/p>\n<p>Do lado vimaranense, Lu\u00eds Pinto troca s\u00f3 o extremo Oumar Camara por Telmo Arcanjo, que dever\u00e1 ocupar-se do lado direito ofensivo, numa linha com Beni Mukendi e Noah Saviolo, atr\u00e1s do ponta de lan\u00e7a N\u00e9lson Oliveira.<\/p>\n<p>A restante estrutura vitoriana mant\u00e9m-se, com Charles na baliza, o quarteto mais recuado com Strata, Miguel N\u00f3brega, Rodrigo Abascal e Jo\u00e3o Mendes, protegidos pelos m\u00e9dios mais defensivos Diogo Sousa e Gon\u00e7alo Nogueira.&#13;\n<\/p>\n<p><img decoding=\"async\" src=\"https:\/\/www.europesays.com\/pt\/wp-content\/uploads\/2026\/01\/ecef1838617e42fe39f98f219a9d04bd.jpeg\"\/><\/p>\n<p>Alioune Ndoye, \u2018her\u00f3i\u2019 da meia-final frente ao Sporting, ao marcar os dois golos que derrotaram os bicampe\u00f5es nacionais, nos descontos, volta a sentar-se no banco de suplentes, que hoje conta ainda com o regressado Gustavo Silva, ap\u00f3s les\u00e3o.<\/p>\n<p>O Sporting de Braga procura a sua quarta Ta\u00e7a da Liga, ap\u00f3s os triunfos em 2012\/13, 2019\/20 e 2023\/24, na sua sexta final (2016\/17 e 2020\/21), enquanto o Vit\u00f3ria de Guimar\u00e3es cumpre a estreia no encontro decisivo, em busca do seu terceiro trof\u00e9u nacional, tentando juntar este t\u00edtulo \u00e0 Superta\u00e7a C\u00e2ndido de Oliveira de 1988 e \u00e0 Ta\u00e7a de Portugal de 2012\/13.<\/p>\n<p>Al\u00e9m de encontrar o sucessor do Benfica, recordista de t\u00edtulos na prova, com oito, a 19.\u00aa edi\u00e7\u00e3o da Ta\u00e7a da Liga vai estrear o palmar\u00e9s de um dos dois treinadores, Carlos Vicens ou Lu\u00eds Pinto, de 42 e 36 anos, respetivamente, podendo ainda coroar o s\u00e9timo vencedor diferente da competi\u00e7\u00e3o, caso ven\u00e7a o Vit\u00f3ria de Guimar\u00e3es.<br \/>&#13;\n<\/p>\n<p>&#13;<br \/>\nBraga procura o quarto trof\u00e9u; Vit\u00f3ria estreia-se em finais<\/p>\n<p>&#13;<br \/>\nO Sporting de Braga chega \u00e0 sua sexta final da Ta\u00e7a da Liga e procura conquistar o trof\u00e9u pela quarta vez, repetindo as vit\u00f3rias de 2012\/13, 2019\/20 e 2023\/24.&#13;\n<\/p>\n<p>&#13;<br \/>\nO Vit\u00f3ria de Guimar\u00e3es estreia-se numa final da competi\u00e7\u00e3o e tenta arrecadar o terceiro t\u00edtulo nacional do seu palmar\u00e9s, depois da Superta\u00e7a de 1988 e da Ta\u00e7a de Portugal de 2012\/13. Um triunfo vitoriano faria do clube o s\u00e9timo vencedor diferente da prova.&#13;\n<\/p>\n<p><b>Depois da vit\u00f3ria por 3\u20131 sobre o Benfica nas meias-finais, o treinador do Braga, Carlos Vicens, sublinhou o crescimento do rival e afastou qualquer favoritismo do Sporting de Braga.<\/b><\/p>\n<p>&#13;<br \/>\n<b>&#13;<br \/>\n\u201cVai ser um jogo muito dif\u00edcil. O Vit\u00f3ria est\u00e1 numa din\u00e2mica positiva, \u00e9 uma equipa que n\u00e3o se rende, solid\u00e1ria e trabalhadora. Vai apostar as suas cartas para ganhar.\u201d<\/b>&#13;\n<\/p>\n<p><img decoding=\"async\" src=\"https:\/\/www.europesays.com\/pt\/wp-content\/uploads\/2026\/01\/daf69ee3e35251aed25193f84bcc163e.jpeg\"\/><\/p>\n<p>Foto: Paulo Novais &#8211; Lusa<\/p>\n<p>&#13;<br \/>\nO treinador espanhol quer um Braga capaz de assumir o encontro e pede muita personalidade para &#8220;impor o jogo e reagir \u00e0s adversidades com car\u00e1ter e energia alta.\u201d&#13;\n<\/p>\n<p>\nSobre a experi\u00eancia superior do Braga e o passado recente, Vicens \u00e9 taxativo: \u201cNada disso conta. A final come\u00e7a 0-0. Temos de ganhar o direito de vencer atrav\u00e9s do esfor\u00e7o e da competitividade.\u201d<\/p>\n<p>Com menos um dia de descanso em rela\u00e7\u00e3o ao Vit\u00f3ria, o t\u00e9cnico admitiu que a gest\u00e3o f\u00edsica pode ter impacto e refere que &#8220;a primeira meia hora vai dizer-nos muito sobre os n\u00edveis de energia.\u201d<\/p>\n<p>&#13;<br \/>\nVicens valorizou ainda o significado de uma final sem os tr\u00eas grandes, dizendo que depende tamb\u00e9m do tratamento medi\u00e1tico que for dado ao encontro.&#13;\n<\/p>\n<p>&#13;<br \/>\nO Braga tem quatro baixas confirmadas: Bellaarouch, Niakat\u00e9 (ao servi\u00e7o do Mali na CAN), Sandro Vidigal e El Ouazzani.&#13;\n<\/p>\n<p><b>J\u00e1 Lu\u00eds Pinto, treinador do Vit\u00f3ria de Guimar\u00e3es na confer\u00eancia de imprensa de antecipa\u00e7\u00e3o ao encontro de hoje,\u00a0 quer usar a emo\u00e7\u00e3o do d\u00e9rbi para impulsionar a sua equipa e destaca a dimens\u00e3o simb\u00f3lica do 161.\u00ba d\u00e9rbi minhoto em competi\u00e7\u00f5es nacionais \u2014 o primeiro a decidir um t\u00edtulo \u2014 e quer que a equipa tire proveito da atmosfera emocional.<\/b><\/p>\n<p>&#13;<br \/>\n\u201cSabemos que este jogo \u00e9 especial. N\u00e3o queremos afastar-nos desse sentimento. Queremos pegar na emo\u00e7\u00e3o e jogar com ela. Vamos participar no d\u00e9rbi mais hist\u00f3rico entre as duas equipas.\u201d&#13;\n<\/p>\n<p><img decoding=\"async\" src=\"https:\/\/www.europesays.com\/pt\/wp-content\/uploads\/2026\/01\/4bd0189402ce94fc395191a2d56dbdeb.jpeg\"\/><\/p>\n<p>Foto: Paulo Novais &#8211; Lusa\u00a0<\/p>\n<p>&#13;<br \/>\nO t\u00e9cnico destacou a \u201ccren\u00e7a como identidade\u201d mostrada nas reviravoltas sobre FC Porto e Sporting, mas avisou que isso n\u00e3o chega e afirma que \u201cN\u00e3o podemos ficar presos ao que fizemos na meia-final. Vai ser um jogo diferente e temos de correr muito, com bola e sem bola.\u201d&#13;\n<\/p>\n<p>\nLu\u00eds Pinto acredita que os adeptos vitorianos estar\u00e3o em maioria em Leiria e ter\u00e3o influ\u00eancia direta no rendimento da equipa. \u201cO apoio na meia-final foi incr\u00edvel. Mesmo a perder at\u00e9 ao fim, ouvimo-los sempre. Eles podem ajudar-nos novamente.\u201d<\/p>\n<p>Sobre a eventual titularidade de Alioune Ndoye, her\u00f3i da meia-final com dois golos, o treinador n\u00e3o abriu o jogo: \u201cse fizer sentido ser titular, ser\u00e1. Se fizer sentido vir do banco para agitar, vir\u00e1 do banco. As cinco substitui\u00e7\u00f5es permitem-nos jogar de forma diferente.\u201d<\/p>\n<p>&#13;<br \/>\nNo cap\u00edtulo f\u00edsico, Diogo Sousa est\u00e1 recuperado, Gustavo Silva permanece em d\u00favida e \u00d3scar Rivas \u00e9 baixa certa.&#13;<\/p>\n","protected":false},"excerpt":{"rendered":"&#13; Sporting de Braga e Vit\u00f3ria de Guimar\u00e3es j\u00e1 jogam no Est\u00e1dio Dr. Magalh\u00e3es Pessoa, em Leiria, na&hellip;\n","protected":false},"author":2,"featured_media":224448,"comment_status":"","ping_status":"","sticky":false,"template":"","format":"standard","meta":{"footnotes":""},"categories":[8],"tags":[27,28,8138,43198,15,16,14,25,26,5423,3467,21,22,12,13,19,20,32,23,24,33,8137,5344,17,18,29,30,31,2119],"class_list":{"0":"post-224447","1":"post","2":"type-post","3":"status-publish","4":"format-standard","5":"has-post-thumbnail","7":"category-principais-noticias","8":"tag-breaking-news","9":"tag-breakingnews","10":"tag-carlos-vicens","11":"tag-derbi-minhoto","12":"tag-featured-news","13":"tag-featurednews","14":"tag-headlines","15":"tag-latest-news","16":"tag-latestnews","17":"tag-leiria","18":"tag-luis-pinto","19":"tag-main-news","20":"tag-mainnews","21":"tag-news","22":"tag-noticias","23":"tag-noticias-principais","24":"tag-noticiasprincipais","25":"tag-portugal","26":"tag-principais-noticias","27":"tag-principaisnoticias","28":"tag-pt","29":"tag-sporting-braga","30":"tag-taca-da-liga","31":"tag-top-stories","32":"tag-topstories","33":"tag-ultimas","34":"tag-ultimas-noticias","35":"tag-ultimasnoticias","36":"tag-vitoria-guimaraes"},"share_on_mastodon":{"url":"","error":"Validation failed: Text character limit of 500 exceeded"},"_links":{"self":[{"href":"https:\/\/www.europesays.com\/pt\/wp-json\/wp\/v2\/posts\/224447","targetHints":{"allow":["GET"]}}],"collection":[{"href":"https:\/\/www.europesays.com\/pt\/wp-json\/wp\/v2\/posts"}],"about":[{"href":"https:\/\/www.europesays.com\/pt\/wp-json\/wp\/v2\/types\/post"}],"author":[{"embeddable":true,"href":"https:\/\/www.europesays.com\/pt\/wp-json\/wp\/v2\/users\/2"}],"replies":[{"embeddable":true,"href":"https:\/\/www.europesays.com\/pt\/wp-json\/wp\/v2\/comments?post=224447"}],"version-history":[{"count":0,"href":"https:\/\/www.europesays.com\/pt\/wp-json\/wp\/v2\/posts\/224447\/revisions"}],"wp:featuredmedia":[{"embeddable":true,"href":"https:\/\/www.europesays.com\/pt\/wp-json\/wp\/v2\/media\/224448"}],"wp:attachment":[{"href":"https:\/\/www.europesays.com\/pt\/wp-json\/wp\/v2\/media?parent=224447"}],"wp:term":[{"taxonomy":"category","embeddable":true,"href":"https:\/\/www.europesays.com\/pt\/wp-json\/wp\/v2\/categories?post=224447"},{"taxonomy":"post_tag","embeddable":true,"href":"https:\/\/www.europesays.com\/pt\/wp-json\/wp\/v2\/tags?post=224447"}],"curies":[{"name":"wp","href":"https:\/\/api.w.org\/{rel}","templated":true}]}}