{"id":224455,"date":"2026-01-11T09:04:10","date_gmt":"2026-01-11T09:04:10","guid":{"rendered":"https:\/\/www.europesays.com\/pt\/224455\/"},"modified":"2026-01-11T09:04:10","modified_gmt":"2026-01-11T09:04:10","slug":"ambulancias-paradas-a-sul-olhao-garante-uma-ambulancia-a-partir-das-20-horas","status":"publish","type":"post","link":"https:\/\/www.europesays.com\/pt\/224455\/","title":{"rendered":"Ambul\u00e2ncias paradas a Sul. Olh\u00e3o garante uma ambul\u00e2ncia a partir das 20 horas"},"content":{"rendered":"<p>&#13;<br \/>\nO INEM acaba de garantir \u00e0 Antena 1 que uma das seis ambul\u00e2ncias de emerg\u00eancia m\u00e9dica do Algarve &#8211; a ambul\u00e2ncia de Olh\u00e3o &#8211; vai come\u00e7ar a funcionar a partir das 20 horas.&#13;\n<\/p>\n<p>\nA entrada em servi\u00e7o significa, no entanto, que se prolonga pelo menos at\u00e9 \u00e0 meia-noite a paragem das outras cinco ambul\u00e2ncias de emerg\u00eancia m\u00e9dica do Algarve por falta de recursos humanos.<\/p>\n<p>A den\u00fancia desta situa\u00e7\u00e3o foi feita esta tarde pelo presidente do Sindicato dos T\u00e9cnicos de Emerg\u00eancia Pr\u00e9-Hospitalar (STEPH).<\/p>\n<p>Rui L\u00e1zaro diz que \u00e9 uma situa\u00e7\u00e3o preocupante, que come\u00e7ou \u00e0s oito da manh\u00e3.<\/p>\n<p>As ambul\u00e2ncias de emerg\u00eancia m\u00e9dica est\u00e3o normalmente em Portim\u00e3o, Alcantarilha, Faro, Olh\u00e3o e duas em Quarteira.<br \/>&#13;\n<\/p>\n<p>O presidente do STEPH considerava em declara\u00e7\u00f5es \u00e0 Antena 1, ao in\u00edcio da tarde, que esta \u00e9 uma situa\u00e7\u00e3o preocupante nesta altura de pico de infe\u00e7\u00f5es respirat\u00f3rias.<\/p>\n<p>          <img decoding=\"async\" itemprop=\"image\" class=\"img-fluid\"   src=\"https:\/\/www.europesays.com\/pt\/wp-content\/uploads\/2026\/01\/1768122250_357_bg_playeraudio_3.jpg\"\/><\/p>\n<p>\nRui L\u00e1zaro explicava que o problema \u00e9 a falta de recursos humanos porque se tem dado prioridade \u00e0s centrais telef\u00f3nicas.<\/p>\n<p>O presidente do sindicato adiantou que, no passado, para poder refor\u00e7ar as ambul\u00e2ncias sem meios humanos para poderem funcionar, j\u00e1 foram deslocados t\u00e9cnicos das regi\u00f5es Norte e Centro para Lisboa e Vale do Tejo e Algarve.<\/p>\n","protected":false},"excerpt":{"rendered":"&#13; O INEM acaba de garantir \u00e0 Antena 1 que uma das seis ambul\u00e2ncias de emerg\u00eancia m\u00e9dica do&hellip;\n","protected":false},"author":2,"featured_media":224456,"comment_status":"","ping_status":"","sticky":false,"template":"","format":"standard","meta":{"footnotes":""},"categories":[10],"tags":[27,28,15,16,14,25,26,21,22,12,13,19,20,32,23,24,33,420,421,17,18,29,30,31],"class_list":{"0":"post-224455","1":"post","2":"type-post","3":"status-publish","4":"format-standard","5":"has-post-thumbnail","7":"category-portugal","8":"tag-breaking-news","9":"tag-breakingnews","10":"tag-featured-news","11":"tag-featurednews","12":"tag-headlines","13":"tag-latest-news","14":"tag-latestnews","15":"tag-main-news","16":"tag-mainnews","17":"tag-news","18":"tag-noticias","19":"tag-noticias-principais","20":"tag-noticiasprincipais","21":"tag-portugal","22":"tag-principais-noticias","23":"tag-principaisnoticias","24":"tag-pt","25":"tag-rtp","26":"tag-rtp-noticias","27":"tag-top-stories","28":"tag-topstories","29":"tag-ultimas","30":"tag-ultimas-noticias","31":"tag-ultimasnoticias"},"share_on_mastodon":{"url":"https:\/\/pubeurope.com\/@pt\/115875667244325120","error":""},"_links":{"self":[{"href":"https:\/\/www.europesays.com\/pt\/wp-json\/wp\/v2\/posts\/224455","targetHints":{"allow":["GET"]}}],"collection":[{"href":"https:\/\/www.europesays.com\/pt\/wp-json\/wp\/v2\/posts"}],"about":[{"href":"https:\/\/www.europesays.com\/pt\/wp-json\/wp\/v2\/types\/post"}],"author":[{"embeddable":true,"href":"https:\/\/www.europesays.com\/pt\/wp-json\/wp\/v2\/users\/2"}],"replies":[{"embeddable":true,"href":"https:\/\/www.europesays.com\/pt\/wp-json\/wp\/v2\/comments?post=224455"}],"version-history":[{"count":0,"href":"https:\/\/www.europesays.com\/pt\/wp-json\/wp\/v2\/posts\/224455\/revisions"}],"wp:featuredmedia":[{"embeddable":true,"href":"https:\/\/www.europesays.com\/pt\/wp-json\/wp\/v2\/media\/224456"}],"wp:attachment":[{"href":"https:\/\/www.europesays.com\/pt\/wp-json\/wp\/v2\/media?parent=224455"}],"wp:term":[{"taxonomy":"category","embeddable":true,"href":"https:\/\/www.europesays.com\/pt\/wp-json\/wp\/v2\/categories?post=224455"},{"taxonomy":"post_tag","embeddable":true,"href":"https:\/\/www.europesays.com\/pt\/wp-json\/wp\/v2\/tags?post=224455"}],"curies":[{"name":"wp","href":"https:\/\/api.w.org\/{rel}","templated":true}]}}