{"id":224457,"date":"2026-01-11T09:05:15","date_gmt":"2026-01-11T09:05:15","guid":{"rendered":"https:\/\/www.europesays.com\/pt\/224457\/"},"modified":"2026-01-11T09:05:15","modified_gmt":"2026-01-11T09:05:15","slug":"david-bowie-morreu-ha-10-anos-estas-sao-as-50-melhores-cancoes-que-nos-deixou-expresso","status":"publish","type":"post","link":"https:\/\/www.europesays.com\/pt\/224457\/","title":{"rendered":"David Bowie morreu h\u00e1 10 anos: estas s\u00e3o as 50 melhores can\u00e7\u00f5es que nos deixou &#8211; Expresso"},"content":{"rendered":"<ol>\n<li><a href=\"https:\/\/news.google.com\/rss\/articles\/CBMiwAFBVV95cUxQU3RqcE5nNGJZQmVGbDdENHV5QUpWRW9ZMm5PT3I2MkdqSWxFRXpmZnU0blJRWXlkbEU3WW5jdFloTkVUeDBCOEJEMGdhTWU2Q21zTnN5VDJoallQcUJvOXF5VnZRVEMtWUhVczZ1QmowZHhUdmdsZHRYb0p0T0RKeWM0S0s5YXJBV294dlJJV1UxZ2NhNi16QThGb0F6TnU2Y3BZS0JYNFBaLWpRYUoyc0ZkV3RWelhZZTJBOThzNFTSAcYBQVVfeXFMTjcydkRyTXdkd09CcHlxeFZTMHNINEc5QzVBdHlUMXhiTmNBeXVBT3RiYmVfdW9ES012cU5RZmllc1dTcEZqUzc5VDl4OS04RGk2dDZtUzZoN1ZsdlZUc3A2ZmRMTnVfSTlXZ3Z6LUF2UWtLUHUxS3VVWHNVVlFHSTdSUUo2Qms5b0c4WUdrbVhlQ3dqSkpCMWJ3c1otc2I4SFd5U05wNjA1ZmVfWTNwd3h4RTVuSVJIOVRPM1djMUI0VmRNcF93?oc=5\" target=\"_blank\" rel=\"nofollow noopener\">David Bowie morreu h\u00e1 10 anos: estas s\u00e3o as 50 melhores can\u00e7\u00f5es que nos deixou<\/a>&nbsp;&nbsp;Expresso<\/li>\n<li><a href=\"https:\/\/news.google.com\/rss\/articles\/CBMikgFBVV95cUxOdmlnQl9wVE9xRTJkRjlxejZYdVFnVWdLb2Fsd3BEeVFJd0x0TFZXeXJaSnBVNUtIaGc3UWJtSDFzZllvMXRWRDlCOTE4NzRKOWZ2TzZWU215Y1hyWnV3MXFDOGd3bm9OeFptNDBSNS13R0hEdGlJNlUxUWoyd0xQNlBJdmhXRWFKcDB2cWVTMnJGUdIBoAFBVV95cUxPRTYzRi03S1d1dDBJbVpIUE80QmVTMkhXTWd1bXVTRU9kNG93OHVncTdocHdIV0JyMld6NTVaY2FKWHZwRXY0eFJjamdJeU5vNlI1LWZQb3QzWGE1SVlxMzhGUXEwZjNWd2hjZHVrdlNKX015U3pwZnljeFBkdk1TWmF0ZW84dFNCLV9DNUNhRV96a2ljMFBDVk9qam1OcTFK?oc=5\" target=\"_blank\" rel=\"nofollow noopener\">H\u00e1 dez anos morria David Bowie, um enigma que redefiniu a cultura pop<\/a>&nbsp;&nbsp;G1<\/li>\n<li><a href=\"https:\/\/news.google.com\/rss\/articles\/CBMirgFBVV95cUxOSUVYVVJtODBBRmg0TmtWeXlKUnlxZDU3aTV1ME5raDk3cUZxY3MyNDVYSmpObWZQczhYX0hMTEhwT1hyWW9ITlVZd09Vbmh3WWw4LTUyNzBVZjd5VXlaaVVQTEM2VGNMZExlZDMyeUtMbjZOVnA3OW55aVJWYzBNMFY0SjVFU1FYZXpfbVNsbEltdUdPUEVjLUp0a3FsalVDa3BaMjNmMGZDaWVFVVE?oc=5\" target=\"_blank\" rel=\"nofollow noopener\">David Bowie, Prince e mais: 7 mortes que completam 10 anos em 2026<\/a>&nbsp;&nbsp;CNN Brasil<\/li>\n<li><a href=\"https:\/\/news.google.com\/rss\/articles\/CBMipgFBVV95cUxOaXZNU2p3c1lBWnU3aWtlWUtsRnpqc1FvbGpuWDc3OGM3YnVUM19zYWdULUZhVnFxamNOSzFxdWhzZllVYUJiSnNxR3NuVUo4V2pReHZINTg4WlpQMlY3SG9rN3QxS0ZlX2RoZWFDaWRTNHJDenIxVVdXT1hCZDJoT3cwR1J5M1B2Q18zVEVRcktsZTY1cTZYVm5oQUpDRDRxS3RFcVB3?oc=5\" target=\"_blank\" rel=\"nofollow noopener\">David Bowie no Brasil: astro do rock encantou f\u00e3s brasileiros em 1990<\/a>&nbsp;&nbsp;Estad\u00e3o<\/li>\n<li><a href=\"https:\/\/news.google.com\/rss\/articles\/CBMiwAFBVV95cUxOQk5HY01DQkhXbVVfTTlMYzhPdFJPdUFybW1icV9HbzFrYVRpSVJYYlc4eUN6Ml9PTU9fQ2wzdTYyVHVVOG9kUE05Q3hVNkZoRzNIejItOE5vWjZ5ZEIxbXRUMW43TXFaNGlYcWdYV2tRTDNBbTRfeUVoeGhnSDRqZ3dSVFRERklDV3Y0QXR6U1JVNUJGZnRvNktadDV2U0hUeTJVUFZDWU9KYkhhVm1yS3FkX25RZWFjcXFFZklTblfSAcYBQVVfeXFMTTZlX2VETU9fX1Uydy1XQlRSOTJrVS02T0x0NnRUaUdsaVNvaEFfNkt3T2lCUHc4QjNoOHlYSllfdTIwTW1QTS11NjRyWWI4VGZRVjhEMGRjME5UUUlmOWpHd09lQzByVmd6WWtGWlk4T2kxS0ZCNmd6T1F2b3YwZEtPNlN1ZkRvT0RjMGtjMjhCcVRsUDIxeUdlOXJzMFdGaEdXZ1RmZ2M0S1o5VE9kejNGYnNtbmkwbFZrdTJxS0JjWkExTkxB?oc=5\" target=\"_blank\" rel=\"nofollow noopener\">David Bowie, morto h\u00e1 dez anos, reinventou as artes e rejeitou f\u00f3rmulas<\/a>&nbsp;&nbsp;Folha de S.Paulo<\/li>\n<\/ol>\n","protected":false},"excerpt":{"rendered":"David Bowie morreu h\u00e1 10 anos: estas s\u00e3o as 50 melhores can\u00e7\u00f5es que nos deixou&nbsp;&nbsp;Expresso H\u00e1 dez anos&hellip;\n","protected":false},"author":2,"featured_media":224458,"comment_status":"","ping_status":"","sticky":false,"template":"","format":"standard","meta":{"footnotes":""},"categories":[8],"tags":[27,28,15,16,14,25,26,21,22,12,13,19,20,32,23,24,33,17,18,29,30,31],"class_list":{"0":"post-224457","1":"post","2":"type-post","3":"status-publish","4":"format-standard","5":"has-post-thumbnail","7":"category-principais-noticias","8":"tag-breaking-news","9":"tag-breakingnews","10":"tag-featured-news","11":"tag-featurednews","12":"tag-headlines","13":"tag-latest-news","14":"tag-latestnews","15":"tag-main-news","16":"tag-mainnews","17":"tag-news","18":"tag-noticias","19":"tag-noticias-principais","20":"tag-noticiasprincipais","21":"tag-portugal","22":"tag-principais-noticias","23":"tag-principaisnoticias","24":"tag-pt","25":"tag-top-stories","26":"tag-topstories","27":"tag-ultimas","28":"tag-ultimas-noticias","29":"tag-ultimasnoticias"},"share_on_mastodon":{"url":"https:\/\/pubeurope.com\/@pt\/115875671383041824","error":""},"_links":{"self":[{"href":"https:\/\/www.europesays.com\/pt\/wp-json\/wp\/v2\/posts\/224457","targetHints":{"allow":["GET"]}}],"collection":[{"href":"https:\/\/www.europesays.com\/pt\/wp-json\/wp\/v2\/posts"}],"about":[{"href":"https:\/\/www.europesays.com\/pt\/wp-json\/wp\/v2\/types\/post"}],"author":[{"embeddable":true,"href":"https:\/\/www.europesays.com\/pt\/wp-json\/wp\/v2\/users\/2"}],"replies":[{"embeddable":true,"href":"https:\/\/www.europesays.com\/pt\/wp-json\/wp\/v2\/comments?post=224457"}],"version-history":[{"count":0,"href":"https:\/\/www.europesays.com\/pt\/wp-json\/wp\/v2\/posts\/224457\/revisions"}],"wp:featuredmedia":[{"embeddable":true,"href":"https:\/\/www.europesays.com\/pt\/wp-json\/wp\/v2\/media\/224458"}],"wp:attachment":[{"href":"https:\/\/www.europesays.com\/pt\/wp-json\/wp\/v2\/media?parent=224457"}],"wp:term":[{"taxonomy":"category","embeddable":true,"href":"https:\/\/www.europesays.com\/pt\/wp-json\/wp\/v2\/categories?post=224457"},{"taxonomy":"post_tag","embeddable":true,"href":"https:\/\/www.europesays.com\/pt\/wp-json\/wp\/v2\/tags?post=224457"}],"curies":[{"name":"wp","href":"https:\/\/api.w.org\/{rel}","templated":true}]}}