{"id":224459,"date":"2026-01-11T09:06:14","date_gmt":"2026-01-11T09:06:14","guid":{"rendered":"https:\/\/www.europesays.com\/pt\/224459\/"},"modified":"2026-01-11T09:06:14","modified_gmt":"2026-01-11T09:06:14","slug":"revista-americana-deixa-wagner-moura-de-fora-em-previsao-mais-recente","status":"publish","type":"post","link":"https:\/\/www.europesays.com\/pt\/224459\/","title":{"rendered":"Revista americana deixa Wagner Moura de fora em previs\u00e3o mais recente"},"content":{"rendered":"<p>O ator brasileiro <strong><a href=\"https:\/\/www.correiodopovo.com.br\/topicos\/Tag\/%20Wagner%20Moura\" target=\"_blank\" rel=\"nofollow noopener\">Wagner Moura<\/a><\/strong> pode estar perdendo espa\u00e7o na corrida pelo <strong><a href=\"https:\/\/www.correiodopovo.com.br\/topicos\/Tag\/oscar\" target=\"_blank\" rel=\"nofollow noopener\">Oscar<\/a><\/strong> 2026. A revista especializada Variety, que antes apontou o ator como o favorito \u00e0 categoria de Melhor Ator, deixou Moura de fora das poss\u00edveis indica\u00e7\u00f5es em sua previs\u00e3o mais recente para a premia\u00e7\u00e3o.<\/p>\n<p>Em lista divulgada na sexta, 9, o editor Clayton Davis afirmou acreditar que Ethan Hawke (\u201cBlue Moon\u201d), Leonardo DiCaprio (\u201cUma Batalha Ap\u00f3s a Outra\u201d), Timoth\u00e9e Chalamet (\u201cMarty Supreme\u201d), Michael B. Jordan (\u201cPecadores\u201d) e Jesse Plemons (\u201cBugonia\u201d) v\u00e3o disputar o pr\u00eamio.<\/p>\n<p>A atua\u00e7\u00e3o de Moura em \u201c<strong><a href=\"https:\/\/www.correiodopovo.com.br\/topicos\/Tag\/o%20agente%20secreto\" target=\"_blank\" rel=\"nofollow noopener\">O Agente Secreto<\/a><\/strong>\u201d, de Klebler Mendon\u00e7a Filho, tem sido elogiada pela cr\u00edtica internacional e cotada para a temporada de premia\u00e7\u00f5es desde maio de 2025, quando o ator levou o pr\u00eamio de Melhor Ator no Festival de Cinema de Cannes.<\/p>\n<p>Nas previs\u00f5es da Variety, o ator aparece como o \u201cpr\u00f3ximo da fila\u201d, em um sexto lugar. A revista crava a indica\u00e7\u00e3o de \u201cO Agente Secreto\u201d em Melhor Filme Internacional, mas aposta na vit\u00f3ria do noruegu\u00eas \u201cValor Sentimental\u201d.<\/p>\n<p>Apesar da nova previs\u00e3o, Moura ainda \u00e9 um dos concorrentes mais fortes \u00e0 vaga no Oscar. Nos sites Gold Derby e Next Best Picture, que compilam as previs\u00f5es e chances de indica\u00e7\u00e3o, ele aparece em 4\u00ba lugar entre os atores com maior probabilidade de serem indicados.<\/p>\n<p>Ele tamb\u00e9m \u00e9 um dos principais concorrentes ao Globo de Ouro, que ocorre neste domingo, 12. Nesta semana, as revistas Variety e Vanity Fair publicaram suas previs\u00f5es para o pr\u00eamio e destacaram o brasileiro como prov\u00e1vel vencedor da categoria de Melhor Ator em Filme de Drama. Se vencer, ele deve ganhar mais for\u00e7a na corrida ao Oscar, assim como ocorreu com Fernanda Torres, por \u201cAinda Estou Aqui\u201d, na temporada passada.<\/p>\n<p>Veja Tamb\u00e9m<\/p>\n","protected":false},"excerpt":{"rendered":"O ator brasileiro Wagner Moura pode estar perdendo espa\u00e7o na corrida pelo Oscar 2026. A revista especializada Variety,&hellip;\n","protected":false},"author":2,"featured_media":224460,"comment_status":"","ping_status":"","sticky":false,"template":"","format":"standard","meta":{"footnotes":""},"categories":[145],"tags":[3428,211,210,114,115,2158,1409,32,33,12348],"class_list":{"0":"post-224459","1":"post","2":"type-post","3":"status-publish","4":"format-standard","5":"has-post-thumbnail","7":"category-celebridades","8":"tag-arte-agenda","9":"tag-celebridades","10":"tag-celebrities","11":"tag-entertainment","12":"tag-entretenimento","13":"tag-o-agente-secreto","14":"tag-oscar","15":"tag-portugal","16":"tag-pt","17":"tag-wagner-moura"},"share_on_mastodon":{"url":"https:\/\/pubeurope.com\/@pt\/115875675004533348","error":""},"_links":{"self":[{"href":"https:\/\/www.europesays.com\/pt\/wp-json\/wp\/v2\/posts\/224459","targetHints":{"allow":["GET"]}}],"collection":[{"href":"https:\/\/www.europesays.com\/pt\/wp-json\/wp\/v2\/posts"}],"about":[{"href":"https:\/\/www.europesays.com\/pt\/wp-json\/wp\/v2\/types\/post"}],"author":[{"embeddable":true,"href":"https:\/\/www.europesays.com\/pt\/wp-json\/wp\/v2\/users\/2"}],"replies":[{"embeddable":true,"href":"https:\/\/www.europesays.com\/pt\/wp-json\/wp\/v2\/comments?post=224459"}],"version-history":[{"count":0,"href":"https:\/\/www.europesays.com\/pt\/wp-json\/wp\/v2\/posts\/224459\/revisions"}],"wp:featuredmedia":[{"embeddable":true,"href":"https:\/\/www.europesays.com\/pt\/wp-json\/wp\/v2\/media\/224460"}],"wp:attachment":[{"href":"https:\/\/www.europesays.com\/pt\/wp-json\/wp\/v2\/media?parent=224459"}],"wp:term":[{"taxonomy":"category","embeddable":true,"href":"https:\/\/www.europesays.com\/pt\/wp-json\/wp\/v2\/categories?post=224459"},{"taxonomy":"post_tag","embeddable":true,"href":"https:\/\/www.europesays.com\/pt\/wp-json\/wp\/v2\/tags?post=224459"}],"curies":[{"name":"wp","href":"https:\/\/api.w.org\/{rel}","templated":true}]}}