{"id":224469,"date":"2026-01-11T09:28:06","date_gmt":"2026-01-11T09:28:06","guid":{"rendered":"https:\/\/www.europesays.com\/pt\/224469\/"},"modified":"2026-01-11T09:28:06","modified_gmt":"2026-01-11T09:28:06","slug":"a-cozinha-branca-virou-coisa-do-passado-em-2026-estes-tres-tons-vao-dominar","status":"publish","type":"post","link":"https:\/\/www.europesays.com\/pt\/224469\/","title":{"rendered":"A cozinha branca virou coisa do passado. Em 2026, estes tr\u00eas tons v\u00e3o dominar!"},"content":{"rendered":"<p>A tend\u00eancia da <strong>cozinha colorida<\/strong> ganha for\u00e7a em 2026, substituindo o branco absoluto por tons profundos e acolhedores, como verdes em v\u00e1rias nuances, bord\u00f4, ameixa, berinjela e o chamado cashmere (ou caxemira), um bege quente e sofisticado que deixa de ser detalhe para definir o clima e o estilo de toda a \u00e1rea de preparo de refei\u00e7\u00f5es, integrando-se \u00e0s \u00e1reas sociais e exigindo paletas cont\u00ednuas entre cozinha, estar e jantar.<\/p>\n<p>Como funciona a cozinha colorida em tons de verde?<\/p>\n<p>A cozinha em tom de verde \u00e9 uma das apostas mais atuais para quem busca um visual contempor\u00e2neo, mas ainda suave e conectado \u00e0 natureza. S\u00e1lvia e oliva trazem tranquilidade em arm\u00e1rios, pain\u00e9is e paredes, enquanto verdes mais intensos, como abacate e garrafa, se destacam em espa\u00e7os maiores com madeira clara ou m\u00e9dia.<\/p>\n<p>Em cozinhas pequenas, o verde pode aparecer apenas na metade inferior dos arm\u00e1rios ou em uma parede de destaque, com o restante em bege, cinza claro ou off-white. Detalhes met\u00e1licos em dourado suave, cobre ou preto fosco valorizam o mobili\u00e1rio, e plantas naturais ou estampas bot\u00e2nicas refor\u00e7am o clima de natureza em vasos de temperos e tecidos em tons pr\u00f3ximos.<\/p>\n<p>Como usar bord\u00f4, ameixa e berinjela na cozinha?<\/p>\n<p>A cozinha em bord\u00f4, ameixa ou berinjela costuma transmitir sofistica\u00e7\u00e3o, principalmente em frentes foscas que disfar\u00e7am marcas de uso e criam um visual atual. Em plantas integradas, esses tons formam um bloco marcante dentro da \u00e1rea social, funcionando quase como uma pe\u00e7a de mobili\u00e1rio independente e elegante.<\/p>\n<p>Para equilibrar a intensidade, bancadas claras em quartzo ou pedras suaves e pisos neutros em madeira clara, porcelanato ou cimento evitam peso visual. Quem prefere discri\u00e7\u00e3o pode usar bord\u00f4 apenas na ilha, em uma cristaleira ou em azulejos de destaque, mantendo a base da cozinha em tons claros e atemporais.<\/p>\n<p>O que caracteriza e diferencia a cozinha em tom cashmere?<\/p>\n<p>O cashmere na cozinha \u00e9 um neutro quente que n\u00e3o \u00e9 branco nem bege tradicional, lembrando a suavidade dos tecidos de caxemira. Ele se adapta de propostas minimalistas a ambientes contempor\u00e2neos com toques cl\u00e1ssicos, servindo de pano de fundo para elementos marcantes sem sobrecarregar o espa\u00e7o.<\/p>\n<p>Esse tom aparece sobretudo em frentes lisas ou ripadas foscas, geralmente combinado \u00e0 madeira natural e pedras claras, criando uma atmosfera acolhedora em apartamentos compactos e casas familiares. No Brasil, \u00e9 comum encontrar \u201ccashmere\u201d, \u201ccaxemira\u201d ou \u201cbege cashmere\u201d em cat\u00e1logos de m\u00f3veis e tintas, o que facilita pedidos, or\u00e7amentos e compara\u00e7\u00f5es entre marcas.<\/p>\n<p>Como integrar a cozinha colorida \u00e0 \u00e1rea social?<\/p>\n<p>Com plantas abertas em alta, o planejamento de cores considera todo o espa\u00e7o integrado, repetindo materiais e tonalidades na marcenaria da sala, pain\u00e9is de TV e ilha da cozinha. Assim, cozinhas verdes, bord\u00f4 ou em tom cashmere se conectam visualmente ao estar e jantar, evitando a sensa\u00e7\u00e3o de \u201cc\u00f4modo \u00e0 parte\u201d.<\/p>\n<p>Ilhas centrais, bancadas tipo pen\u00ednsula, portas de correr em marcenaria ou serralheria e pain\u00e9is de vidro ajudam a modular o grau de integra\u00e7\u00e3o. Dessa forma, \u00e9 poss\u00edvel deixar a cozinha aberta no dia a dia e, quando necess\u00e1rio, fech\u00e1-la parcialmente sem romper a coer\u00eancia est\u00e9tica da paleta e dos materiais escolhidos para todo o ambiente.<\/p>\n<p>Leia tamb\u00e9m: <a href=\"https:\/\/www.tupi.fm\/entretenimento\/a-mesa-infinita-e-o-movel-mais-desejado-de-2026-e-voce-precisa-saber-o-motivo\/\" target=\"_blank\" rel=\"noreferrer noopener nofollow\">A mesa infinita \u00e9 o m\u00f3vel mais desejado de 2026 e voc\u00ea precisa saber o motivo<\/a><\/p>\n<p>Como escolher a cor da cozinha, na pr\u00e1tica?<\/p>\n<p>A escolha da cor ideal envolve tamanho do ambiente, luz natural, rotina dos moradores e rela\u00e7\u00e3o com o restante da casa. Para reduzir arrependimentos, \u00e9 importante testar combina\u00e7\u00f5es, observar a ilumina\u00e7\u00e3o em diferentes hor\u00e1rios e equilibrar tons intensos com bases neutras em pisos e bancadas.<\/p>\n<p>Alguns cuidados simples ajudam a orientar as decis\u00f5es e tornar o processo mais objetivo, principalmente quando se trabalha com cores fortes ou tend\u00eancias recentes:<\/p>\n<ul class=\"wp-block-list\">\n<li>Combinar cores intensas com pisos e bancadas claras para equilibrar o visual do conjunto.<\/li>\n<li>Priorizar ferragens discretas quando a marcenaria j\u00e1 \u00e9 protagonista no ambiente.<\/li>\n<li>Usar ilumina\u00e7\u00e3o indireta para valorizar texturas e evitar sombras fortes na bancada.<\/li>\n<li>Introduzir cor primeiro em elementos revers\u00edveis, como cadeiras, tapetes e acess\u00f3rios.<\/li>\n<\/ul>\n","protected":false},"excerpt":{"rendered":"A tend\u00eancia da cozinha colorida ganha for\u00e7a em 2026, substituindo o branco absoluto por tons profundos e acolhedores,&hellip;\n","protected":false},"author":2,"featured_media":224470,"comment_status":"","ping_status":"","sticky":false,"template":"","format":"standard","meta":{"footnotes":""},"categories":[85],"tags":[43267,40677,8022,22379,114,115,43268,17290,32,33,7375,43269,41900,9345,30740],"class_list":{"0":"post-224469","1":"post","2":"type-post","3":"status-publish","4":"format-standard","5":"has-post-thumbnail","7":"category-entretenimento","8":"tag-branca","9":"tag-coisa","10":"tag-cozinha","11":"tag-dominar","12":"tag-entertainment","13":"tag-entretenimento","14":"tag-estes","15":"tag-passado","16":"tag-portugal","17":"tag-pt","18":"tag-s","19":"tag-tons","20":"tag-tr","21":"tag-v","22":"tag-virou"},"share_on_mastodon":{"url":"https:\/\/pubeurope.com\/@pt\/115875761521520287","error":""},"_links":{"self":[{"href":"https:\/\/www.europesays.com\/pt\/wp-json\/wp\/v2\/posts\/224469","targetHints":{"allow":["GET"]}}],"collection":[{"href":"https:\/\/www.europesays.com\/pt\/wp-json\/wp\/v2\/posts"}],"about":[{"href":"https:\/\/www.europesays.com\/pt\/wp-json\/wp\/v2\/types\/post"}],"author":[{"embeddable":true,"href":"https:\/\/www.europesays.com\/pt\/wp-json\/wp\/v2\/users\/2"}],"replies":[{"embeddable":true,"href":"https:\/\/www.europesays.com\/pt\/wp-json\/wp\/v2\/comments?post=224469"}],"version-history":[{"count":0,"href":"https:\/\/www.europesays.com\/pt\/wp-json\/wp\/v2\/posts\/224469\/revisions"}],"wp:featuredmedia":[{"embeddable":true,"href":"https:\/\/www.europesays.com\/pt\/wp-json\/wp\/v2\/media\/224470"}],"wp:attachment":[{"href":"https:\/\/www.europesays.com\/pt\/wp-json\/wp\/v2\/media?parent=224469"}],"wp:term":[{"taxonomy":"category","embeddable":true,"href":"https:\/\/www.europesays.com\/pt\/wp-json\/wp\/v2\/categories?post=224469"},{"taxonomy":"post_tag","embeddable":true,"href":"https:\/\/www.europesays.com\/pt\/wp-json\/wp\/v2\/tags?post=224469"}],"curies":[{"name":"wp","href":"https:\/\/api.w.org\/{rel}","templated":true}]}}