{"id":224471,"date":"2026-01-11T09:31:11","date_gmt":"2026-01-11T09:31:11","guid":{"rendered":"https:\/\/www.europesays.com\/pt\/224471\/"},"modified":"2026-01-11T09:31:11","modified_gmt":"2026-01-11T09:31:11","slug":"somos-lutadores-maduro-diz-estar-bem-e-pede-para-ninguem-ficar-triste","status":"publish","type":"post","link":"https:\/\/www.europesays.com\/pt\/224471\/","title":{"rendered":"&#8220;Somos lutadores&#8221;. Maduro diz estar &#8220;bem&#8221; e pede para ningu\u00e9m ficar triste"},"content":{"rendered":"<p data-remotead-prev-elm=\"true\" data-remotead-elm-id=\"inread\">&#8220;Estamos bem. Somos lutadores&#8221;, declarou Nicol\u00e1s Maduro a partir da pris\u00e3o nos Estados Unidos, segundo o seu filho, num v\u00eddeo publicado no s\u00e1bado pelo partido no poder na Venezuela. &#8220;N\u00e3o fiquem tristes&#8221;, disse Maduro, que est\u00e1 preso em Nova Iorque com a mulher, a primeira-dama Cilia Flores, relatou Nicol\u00e1s Maduro Guerra, filmado durante uma reuni\u00e3o do PSUV (Partido Socialista Unido da Venezuela) em Caracas no s\u00e1bado.<\/p>\n<blockquote data-type=\"articles\" data-id=\"related-article-18038157\"><p>\n              <strong>Leia tamb\u00e9m <\/strong><br \/>\n              <a href=\"https:\/\/www.jn.pt\/mundo\/artigo\/el-chapo-p-diddy-ou-luigi-mangione-prisao-onde-esta-maduro-ja-abrigou-famosos-e-tem-reputacao-sombria\/18038157\" rel=\"nofollow noopener\" target=\"_blank\">El Chapo, P. Diddy ou Luigi Mangione: pris\u00e3o onde est\u00e1 Maduro j\u00e1 abrigou famosos e tem reputa\u00e7\u00e3o sombria<\/a>\n            <\/p><\/blockquote>\n<p>Acusados de tr\u00e1fico de droga, Nicol\u00e1s Maduro e Cilia Flores declararam-se inocentes perante a justi\u00e7a norte-americana, na segunda-feira. Ambos v\u00e3o ficar detidos nos Estados Unidos at\u00e9 \u00e0 pr\u00f3xima audi\u00eancia, marcada para 17 de mar\u00e7o.<\/p>\n<p>Cerca de mil simpatizantes marcharam no s\u00e1bado pelas ruas de Caracas com cartazes proclamando &#8220;Queremos o seu regresso&#8221; e entoando &#8220;Maduro e Cilia s\u00e3o a nossa fam\u00edlia!&#8221;. Os apelos para manifestar apoio ao l\u00edder socialista deposto s\u00e3o di\u00e1rios desde a opera\u00e7\u00e3o militar norte-americana de 3 de janeiro.<\/p>\n<p data-remotead-prev-elm=\"true\" data-remotead-elm-id=\"centro1\">A manifesta\u00e7\u00e3o coincidiu tamb\u00e9m com o anivers\u00e1rio da tomada de posse de Maduro para um terceiro mandato, ap\u00f3s as elei\u00e7\u00f5es de 2024, denunciadas pela oposi\u00e7\u00e3o como fraudulentas.<\/p>\n<p>A televis\u00e3o p\u00fablica transmitiu uma visita da presidente interina Delcy Rodriguez a uma feira agr\u00edcola em Petare, um bairro emblem\u00e1tico de Caracas, onde tamb\u00e9m se realizou uma pequena manifesta\u00e7\u00e3o a favor de Maduro. &#8220;N\u00e3o vamos descansar um \u00fanico minuto at\u00e9 recuperarmos o Presidente&#8221;, disse Rodriguez, acrescentando: &#8220;Vamos salv\u00e1-lo, com certeza que sim&#8221;.<\/p>\n","protected":false},"excerpt":{"rendered":"&#8220;Estamos bem. Somos lutadores&#8221;, declarou Nicol\u00e1s Maduro a partir da pris\u00e3o nos Estados Unidos, segundo o seu filho,&hellip;\n","protected":false},"author":2,"featured_media":224472,"comment_status":"","ping_status":"","sticky":false,"template":"","format":"standard","meta":{"footnotes":""},"categories":[50],"tags":[27,28,41754,15,16,14,25,26,21,22,62,12,3025,13,19,20,23,24,17,18,29,30,31,3023,63,64,65],"class_list":{"0":"post-224471","1":"post","2":"type-post","3":"status-publish","4":"format-standard","5":"has-post-thumbnail","7":"category-mundo","8":"tag-breaking-news","9":"tag-breakingnews","10":"tag-eua-atacam-venezuela","11":"tag-featured-news","12":"tag-featurednews","13":"tag-headlines","14":"tag-latest-news","15":"tag-latestnews","16":"tag-main-news","17":"tag-mainnews","18":"tag-mundo","19":"tag-news","20":"tag-nicolas-maduro","21":"tag-noticias","22":"tag-noticias-principais","23":"tag-noticiasprincipais","24":"tag-principais-noticias","25":"tag-principaisnoticias","26":"tag-top-stories","27":"tag-topstories","28":"tag-ultimas","29":"tag-ultimas-noticias","30":"tag-ultimasnoticias","31":"tag-venezuela","32":"tag-world","33":"tag-world-news","34":"tag-worldnews"},"share_on_mastodon":{"url":"https:\/\/pubeurope.com\/@pt\/115875773501970382","error":""},"_links":{"self":[{"href":"https:\/\/www.europesays.com\/pt\/wp-json\/wp\/v2\/posts\/224471","targetHints":{"allow":["GET"]}}],"collection":[{"href":"https:\/\/www.europesays.com\/pt\/wp-json\/wp\/v2\/posts"}],"about":[{"href":"https:\/\/www.europesays.com\/pt\/wp-json\/wp\/v2\/types\/post"}],"author":[{"embeddable":true,"href":"https:\/\/www.europesays.com\/pt\/wp-json\/wp\/v2\/users\/2"}],"replies":[{"embeddable":true,"href":"https:\/\/www.europesays.com\/pt\/wp-json\/wp\/v2\/comments?post=224471"}],"version-history":[{"count":0,"href":"https:\/\/www.europesays.com\/pt\/wp-json\/wp\/v2\/posts\/224471\/revisions"}],"wp:featuredmedia":[{"embeddable":true,"href":"https:\/\/www.europesays.com\/pt\/wp-json\/wp\/v2\/media\/224472"}],"wp:attachment":[{"href":"https:\/\/www.europesays.com\/pt\/wp-json\/wp\/v2\/media?parent=224471"}],"wp:term":[{"taxonomy":"category","embeddable":true,"href":"https:\/\/www.europesays.com\/pt\/wp-json\/wp\/v2\/categories?post=224471"},{"taxonomy":"post_tag","embeddable":true,"href":"https:\/\/www.europesays.com\/pt\/wp-json\/wp\/v2\/tags?post=224471"}],"curies":[{"name":"wp","href":"https:\/\/api.w.org\/{rel}","templated":true}]}}