{"id":224479,"date":"2026-01-11T09:38:07","date_gmt":"2026-01-11T09:38:07","guid":{"rendered":"https:\/\/www.europesays.com\/pt\/224479\/"},"modified":"2026-01-11T09:38:07","modified_gmt":"2026-01-11T09:38:07","slug":"quem-vai-ter-a-honra-de-viver-a-emocao-da-primeira-vez-num-palco-em-copacabana","status":"publish","type":"post","link":"https:\/\/www.europesays.com\/pt\/224479\/","title":{"rendered":"quem vai ter a honra de viver a emo\u00e7\u00e3o da primeira vez num palco em Copacabana?"},"content":{"rendered":"\n<p class=\" content-text__container \" data-track-category=\"Link no Texto\" data-track-links=\"\"> Voc\u00ea se lembra de quando foi que viveu algo \u201cpela primeira vez\u201d mais recentemente? Fiquei pensando nisso ao perceber a empolga\u00e7\u00e3o dos amigos que eram estreantes no fim de ano no Rio. Enquanto eu dava plant\u00e3o, eles se esbaldavam. Sa\u00edam de casa cedo e s\u00f3 retornavam no fim do dia. Emendaram mergulho no mar, mate e biscoito Globo com chope no bar e pedaladas na ciclovia at\u00e9 o sol se p\u00f4r. Nas conversas antes de dormir, vinham os balan\u00e7os, sempre positivos: \u201cQue dia maravilhoso, o c\u00e9u estava com uma luz t\u00e3o bonita que eu nem sabia para onde olhar\u201d. E na virada? Eles queriam ver todos os shows, olhos vidrados nos fogos, fotos para registrar o momento, os drones do Alok\u2026 Aquela energia de curtir, com 100% de aproveitamento, uma experi\u00eancia in\u00e9dita, sem deixar nada passar. Presenciando essa alegria, parecida com a de uma crian\u00e7a que curte um brinquedo novo, perguntei a uma amiga: \u201cComo voc\u00ea definiria o r\u00e9veillon no Rio?\u201d. \u201cChocante, impactante\u201d, devolveu ela. <\/p>\n","protected":false},"excerpt":{"rendered":"Voc\u00ea se lembra de quando foi que viveu algo \u201cpela primeira vez\u201d mais recentemente? Fiquei pensando nisso ao&hellip;\n","protected":false},"author":2,"featured_media":224480,"comment_status":"","ping_status":"","sticky":false,"template":"","format":"standard","meta":{"footnotes":""},"categories":[141],"tags":[114,115,149,150,32,33],"class_list":{"0":"post-224479","1":"post","2":"type-post","3":"status-publish","4":"format-standard","5":"has-post-thumbnail","7":"category-musica","8":"tag-entertainment","9":"tag-entretenimento","10":"tag-music","11":"tag-musica","12":"tag-portugal","13":"tag-pt"},"share_on_mastodon":{"url":"https:\/\/pubeurope.com\/@pt\/115875801176672595","error":""},"_links":{"self":[{"href":"https:\/\/www.europesays.com\/pt\/wp-json\/wp\/v2\/posts\/224479","targetHints":{"allow":["GET"]}}],"collection":[{"href":"https:\/\/www.europesays.com\/pt\/wp-json\/wp\/v2\/posts"}],"about":[{"href":"https:\/\/www.europesays.com\/pt\/wp-json\/wp\/v2\/types\/post"}],"author":[{"embeddable":true,"href":"https:\/\/www.europesays.com\/pt\/wp-json\/wp\/v2\/users\/2"}],"replies":[{"embeddable":true,"href":"https:\/\/www.europesays.com\/pt\/wp-json\/wp\/v2\/comments?post=224479"}],"version-history":[{"count":0,"href":"https:\/\/www.europesays.com\/pt\/wp-json\/wp\/v2\/posts\/224479\/revisions"}],"wp:featuredmedia":[{"embeddable":true,"href":"https:\/\/www.europesays.com\/pt\/wp-json\/wp\/v2\/media\/224480"}],"wp:attachment":[{"href":"https:\/\/www.europesays.com\/pt\/wp-json\/wp\/v2\/media?parent=224479"}],"wp:term":[{"taxonomy":"category","embeddable":true,"href":"https:\/\/www.europesays.com\/pt\/wp-json\/wp\/v2\/categories?post=224479"},{"taxonomy":"post_tag","embeddable":true,"href":"https:\/\/www.europesays.com\/pt\/wp-json\/wp\/v2\/tags?post=224479"}],"curies":[{"name":"wp","href":"https:\/\/api.w.org\/{rel}","templated":true}]}}