{"id":224483,"date":"2026-01-11T09:40:07","date_gmt":"2026-01-11T09:40:07","guid":{"rendered":"https:\/\/www.europesays.com\/pt\/224483\/"},"modified":"2026-01-11T09:40:07","modified_gmt":"2026-01-11T09:40:07","slug":"benfica-contratacao-de-rafa-apenas-sem-investimento-elevado","status":"publish","type":"post","link":"https:\/\/www.europesays.com\/pt\/224483\/","title":{"rendered":"Benfica: contrata\u00e7\u00e3o de Rafa apenas sem investimento elevado"},"content":{"rendered":"<p><a class=\"autolink-enabled\" data-resource-id=\"450\" data-resource-type=\"team\" data-sport=\"football\" href=\"https:\/\/www.abola.pt\/futebol\/benfica-450\" rel=\"nofollow noopener\" target=\"_blank\">Benfica<\/a> e <a class=\"autolink-enabled\" data-resource-id=\"521\" data-resource-type=\"team\" data-sport=\"football\" href=\"https:\/\/www.abola.pt\/futebol\/besiktas-521\" rel=\"nofollow noopener\" target=\"_blank\">Besiktas<\/a>, como A BOLA deu conta na edi\u00e7\u00e3o de sexta-feira, est\u00e3o a discutir a transfer\u00eancia de <a class=\"autolink-enabled\" data-resource-id=\"8354\" data-resource-type=\"player\" data-sport=\"football\" href=\"https:\/\/www.abola.pt\/futebol\/jogador\/rafa-silva-8354\" rel=\"nofollow noopener\" target=\"_blank\">Rafa<\/a>. Os contactos avan\u00e7aram \u00e0 margem da sa\u00edda de <a class=\"autolink-enabled\" data-resource-id=\"239233\" data-resource-type=\"player\" data-sport=\"football\" href=\"https:\/\/www.abola.pt\/futebol\/jogador\/david-jurasek-239233\" rel=\"nofollow noopener\" target=\"_blank\">David Jur\u00e1sek<\/a> (emprestado pelas \u00e1guias aos turcos) para o <a class=\"autolink-enabled\" data-resource-id=\"832\" data-resource-type=\"team\" data-sport=\"football\" href=\"https:\/\/www.abola.pt\/futebol\/slavia-praga-832\" rel=\"nofollow noopener\" target=\"_blank\">Slavia Praga<\/a>, mas n\u00e3o conheceram desenvolvimentos definitivos. <\/p>\n<p>O <a class=\"autolink-enabled\" data-resource-id=\"450\" data-resource-type=\"team\" data-sport=\"football\" href=\"https:\/\/www.abola.pt\/futebol\/benfica-450\" rel=\"nofollow noopener\" target=\"_blank\">Benfica<\/a>, numa primeira fase, s\u00f3 admitia a contrata\u00e7\u00e3o desde que <a class=\"autolink-enabled\" data-resource-id=\"8354\" data-resource-type=\"player\" data-sport=\"football\" href=\"https:\/\/www.abola.pt\/futebol\/jogador\/rafa-silva-8354\" rel=\"nofollow noopener\" target=\"_blank\">Rafa<\/a> se desvinculasse do <a class=\"autolink-enabled\" data-resource-id=\"521\" data-resource-type=\"team\" data-sport=\"football\" href=\"https:\/\/www.abola.pt\/futebol\/besiktas-521\" rel=\"nofollow noopener\" target=\"_blank\">Besiktas<\/a>, ou seja, a custo zero, mas agora est\u00e1 disposto a fazer algum investimento inicial, desde que n\u00e3o seja elevado.<\/p>\n<p>O jornal Fanatik informou, ontem, que os encarnados ofereceram \u20ac5 milh\u00f5es e que o <a target=\"_blank\" class=\"editor-link autolink-enabled\" href=\"https:\/\/www.abola.pt\/futebol\/besiktas-521\" data-resource-id=\"521\" data-resource-type=\"team\" data-sport=\"football\" rel=\"nofollow noopener\">Besiktas<\/a> s\u00f3 estar\u00e1 dispon\u00edvel para aceitar \u20ac10 milh\u00f5es e desde que fique libertado da responsabilidade de pagar os sal\u00e1rios a que <a target=\"_blank\" class=\"editor-link autolink-enabled\" href=\"https:\/\/www.abola.pt\/futebol\/jogador\/rafa-silva-8354\" data-resource-id=\"8354\" data-resource-type=\"player\" data-sport=\"football\" rel=\"nofollow noopener\">Rafa<\/a> tem direito at\u00e9 2027.<\/p>\n<p>O <a class=\"autolink-enabled\" data-resource-id=\"450\" data-resource-type=\"team\" data-sport=\"football\" href=\"https:\/\/www.abola.pt\/futebol\/benfica-450\" rel=\"nofollow noopener\" target=\"_blank\">Benfica<\/a> n\u00e3o est\u00e1 disposto a negociar nessas condi\u00e7\u00f5es, da\u00ed que se mantenha um impasse. <a class=\"autolink-enabled\" data-resource-id=\"8354\" data-resource-type=\"player\" data-sport=\"football\" href=\"https:\/\/www.abola.pt\/futebol\/jogador\/rafa-silva-8354\" rel=\"nofollow noopener\" target=\"_blank\">Rafa<\/a> j\u00e1 disse, atrav\u00e9s do empres\u00e1rio dele, Jo\u00e3o Ara\u00fajo, que quer sair do <a class=\"autolink-enabled\" data-resource-id=\"521\" data-resource-type=\"team\" data-sport=\"football\" href=\"https:\/\/www.abola.pt\/futebol\/besiktas-521\" rel=\"nofollow noopener\" target=\"_blank\">Besiktas<\/a> e encontrar uma solu\u00e7\u00e3o em que nenhuma das partes seja prejudicada. O <a class=\"autolink-enabled\" data-resource-id=\"450\" data-resource-type=\"team\" data-sport=\"football\" href=\"https:\/\/www.abola.pt\/futebol\/benfica-450\" rel=\"nofollow noopener\" target=\"_blank\">Benfica<\/a> continuar\u00e1, pois, \u00e0 espera.<\/p>\n","protected":false},"excerpt":{"rendered":"Benfica e Besiktas, como A BOLA deu conta na edi\u00e7\u00e3o de sexta-feira, est\u00e3o a discutir a transfer\u00eancia de&hellip;\n","protected":false},"author":2,"featured_media":224484,"comment_status":"","ping_status":"","sticky":false,"template":"","format":"standard","meta":{"footnotes":""},"categories":[87],"tags":[135,32,33,134],"class_list":{"0":"post-224483","1":"post","2":"type-post","3":"status-publish","4":"format-standard","5":"has-post-thumbnail","7":"category-desporto","8":"tag-desporto","9":"tag-portugal","10":"tag-pt","11":"tag-sports"},"share_on_mastodon":{"url":"https:\/\/pubeurope.com\/@pt\/115875808744579631","error":""},"_links":{"self":[{"href":"https:\/\/www.europesays.com\/pt\/wp-json\/wp\/v2\/posts\/224483","targetHints":{"allow":["GET"]}}],"collection":[{"href":"https:\/\/www.europesays.com\/pt\/wp-json\/wp\/v2\/posts"}],"about":[{"href":"https:\/\/www.europesays.com\/pt\/wp-json\/wp\/v2\/types\/post"}],"author":[{"embeddable":true,"href":"https:\/\/www.europesays.com\/pt\/wp-json\/wp\/v2\/users\/2"}],"replies":[{"embeddable":true,"href":"https:\/\/www.europesays.com\/pt\/wp-json\/wp\/v2\/comments?post=224483"}],"version-history":[{"count":0,"href":"https:\/\/www.europesays.com\/pt\/wp-json\/wp\/v2\/posts\/224483\/revisions"}],"wp:featuredmedia":[{"embeddable":true,"href":"https:\/\/www.europesays.com\/pt\/wp-json\/wp\/v2\/media\/224484"}],"wp:attachment":[{"href":"https:\/\/www.europesays.com\/pt\/wp-json\/wp\/v2\/media?parent=224483"}],"wp:term":[{"taxonomy":"category","embeddable":true,"href":"https:\/\/www.europesays.com\/pt\/wp-json\/wp\/v2\/categories?post=224483"},{"taxonomy":"post_tag","embeddable":true,"href":"https:\/\/www.europesays.com\/pt\/wp-json\/wp\/v2\/tags?post=224483"}],"curies":[{"name":"wp","href":"https:\/\/api.w.org\/{rel}","templated":true}]}}