{"id":224500,"date":"2026-01-11T09:54:48","date_gmt":"2026-01-11T09:54:48","guid":{"rendered":"https:\/\/www.europesays.com\/pt\/224500\/"},"modified":"2026-01-11T09:54:48","modified_gmt":"2026-01-11T09:54:48","slug":"a-decisao-nos-dois-lances-capitais-analise-de-pedro-henriques-ao-v-guimaraes-sc-braga","status":"publish","type":"post","link":"https:\/\/www.europesays.com\/pt\/224500\/","title":{"rendered":"A decis\u00e3o nos dois lances capitais: an\u00e1lise de Pedro Henriques ao V. Guimar\u00e3es-SC Braga"},"content":{"rendered":"<p>H\u00e9lder Malheiro foi o \u00e1rbitro da final da <a class=\"autolink-enabled\" data-resource-id=\"113\" data-resource-type=\"competition\" data-sport=\"football\" href=\"https:\/\/www.abola.pt\/futebol\/competicao\/allianz-cup-113\" rel=\"nofollow noopener\" target=\"_blank\">Allianz Cup<\/a>. A auxili\u00e1-lo estiveram Gon\u00e7alo Freire e Hugo Ribeiro. O 4.\u00ba \u00e1rbitro foi Miguel Nogueira e no VAR e AVAR estiveram Jo\u00e3o Bento e Carlos Campos, respetivamente.<\/p>\n<p><strong>10\u2019 <\/strong><a class=\"autolink-enabled\" data-resource-id=\"5554\" data-resource-type=\"player\" data-sport=\"football\" href=\"https:\/\/www.abola.pt\/futebol\/jogador\/joao-moutinho-5554\" rel=\"nofollow noopener\" target=\"_blank\">Jo\u00e3o Moutinho<\/a> vem por tr\u00e1s e carrega e derruba <a class=\"autolink-enabled\" data-resource-id=\"267151\" data-resource-type=\"player\" data-sport=\"football\" href=\"https:\/\/www.abola.pt\/futebol\/jogador\/goncalo-nogueira-267151\" rel=\"nofollow noopener\" target=\"_blank\">Gon\u00e7alo Nogueira<\/a>, cortando desta forma uma sa\u00edda em contra-ataque com o \u00fanico objetivo de parar\/destruir a jogada, uma infra\u00e7\u00e3o enquadrada nas faltas t\u00e1ticas, pass\u00edvel de cart\u00e3o amarelo.<\/p>\n<p><strong>15\u2019<\/strong> Sem bola. Cart\u00e3o amarelo bem mostrado a <a class=\"autolink-enabled\" data-resource-id=\"245658\" data-resource-type=\"player\" data-sport=\"football\" href=\"https:\/\/www.abola.pt\/futebol\/jogador\/joao-mendes-245658\" rel=\"nofollow noopener\" target=\"_blank\">Jo\u00e3o Mendes<\/a> por, sem o esf\u00e9rico estar no local, por tr\u00e1s e em corrida, agarrar e puxar a m\u00e3o\/bra\u00e7o de <a class=\"autolink-enabled\" data-resource-id=\"211164\" data-resource-type=\"player\" data-sport=\"football\" href=\"https:\/\/www.abola.pt\/futebol\/jogador\/rodrigo-zalazar-211164\" rel=\"nofollow noopener\" target=\"_blank\">Rodrigo Zalazar<\/a>. O \u00e1rbitro n\u00e3o viu, mas recebeu a indica\u00e7\u00e3o pelo auricular do Assistente que acompanhava a jogada.<\/p>\n<p>                Positivo<\/p>\n<p>            O \u00e1rbitro e os seus assistentes, a excelente interven\u00e7\u00e3o do VAR, e as poucas faltas (24) num d\u00e9rbi de alta rota\u00e7\u00e3o.<\/p>\n<p>                Negativo<\/p>\n<p>            A regra do capit\u00e3o que n\u00e3o passa do papel. H\u00e1 sempre muitos jogadores em torno do \u00e1rbitro e os bancos que n\u00e3o ajudam.<\/p>\n<p><strong>27\u2019 <\/strong>Sem pen\u00e1lti. Ap\u00f3s o ressalto da bola no joelho direito de Pau Victor, esta n\u00e3o tocou na m\u00e3o esquerda de Beni, mas mesmo que houvesse esse toque, as repeti\u00e7\u00f5es n\u00e3o s\u00e3o totalmente esclarecedoras, seria uma bola de perto, inesperada e de ressalto. Tudo legal.<\/p>\n<p><strong>35\u2019<\/strong> <a class=\"autolink-enabled\" data-resource-id=\"4556\" data-resource-type=\"player\" data-sport=\"football\" href=\"https:\/\/www.abola.pt\/futebol\/jogador\/florian-grillitsch-4556\" rel=\"nofollow noopener\" target=\"_blank\">Florian Grillitsch<\/a> com o seu p\u00e9 direito de sola e com os pitons acabou por pisar o p\u00e9\/tornozelo direito de <a class=\"autolink-enabled\" data-resource-id=\"267151\" data-resource-type=\"player\" data-sport=\"football\" href=\"https:\/\/www.abola.pt\/futebol\/jogador\/goncalo-nogueira-267151\" rel=\"nofollow noopener\" target=\"_blank\">Gon\u00e7alo Nogueira<\/a>, uma entrada negligente pass\u00edvel de advert\u00eancia (cart\u00e3o amarelo) que o \u00e1rbitro sancionou corretamente.<\/p>\n<p><strong>41\u2019<\/strong> Sem bra\u00e7o. H\u00e1 um remate de <a target=\"_blank\" class=\"editor-link autolink-enabled\" href=\"https:\/\/www.abola.pt\/futebol\/jogador\/goncalo-nogueira-267151\" data-resource-id=\"267151\" data-resource-type=\"player\" data-sport=\"football\" rel=\"nofollow noopener\">Gon\u00e7alo Nogueira<\/a> com o seu p\u00e9 direito e a bola passa de rasp\u00e3o pelo cotovelo esquerdo de <a target=\"_blank\" class=\"editor-link autolink-enabled\" href=\"https:\/\/www.abola.pt\/futebol\/jogador\/vitor-carvalho-172588\" data-resource-id=\"172588\" data-resource-type=\"player\" data-sport=\"football\" rel=\"nofollow noopener\">V\u00edtor Carvalho<\/a>, que tinha o bra\u00e7o todo puxado para tr\u00e1s das costas, e sem qualquer volumetria extra. Tudo legal e sem pen\u00e1lti.<\/p>\n<p>                            Fechar<\/p>\n<p>                                                    <img decoding=\"async\" class=\"h-full w-full max-w-[1180px] select-none rounded-t object-contain object-center\" src=\"https:\/\/www.europesays.com\/pt\/wp-content\/uploads\/2026\/01\/777044c5-1f9a-41e0-bcc2-fe723935ffb1.jpg\" alt=\"Adeptos do Vit\u00f3ria de Guimar\u00e3es - Foto: Miguel Nunes\" x-show=\"imageGalleryOpened &amp;&amp; imageGalleryImageIndex == 1\"\/><\/p>\n<p>                                        \/ 32<\/p>\n<p>                                        Adeptos do Vit\u00f3ria de Guimar\u00e3es &#8211; Foto: Miguel Nunes<\/p>\n<p>                                                    <img decoding=\"async\" class=\"h-full w-full max-w-[1180px] select-none rounded-t object-contain object-center\" src=\"https:\/\/www.europesays.com\/pt\/wp-content\/uploads\/2026\/01\/8fb3391a-d87d-4075-948d-f90c784f0ff5.jpg\" alt=\"Adeptos do SC Braga - Foto: Miguel Nunes\" x-show=\"imageGalleryOpened &amp;&amp; imageGalleryImageIndex == 2\"\/><\/p>\n<p>                                        \/ 32<\/p>\n<p>                                        Adeptos do SC Braga &#8211; Foto: Miguel Nunes<\/p>\n<p>                                                    <img decoding=\"async\" class=\"h-full w-full max-w-[1180px] select-none rounded-t object-contain object-center\" src=\"https:\/\/www.europesays.com\/pt\/wp-content\/uploads\/2026\/01\/8c59a397-9b14-4a1a-b7c7-4b8a2d9c820e.jpg\" alt=\"Adeptas do SC Braga - Foto: Miguel Nunes\" x-show=\"imageGalleryOpened &amp;&amp; imageGalleryImageIndex == 3\"\/><\/p>\n<p>                                        \/ 32<\/p>\n<p>                                        Adeptas do SC Braga &#8211; Foto: Miguel Nunes<\/p>\n<p>                                                    <img decoding=\"async\" class=\"h-full w-full max-w-[1180px] select-none rounded-t object-contain object-center\" src=\"https:\/\/www.europesays.com\/pt\/wp-content\/uploads\/2026\/01\/171fe701-9c2a-455b-9c3a-16b6067e164a.jpg\" alt=\"Adeptas do Vit\u00f3ria de Guimar\u00e3es - Foto: Miguel Nunes\" x-show=\"imageGalleryOpened &amp;&amp; imageGalleryImageIndex == 4\"\/><\/p>\n<p>                                        \/ 32<\/p>\n<p>                                        Adeptas do Vit\u00f3ria de Guimar\u00e3es &#8211; Foto: Miguel Nunes<\/p>\n<p>                                                    <img decoding=\"async\" class=\"h-full w-full max-w-[1180px] select-none rounded-t object-contain object-center\" src=\"https:\/\/www.europesays.com\/pt\/wp-content\/uploads\/2026\/01\/353f0404-3cf5-4070-b219-127013861df7.jpg\" alt=\"Adepta do SC Braga - Foto: Miguel Nunes\" x-show=\"imageGalleryOpened &amp;&amp; imageGalleryImageIndex == 5\"\/><\/p>\n<p>                                        \/ 32<\/p>\n<p>                                        Adepta do SC Braga &#8211; Foto: Miguel Nunes<\/p>\n<p>                                                    <img decoding=\"async\" class=\"h-full w-full max-w-[1180px] select-none rounded-t object-contain object-center\" src=\"https:\/\/www.europesays.com\/pt\/wp-content\/uploads\/2026\/01\/70d7c5c2-8084-4cbc-b4a9-4636677f9fdc.jpg\" alt=\"Adeptas do Vit\u00f3ria de Guimar\u00e3es - Foto: Miguel Nunes\" x-show=\"imageGalleryOpened &amp;&amp; imageGalleryImageIndex == 6\"\/><\/p>\n<p>                                        \/ 32<\/p>\n<p>                                        Adeptas do Vit\u00f3ria de Guimar\u00e3es &#8211; Foto: Miguel Nunes<\/p>\n<p>                                                    <img decoding=\"async\" class=\"h-full w-full max-w-[1180px] select-none rounded-t object-contain object-center\" src=\"https:\/\/www.europesays.com\/pt\/wp-content\/uploads\/2026\/01\/e48ee0bd-7c8d-4a33-bac0-2af2853a34d2.jpg\" alt=\"Reinaldo Teixeira (presidente da FPF), Pedro Proen\u00e7a (presidente da Liga) e Roberto Mart\u00ednez (selecionador nacional) assistem \u00e0 final da Ta\u00e7a da Liga - Foto: Miguel Nunes\" x-show=\"imageGalleryOpened &amp;&amp; imageGalleryImageIndex == 7\"\/><\/p>\n<p>                                        \/ 32<\/p>\n<p>                                        Reinaldo Teixeira (presidente da FPF), Pedro Proen\u00e7a (presidente da Liga) e Roberto Mart\u00ednez (selecionador nacional) assistem \u00e0 final da Ta\u00e7a da Liga &#8211; Foto: Miguel Nunes<\/p>\n<p>                                                    <img decoding=\"async\" class=\"h-full w-full max-w-[1180px] select-none rounded-t object-contain object-center\" src=\"https:\/\/www.europesays.com\/pt\/wp-content\/uploads\/2026\/01\/620efb4b-6b74-4bf0-a44f-43762c71a40a.jpg\" alt=\"Equipas de SC Braga e Vit\u00f3ria de Guimar\u00e3es perfiladas em campo - Foto: Miguel Nunes\" x-show=\"imageGalleryOpened &amp;&amp; imageGalleryImageIndex == 8\"\/><\/p>\n<p>                                        \/ 32<\/p>\n<p>                                        Equipas de SC Braga e Vit\u00f3ria de Guimar\u00e3es perfiladas em campo &#8211; Foto: Miguel Nunes<\/p>\n<p>                                                    <img decoding=\"async\" class=\"h-full w-full max-w-[1180px] select-none rounded-t object-contain object-center\" src=\"https:\/\/www.europesays.com\/pt\/wp-content\/uploads\/2026\/01\/1127f72e-ed18-4bac-9012-1400926cd224.jpg\" alt=\"Lu\u00eds Pinto, treinador do Vit\u00f3ria de Guimar\u00e3es - Foto: Miguel Nunes\" x-show=\"imageGalleryOpened &amp;&amp; imageGalleryImageIndex == 9\"\/><\/p>\n<p>                                        \/ 32<\/p>\n<p>                                        Lu\u00eds Pinto, treinador do Vit\u00f3ria de Guimar\u00e3es &#8211; Foto: Miguel Nunes<\/p>\n<p>                                                    <img decoding=\"async\" class=\"h-full w-full max-w-[1180px] select-none rounded-t object-contain object-center\" src=\"https:\/\/www.europesays.com\/pt\/wp-content\/uploads\/2026\/01\/0976bdd7-9677-4447-b5f8-f03dde3c45e4.jpg\" alt=\"Lu\u00eds Pinto, treinador do Vit\u00f3ria de Guimar\u00e3es - Foto: Miguel Nunes\" x-show=\"imageGalleryOpened &amp;&amp; imageGalleryImageIndex == 10\"\/><\/p>\n<p>                                        \/ 32<\/p>\n<p>                                        Lu\u00eds Pinto, treinador do Vit\u00f3ria de Guimar\u00e3es &#8211; Foto: Miguel Nunes<\/p>\n<p>                                                    <img decoding=\"async\" class=\"h-full w-full max-w-[1180px] select-none rounded-t object-contain object-center\" src=\"https:\/\/www.europesays.com\/pt\/wp-content\/uploads\/2026\/01\/7be4087d-0751-4055-b07f-3dbfad147193.jpg\" alt=\"N\u00e9lson Oliveira e H\u00e9lder Malheiro - Foto: Miguel Nunes\" x-show=\"imageGalleryOpened &amp;&amp; imageGalleryImageIndex == 11\"\/><\/p>\n<p>                                        \/ 32<\/p>\n<p>                                        N\u00e9lson Oliveira e H\u00e9lder Malheiro &#8211; Foto: Miguel Nunes<\/p>\n<p>                                                    <img decoding=\"async\" class=\"h-full w-full max-w-[1180px] select-none rounded-t object-contain object-center\" src=\"https:\/\/www.europesays.com\/pt\/wp-content\/uploads\/2026\/01\/006acbea-5961-4f5b-988f-dc4971a90d01.jpg\" alt=\"Telmo Arcanjo em duelo com Jo\u00e3o Moutinho - Foto: Miguel Nunes\" x-show=\"imageGalleryOpened &amp;&amp; imageGalleryImageIndex == 12\"\/><\/p>\n<p>                                        \/ 32<\/p>\n<p>                                        Telmo Arcanjo em duelo com Jo\u00e3o Moutinho &#8211; Foto: Miguel Nunes<\/p>\n<p>                                                    <img decoding=\"async\" class=\"h-full w-full max-w-[1180px] select-none rounded-t object-contain object-center\" src=\"https:\/\/www.europesays.com\/pt\/wp-content\/uploads\/2026\/01\/ce8ef919-8f9d-4e89-9f7c-9b621c6ac55b.jpg\" alt=\"N\u00e9lson Oliveira e V\u00edtor Carvalho - Foto: Miguel Nunes\" x-show=\"imageGalleryOpened &amp;&amp; imageGalleryImageIndex == 13\"\/><\/p>\n<p>                                        \/ 32<\/p>\n<p>                                        N\u00e9lson Oliveira e V\u00edtor Carvalho &#8211; Foto: Miguel Nunes<\/p>\n<p>                                                    <img decoding=\"async\" class=\"h-full w-full max-w-[1180px] select-none rounded-t object-contain object-center\" src=\"https:\/\/www.europesays.com\/pt\/wp-content\/uploads\/2026\/01\/06a4f1a7-3ccc-412e-a678-dd2d618ea71e.jpg\" alt=\"Festejos do SC Braga depois do gola\u00e7o de Dorgeles - Foto: Miguel Nunes\" x-show=\"imageGalleryOpened &amp;&amp; imageGalleryImageIndex == 14\"\/><\/p>\n<p>                                        \/ 32<\/p>\n<p>                                        Festejos do SC Braga depois do gola\u00e7o de Dorgeles &#8211; Foto: Miguel Nunes<\/p>\n<p>                                                    <img decoding=\"async\" class=\"h-full w-full max-w-[1180px] select-none rounded-t object-contain object-center\" src=\"https:\/\/www.europesays.com\/pt\/wp-content\/uploads\/2026\/01\/adb71ab9-86c6-4338-9276-6b8001ddb199.jpg\" alt=\"Festejos do SC Braga depois do gola\u00e7o de Dorgeles - Foto: Miguel Nunes\" x-show=\"imageGalleryOpened &amp;&amp; imageGalleryImageIndex == 15\"\/><\/p>\n<p>                                        \/ 32<\/p>\n<p>                                        Festejos do SC Braga depois do gola\u00e7o de Dorgeles &#8211; Foto: Miguel Nunes<\/p>\n<p>                                                    <img decoding=\"async\" class=\"h-full w-full max-w-[1180px] select-none rounded-t object-contain object-center\" src=\"https:\/\/www.europesays.com\/pt\/wp-content\/uploads\/2026\/01\/03190dca-2816-45f3-9231-cd2dfa702313.jpg\" alt=\"Festejos do SC Braga depois do gola\u00e7o de Dorgeles - Foto: Miguel Nunes\" x-show=\"imageGalleryOpened &amp;&amp; imageGalleryImageIndex == 16\"\/><\/p>\n<p>                                        \/ 32<\/p>\n<p>                                        Festejos do SC Braga depois do gola\u00e7o de Dorgeles &#8211; Foto: Miguel Nunes<\/p>\n<p>                                                    <img decoding=\"async\" class=\"h-full w-full max-w-[1180px] select-none rounded-t object-contain object-center\" src=\"https:\/\/www.europesays.com\/pt\/wp-content\/uploads\/2026\/01\/80566200-60d0-4fa8-b66d-62e327b0a6bc.jpg\" alt=\"\" x-show=\"imageGalleryOpened &amp;&amp; imageGalleryImageIndex == 17\"\/><\/p>\n<p>                                        \/ 32<\/p>\n<p>                                        Festejos do SC Braga depois do gola\u00e7o de Dorgeles &#8211; Foto: Miguel Nunes<\/p>\n<p>                                                    <img decoding=\"async\" class=\"h-full w-full max-w-[1180px] select-none rounded-t object-contain object-center\" src=\"https:\/\/www.europesays.com\/pt\/wp-content\/uploads\/2026\/01\/e6c1117d-4de1-4b82-bf53-59f512d17fb4.jpg\" alt=\"Carlos Vicens, treinador do SC Braga - Foto: Miguel Nunes\" x-show=\"imageGalleryOpened &amp;&amp; imageGalleryImageIndex == 18\"\/><\/p>\n<p>                                        \/ 32<\/p>\n<p>                                        Carlos Vicens, treinador do SC Braga &#8211; Foto: Miguel Nunes<\/p>\n<p>                                                    <img decoding=\"async\" class=\"h-full w-full max-w-[1180px] select-none rounded-t object-contain object-center\" src=\"https:\/\/www.europesays.com\/pt\/wp-content\/uploads\/2026\/01\/48bf1775-c83a-4737-9c30-66f554cf79fc.jpg\" alt=\"Carlos Vicens, treinador do SC Braga - Foto: Miguel Nunes\" x-show=\"imageGalleryOpened &amp;&amp; imageGalleryImageIndex == 19\"\/><\/p>\n<p>                                        \/ 32<\/p>\n<p>                                        Carlos Vicens, treinador do SC Braga &#8211; Foto: Miguel Nunes<\/p>\n<p>                                                    <img decoding=\"async\" class=\"h-full w-full max-w-[1180px] select-none rounded-t object-contain object-center\" src=\"https:\/\/www.europesays.com\/pt\/wp-content\/uploads\/2026\/01\/32e1629b-ac78-4b4e-bbc7-86651765ce96.jpg\" alt=\"Samu no momento da convers\u00e3o do pen\u00e1lti - Foto: Miguel Nunes\" x-show=\"imageGalleryOpened &amp;&amp; imageGalleryImageIndex == 20\"\/><\/p>\n<p>                                        \/ 32<\/p>\n<p>                                        Samu no momento da convers\u00e3o do pen\u00e1lti &#8211; Foto: Miguel Nunes<\/p>\n<p>                                                    <img decoding=\"async\" class=\"h-full w-full max-w-[1180px] select-none rounded-t object-contain object-center\" src=\"https:\/\/www.europesays.com\/pt\/wp-content\/uploads\/2026\/01\/207ced77-b70b-430d-8949-89d901fbcdc9.jpg\" alt=\"Festejos do V. Guimar\u00e3es - Foto: Miguel Nunes\" x-show=\"imageGalleryOpened &amp;&amp; imageGalleryImageIndex == 21\"\/><\/p>\n<p>                                        \/ 32<\/p>\n<p>                                        Festejos do V. Guimar\u00e3es &#8211; Foto: Miguel Nunes<\/p>\n<p>                                                    <img decoding=\"async\" class=\"h-full w-full max-w-[1180px] select-none rounded-t object-contain object-center\" src=\"https:\/\/www.europesays.com\/pt\/wp-content\/uploads\/2026\/01\/a0135ebd-0191-4d61-9a09-38c7222da609.jpg\" alt=\"Festejos do V. Guimar\u00e3es - Foto: Miguel Nunes\" x-show=\"imageGalleryOpened &amp;&amp; imageGalleryImageIndex == 22\"\/><\/p>\n<p>                                        \/ 32<\/p>\n<p>                                        Festejos do V. Guimar\u00e3es &#8211; Foto: Miguel Nunes<\/p>\n<p>                                                    <img decoding=\"async\" class=\"h-full w-full max-w-[1180px] select-none rounded-t object-contain object-center\" src=\"https:\/\/www.europesays.com\/pt\/wp-content\/uploads\/2026\/01\/c1ada7d7-8da7-477a-b943-3d411cb4412c.jpg\" alt=\"Festejos do V. Guimar\u00e3es - Foto: Miguel Nunes\" x-show=\"imageGalleryOpened &amp;&amp; imageGalleryImageIndex == 23\"\/><\/p>\n<p>                                        \/ 32<\/p>\n<p>                                        Festejos do V. Guimar\u00e3es &#8211; Foto: Miguel Nunes<\/p>\n<p>                                                    <img decoding=\"async\" class=\"h-full w-full max-w-[1180px] select-none rounded-t object-contain object-center\" src=\"https:\/\/www.europesays.com\/pt\/wp-content\/uploads\/2026\/01\/b544c0ee-9cb2-4665-832c-b4b641ba8220.jpg\" alt=\"Charles a celebrar o golo de Ndoye - Foto: Miguel Nunes\" x-show=\"imageGalleryOpened &amp;&amp; imageGalleryImageIndex == 24\"\/><\/p>\n<p>                                        \/ 32<\/p>\n<p>                                        Charles a celebrar o golo de Ndoye &#8211; Foto: Miguel Nunes<\/p>\n<p>                                                    <img decoding=\"async\" class=\"h-full w-full max-w-[1180px] select-none rounded-t object-contain object-center\" src=\"https:\/\/www.europesays.com\/pt\/wp-content\/uploads\/2026\/01\/33cd09c6-ac62-41a8-91a4-44ad98029e10.jpg\" alt=\"Charles a celebrar o golo de Ndoye - Foto: Miguel Nunes\" x-show=\"imageGalleryOpened &amp;&amp; imageGalleryImageIndex == 25\"\/><\/p>\n<p>                                        \/ 32<\/p>\n<p>                                        Charles a celebrar o golo de Ndoye &#8211; Foto: Miguel Nunes<\/p>\n<p>                                                    <img decoding=\"async\" class=\"h-full w-full max-w-[1180px] select-none rounded-t object-contain object-center\" src=\"https:\/\/www.europesays.com\/pt\/wp-content\/uploads\/2026\/01\/70624bda-3d72-4502-9f60-7ef2c56e8962.jpg\" alt=\"Festejos do V. Guimar\u00e3es - Foto: Miguel Nunes\" x-show=\"imageGalleryOpened &amp;&amp; imageGalleryImageIndex == 26\"\/><\/p>\n<p>                                        \/ 32<\/p>\n<p>                                        Festejos do V. Guimar\u00e3es &#8211; Foto: Miguel Nunes<\/p>\n<p>                                                    <img decoding=\"async\" class=\"h-full w-full max-w-[1180px] select-none rounded-t object-contain object-center\" src=\"https:\/\/www.europesays.com\/pt\/wp-content\/uploads\/2026\/01\/d51ebbb5-04ff-4af3-b260-9fab78cd1af6.jpg\" alt=\"Festejos do V. Guimar\u00e3es - Foto: Miguel Nunes\" x-show=\"imageGalleryOpened &amp;&amp; imageGalleryImageIndex == 27\"\/><\/p>\n<p>                                        \/ 32<\/p>\n<p>                                        Festejos do V. Guimar\u00e3es &#8211; Foto: Miguel Nunes<\/p>\n<p>                                                    <img decoding=\"async\" class=\"h-full w-full max-w-[1180px] select-none rounded-t object-contain object-center\" src=\"https:\/\/www.europesays.com\/pt\/wp-content\/uploads\/2026\/01\/2bbc08ed-e895-4301-a534-184cb3a913f3.jpg\" alt=\"Charles decisivo ao defender pen\u00e1lti aos 90+11' - Foto: Miguel Nunes\" x-show=\"imageGalleryOpened &amp;&amp; imageGalleryImageIndex == 28\"\/><\/p>\n<p>                                        \/ 32<\/p>\n<p>                                        Charles decisivo ao defender pen\u00e1lti aos 90+11&#8242; &#8211; Foto: Miguel Nunes<\/p>\n<p>                                                    <img decoding=\"async\" class=\"h-full w-full max-w-[1180px] select-none rounded-t object-contain object-center\" src=\"https:\/\/www.europesays.com\/pt\/wp-content\/uploads\/2026\/01\/aa2251f6-f708-475d-bdb7-f438a24928cd.jpg\" alt=\"Charles decisivo ao defender pen\u00e1lti aos 90+11' - Foto: Miguel Nunes\" x-show=\"imageGalleryOpened &amp;&amp; imageGalleryImageIndex == 29\"\/><\/p>\n<p>                                        \/ 32<\/p>\n<p>                                        Charles decisivo ao defender pen\u00e1lti aos 90+11&#8242; &#8211; Foto: Miguel Nunes<\/p>\n<p>                                                    <img decoding=\"async\" class=\"h-full w-full max-w-[1180px] select-none rounded-t object-contain object-center\" src=\"https:\/\/www.europesays.com\/pt\/wp-content\/uploads\/2026\/01\/9938574b-b1bb-42e7-949e-fb9273b635a0.jpg\" alt=\"Charles decisivo ao defender pen\u00e1lti aos 90+11' - Foto: Miguel Nunes\" x-show=\"imageGalleryOpened &amp;&amp; imageGalleryImageIndex == 30\"\/><\/p>\n<p>                                        \/ 32<\/p>\n<p>                                        Charles decisivo ao defender pen\u00e1lti aos 90+11&#8242; &#8211; Foto: Miguel Nunes<\/p>\n<p>                                                    <img decoding=\"async\" class=\"h-full w-full max-w-[1180px] select-none rounded-t object-contain object-center\" src=\"https:\/\/www.europesays.com\/pt\/wp-content\/uploads\/2026\/01\/b3938550-bf94-4a93-bb68-af4fafc39da0.jpg\" alt=\"Charles decisivo ao defender pen\u00e1lti aos 90+11' - Foto: Miguel Nunes\" x-show=\"imageGalleryOpened &amp;&amp; imageGalleryImageIndex == 31\"\/><\/p>\n<p>                                        \/ 32<\/p>\n<p>                                        Charles decisivo ao defender pen\u00e1lti aos 90+11&#8242; &#8211; Foto: Miguel Nunes<\/p>\n<p>                                                    <img decoding=\"async\" class=\"h-full w-full max-w-[1180px] select-none rounded-t object-contain object-center\" src=\"https:\/\/www.europesays.com\/pt\/wp-content\/uploads\/2026\/01\/0dc82eac-ed5a-4425-9bf4-babad1827377.jpg\" alt=\"Charles decisivo ao defender pen\u00e1lti aos 90+11' - Foto: Miguel Nunes\" x-show=\"imageGalleryOpened &amp;&amp; imageGalleryImageIndex == 32\"\/><\/p>\n<p>                                        \/ 32<\/p>\n<p>                                        Charles decisivo ao defender pen\u00e1lti aos 90+11&#8242; &#8211; Foto: Miguel Nunes<\/p>\n<p>            Galeria de imagens<\/p>\n<p>            32 Fotos<\/p>\n<p><strong>56\u2019<\/strong> Pen\u00e1lti. A bola vai do p\u00e9 esquerdo \u00e0 coxa direita de N\u00e9lson <a target=\"_blank\" class=\"editor-link autolink-enabled\" href=\"https:\/\/www.abola.pt\/futebol\/jogador\/nelson-oliveira-2139\" data-resource-id=\"2139\" data-resource-type=\"player\" data-sport=\"football\" rel=\"nofollow noopener\">Oliveira<\/a> e quando sobe \u00e9 intercetada com a m\u00e3o direita de <a target=\"_blank\" class=\"editor-link autolink-enabled\" href=\"https:\/\/www.abola.pt\/futebol\/jogador\/vitor-carvalho-172588\" data-resource-id=\"172588\" data-resource-type=\"player\" data-sport=\"football\" rel=\"nofollow noopener\">V\u00edtor Carvalho<\/a>, que tinha o bra\u00e7o aberto esticado e que faz movimento deliberado. Bem o VAR em lance de pen\u00e1lti de TV, mas claro e \u00f3bvio.<\/p>\n<p><strong>67\u2019<\/strong> Contacto lateral. <a class=\"autolink-enabled\" data-resource-id=\"222211\" data-resource-type=\"player\" data-sport=\"football\" href=\"https:\/\/www.abola.pt\/futebol\/jogador\/pau-victor-222211\" rel=\"nofollow noopener\" target=\"_blank\">Pau Victor<\/a> inclina-se para a direita para suster o contacto inevit\u00e1vel que existiu da perna esquerda e corpo de <a class=\"autolink-enabled\" data-resource-id=\"103402\" data-resource-type=\"player\" data-sport=\"football\" href=\"https:\/\/www.abola.pt\/futebol\/jogador\/rodrigo-abascal-103402\" rel=\"nofollow noopener\" target=\"_blank\">Abascal<\/a> na direita do bracarense. N\u00e3o h\u00e1 carga, empurr\u00e3o ou rasteira, tudo legal e sem motivo para pen\u00e1lti confirmada pelo VAR.<\/p>\n<p><strong>88\u2019<\/strong> Cart\u00e3o amarelo bem mostrado a <a class=\"autolink-enabled\" data-resource-id=\"297353\" data-resource-type=\"player\" data-sport=\"football\" href=\"https:\/\/www.abola.pt\/futebol\/jogador\/matija-mitrovic-297353\" rel=\"nofollow noopener\" target=\"_blank\">Matija Mitrovic<\/a> por uma entrada em tacle deslizante sobre <a target=\"_blank\" class=\"editor-link autolink-enabled\" href=\"https:\/\/www.abola.pt\/futebol\/jogador\/gabri-martinez-246252\" data-resource-id=\"246252\" data-resource-type=\"player\" data-sport=\"football\" rel=\"nofollow noopener\">Gabri<\/a> Mart\u00ednez, uma entrada negligente que por ter sido j\u00e1 perto da \u00e1rea, zona lateral, tamb\u00e9m cortou um ataque prometedor.<\/p>\n<p><strong>90\u2019<\/strong> Foram dados nove minutos de tempo extra, recupera\u00e7\u00e3o de tempo perdido, em fun\u00e7\u00e3o das seis paragens para substitui\u00e7\u00f5es onde entraram nove jogadores, pelos dois golos, um dos quais com grande perda de tempo na comemora\u00e7\u00e3o, e pela ida do \u00e1rbitro ao monitor para confirmar e validar o pontap\u00e9 de pen\u00e1lti para o Vit\u00f3ria. Depois ainda tivemos ambos os guardi\u00f5es no ch\u00e3o. Por tudo isto o tempo inicialmente dado foi correto. Depois as incid\u00eancias durante este tempo extra, mereceu ainda descontos sobre descontos, e uma vez mais bem o \u00e1rbitro nessa compensa\u00e7\u00e3o.<\/p>\n<p><strong>90+8\u2019 <\/strong><a target=\"_blank\" class=\"editor-link autolink-enabled\" href=\"https:\/\/www.abola.pt\/futebol\/jogador\/joao-mendes-183903\" data-resource-id=\"183903\" data-resource-type=\"player\" data-sport=\"football\" rel=\"nofollow noopener\">Jo\u00e3o Mendes<\/a>, ao saltar ao esf\u00e9rico, projetou o seu bra\u00e7o esquerdo para tr\u00e1s e com a m\u00e3o fechada primeiro e depois com o bra\u00e7o, acaba por acertar quer no peito, quer no rosto de Victor <a class=\"autolink-enabled\" data-resource-id=\"191127\" data-resource-type=\"player\" data-sport=\"football\" href=\"https:\/\/www.abola.pt\/futebol\/jogador\/victor-gomez-191127\" rel=\"nofollow noopener\" target=\"_blank\">G\u00f3mez<\/a>. Pontap\u00e9 de pen\u00e1lti e amarelo, o segundo, por entrada negligente.<\/p>\n<p><strong>90+ 11\u2019<\/strong> A defesa de <a class=\"autolink-enabled\" data-resource-id=\"42936\" data-resource-type=\"player\" data-sport=\"football\" href=\"https:\/\/www.abola.pt\/futebol\/jogador\/charles-42936\" rel=\"nofollow noopener\" target=\"_blank\">Charles<\/a> foi correta e de acordo com as leis, quando a bola foi batida, ele tinha o seu p\u00e9 esquerdo sobre a linha e o p\u00e9 direito para a frente. O VAR sempre que um guarda-redes defende um pen\u00e1lti confirma sempre se h\u00e1 alguma irregularidade, pois se tal acontecer, manda repetir, n\u00e3o foi o caso, tudo certo.<\/p>\n<p><strong>90+13\u2019<\/strong> <a class=\"autolink-enabled\" data-resource-id=\"2139\" data-resource-type=\"player\" data-sport=\"football\" href=\"https:\/\/www.abola.pt\/futebol\/jogador\/nelson-oliveira-2139\" rel=\"nofollow noopener\" target=\"_blank\">N\u00e9lson Oliveira<\/a> foi expulso no banco de forma direta, pois na comemora\u00e7\u00e3o da defesa do pontap\u00e9 de pen\u00e1lti por parte do seu guarda-redes, <a class=\"autolink-enabled\" data-resource-id=\"42936\" data-resource-type=\"player\" data-sport=\"football\" href=\"https:\/\/www.abola.pt\/futebol\/jogador\/charles-42936\" rel=\"nofollow noopener\" target=\"_blank\">Charles<\/a>, virou-se para a bancada, onde estavam os adeptos bracarenses e teve atitude e comportamento, atrav\u00e9s de gestos, que se enquadram no chamado comportamento irrespons\u00e1vel, raz\u00e3o pela qual viu o cart\u00e3o vermelho.<\/p>\n<p><strong>90+14\u2019<\/strong> <a target=\"_blank\" class=\"editor-link autolink-enabled\" href=\"https:\/\/www.abola.pt\/futebol\/jogador\/rodrigo-abascal-103402\" data-resource-id=\"103402\" data-resource-type=\"player\" data-sport=\"football\" rel=\"nofollow noopener\">Rodrigo Abascal<\/a> pontapeia a bola para a frente e depois d\u00e1-se um contacto com <a class=\"autolink-enabled\" data-resource-id=\"191127\" data-resource-type=\"player\" data-sport=\"football\" href=\"https:\/\/www.abola.pt\/futebol\/jogador\/victor-gomez-191127\" rel=\"nofollow noopener\" target=\"_blank\">V\u00edctor G\u00f3mez<\/a> que estava em salto, uma entrada apenas imprudente, raz\u00e3o pela qual o cart\u00e3o foi exagerado.<\/p>\n<p><strong>90+15\u2019<\/strong> Cart\u00e3o amarelo bem mostrado a <a class=\"autolink-enabled\" data-resource-id=\"103402\" data-resource-type=\"player\" data-sport=\"football\" href=\"https:\/\/www.abola.pt\/futebol\/jogador\/rodrigo-abascal-103402\" rel=\"nofollow noopener\" target=\"_blank\">Rodrigo Abascal<\/a> por demorar a repor a bola aquando de um pontap\u00e9 livre, uma perda de tempo bem sancionada disciplinarmente.<\/p>\n","protected":false},"excerpt":{"rendered":"H\u00e9lder Malheiro foi o \u00e1rbitro da final da Allianz Cup. A auxili\u00e1-lo estiveram Gon\u00e7alo Freire e Hugo Ribeiro.&hellip;\n","protected":false},"author":2,"featured_media":224501,"comment_status":"","ping_status":"","sticky":false,"template":"","format":"standard","meta":{"footnotes":""},"categories":[87],"tags":[135,32,33,134],"class_list":{"0":"post-224500","1":"post","2":"type-post","3":"status-publish","4":"format-standard","5":"has-post-thumbnail","7":"category-desporto","8":"tag-desporto","9":"tag-portugal","10":"tag-pt","11":"tag-sports"},"share_on_mastodon":{"url":"https:\/\/pubeurope.com\/@pt\/115875868172495596","error":""},"_links":{"self":[{"href":"https:\/\/www.europesays.com\/pt\/wp-json\/wp\/v2\/posts\/224500","targetHints":{"allow":["GET"]}}],"collection":[{"href":"https:\/\/www.europesays.com\/pt\/wp-json\/wp\/v2\/posts"}],"about":[{"href":"https:\/\/www.europesays.com\/pt\/wp-json\/wp\/v2\/types\/post"}],"author":[{"embeddable":true,"href":"https:\/\/www.europesays.com\/pt\/wp-json\/wp\/v2\/users\/2"}],"replies":[{"embeddable":true,"href":"https:\/\/www.europesays.com\/pt\/wp-json\/wp\/v2\/comments?post=224500"}],"version-history":[{"count":0,"href":"https:\/\/www.europesays.com\/pt\/wp-json\/wp\/v2\/posts\/224500\/revisions"}],"wp:featuredmedia":[{"embeddable":true,"href":"https:\/\/www.europesays.com\/pt\/wp-json\/wp\/v2\/media\/224501"}],"wp:attachment":[{"href":"https:\/\/www.europesays.com\/pt\/wp-json\/wp\/v2\/media?parent=224500"}],"wp:term":[{"taxonomy":"category","embeddable":true,"href":"https:\/\/www.europesays.com\/pt\/wp-json\/wp\/v2\/categories?post=224500"},{"taxonomy":"post_tag","embeddable":true,"href":"https:\/\/www.europesays.com\/pt\/wp-json\/wp\/v2\/tags?post=224500"}],"curies":[{"name":"wp","href":"https:\/\/api.w.org\/{rel}","templated":true}]}}