{"id":224507,"date":"2026-01-11T10:00:09","date_gmt":"2026-01-11T10:00:09","guid":{"rendered":"https:\/\/www.europesays.com\/pt\/224507\/"},"modified":"2026-01-11T10:00:09","modified_gmt":"2026-01-11T10:00:09","slug":"aluno-agride-docente-que-resolvia-desacato-em-escola-basica-de-coimbra","status":"publish","type":"post","link":"https:\/\/www.europesays.com\/pt\/224507\/","title":{"rendered":"Aluno agride docente que resolvia &#8220;desacato&#8221; em escola b\u00e1sica de Coimbra"},"content":{"rendered":"<p>Um aluno de 11 anos agrediu uma professora numa sala de aula da Escola B\u00e1sica Poeta Manuel da Silva Gaio, em Coimbra, na manh\u00e3 de sexta-feira.<\/p>\n<p>O menor &#8220;ter\u00e1 empurrado a professora (que caiu e bateu com a cabe\u00e7a em mesa, ferindo-se na orelha)&#8221;, no momento em que a docente &#8220;estava a resolver um desacato entre outros alunos&#8221;, confirmou o Not\u00edcias ao Minuto junto da Pol\u00edcia de Seguran\u00e7a P\u00fablica (PSP).<\/p>\n<p>A docente foi assistida no local e levada para uma unidade de sa\u00fade, disse fonte da Associa\u00e7\u00e3o Humanit\u00e1ria de Bombeiros Volunt\u00e1rios de Coimbra ao\u00a0Not\u00edcias ao Minuto.<\/p>\n<p>Uma segunda ambul\u00e2ncia avaliou o menor, que &#8220;n\u00e3o teve necessidade de transporte \u00e0 unidade hospitalar&#8221;.<\/p>\n<p>O alerta foi dado pelas 11h47 e a PSP tomou conta da ocorr\u00eancia.<\/p>\n<p>O Not\u00edcias ao Minuto contactou o Agrupamento de Escolas Coimbra Centro (AECC) e aguarda esclarecimentos.<\/p>\n<p>                                                    <img decoding=\"async\" height=\"640\" with=\"360\" src=\"https:\/\/www.europesays.com\/pt\/wp-content\/uploads\/2026\/01\/naom_56bb7ef4bbe3e.jpg\" border=\"0\" alt=\"Professor julgado em Leiria por dois crimes de maus-tratos a alunos\"\/><\/p>\n<p>O Tribunal Judicial de Leiria come\u00e7a a julgar no dia 23 um professor acusado de dois crimes de maus-tratos em concurso aparente com dois crimes de ofensa \u00e0 integridade f\u00edsica qualificada.<\/p>\n<p>                                                     Lusa | 11:54 &#8211; 08\/01\/2026 <\/p>\n","protected":false},"excerpt":{"rendered":"Um aluno de 11 anos agrediu uma professora numa sala de aula da Escola B\u00e1sica Poeta Manuel da&hellip;\n","protected":false},"author":2,"featured_media":224508,"comment_status":"","ping_status":"","sticky":false,"template":"","format":"standard","meta":{"footnotes":""},"categories":[10],"tags":[27,28,15,16,14,25,26,21,22,12,13,19,20,32,23,24,33,17,18,29,30,31],"class_list":{"0":"post-224507","1":"post","2":"type-post","3":"status-publish","4":"format-standard","5":"has-post-thumbnail","7":"category-portugal","8":"tag-breaking-news","9":"tag-breakingnews","10":"tag-featured-news","11":"tag-featurednews","12":"tag-headlines","13":"tag-latest-news","14":"tag-latestnews","15":"tag-main-news","16":"tag-mainnews","17":"tag-news","18":"tag-noticias","19":"tag-noticias-principais","20":"tag-noticiasprincipais","21":"tag-portugal","22":"tag-principais-noticias","23":"tag-principaisnoticias","24":"tag-pt","25":"tag-top-stories","26":"tag-topstories","27":"tag-ultimas","28":"tag-ultimas-noticias","29":"tag-ultimasnoticias"},"share_on_mastodon":{"url":"https:\/\/pubeurope.com\/@pt\/115875887737880004","error":""},"_links":{"self":[{"href":"https:\/\/www.europesays.com\/pt\/wp-json\/wp\/v2\/posts\/224507","targetHints":{"allow":["GET"]}}],"collection":[{"href":"https:\/\/www.europesays.com\/pt\/wp-json\/wp\/v2\/posts"}],"about":[{"href":"https:\/\/www.europesays.com\/pt\/wp-json\/wp\/v2\/types\/post"}],"author":[{"embeddable":true,"href":"https:\/\/www.europesays.com\/pt\/wp-json\/wp\/v2\/users\/2"}],"replies":[{"embeddable":true,"href":"https:\/\/www.europesays.com\/pt\/wp-json\/wp\/v2\/comments?post=224507"}],"version-history":[{"count":0,"href":"https:\/\/www.europesays.com\/pt\/wp-json\/wp\/v2\/posts\/224507\/revisions"}],"wp:featuredmedia":[{"embeddable":true,"href":"https:\/\/www.europesays.com\/pt\/wp-json\/wp\/v2\/media\/224508"}],"wp:attachment":[{"href":"https:\/\/www.europesays.com\/pt\/wp-json\/wp\/v2\/media?parent=224507"}],"wp:term":[{"taxonomy":"category","embeddable":true,"href":"https:\/\/www.europesays.com\/pt\/wp-json\/wp\/v2\/categories?post=224507"},{"taxonomy":"post_tag","embeddable":true,"href":"https:\/\/www.europesays.com\/pt\/wp-json\/wp\/v2\/tags?post=224507"}],"curies":[{"name":"wp","href":"https:\/\/api.w.org\/{rel}","templated":true}]}}