{"id":224556,"date":"2026-01-11T10:36:08","date_gmt":"2026-01-11T10:36:08","guid":{"rendered":"https:\/\/www.europesays.com\/pt\/224556\/"},"modified":"2026-01-11T10:36:08","modified_gmt":"2026-01-11T10:36:08","slug":"antes-do-el-clasico-reina-a-desconfianca-no-real-madrid-nao-jogamos-bem","status":"publish","type":"post","link":"https:\/\/www.europesays.com\/pt\/224556\/","title":{"rendered":"Antes do El Cl\u00e1sico, reina a desconfian\u00e7a no Real Madrid: \u00abN\u00e3o jogamos bem\u00bb"},"content":{"rendered":"<p>Na antec\u00e2mara do grande El Cl\u00e1sico deste s\u00e1bado, que coloca frente a frente <a target=\"_blank\" class=\"editor-link autolink-enabled\" href=\"https:\/\/www.abola.pt\/futebol\/real-madrid-204\" data-resource-id=\"204\" data-resource-type=\"team\" data-sport=\"football\" rel=\"nofollow noopener\">Real Madrid<\/a> e <a target=\"_blank\" class=\"editor-link autolink-enabled\" href=\"https:\/\/www.abola.pt\/futebol\/barcelona-205\" data-resource-id=\"205\" data-resource-type=\"team\" data-sport=\"football\" rel=\"nofollow noopener\">Barcelona<\/a>, na final da Superta\u00e7a de Espanha, reina a desconfian\u00e7a no balne\u00e1rio dos merengues, revela o jornal AS.<\/p>\n<p>De acordo com a publica\u00e7\u00e3o, apesar de a turma de Xabi Alonso ter conseguido marcar presen\u00e7a em mais uma final, ap\u00f3s bater o rival <a target=\"_blank\" class=\"editor-link autolink-enabled\" href=\"https:\/\/www.abola.pt\/futebol\/atletico-madrid-209\" data-resource-id=\"209\" data-resource-type=\"team\" data-sport=\"football\" rel=\"nofollow noopener\">Atl\u00e9tico Madrid<\/a>, as exibi\u00e7\u00f5es recentes dos blancos n\u00e3o t\u00eam convencido e s\u00e3o motivo de preopcupa\u00e7\u00e3o. Nem os adeptos, nem o treinador&#8230; nem os jogadores.<\/p>\n<p>\u00abN\u00f3s n\u00e3o jogamos bem, n\u00e3o jogamos bom futebol. Somos maus\u00bb, ter\u00e1 sido uma das frases ditas no balne\u00e1rio dos madrilenos depois do triunfo sobre o rival da capital espanhola, na Ar\u00e1bia Saudita.<\/p>\n<p>O plantel \u00e0s ordens de Xabi Alonso, tal como o pr\u00f3prio t\u00e9cnico, refere o jornal, acredita que pode dar muito mais, e que o verdadeiro n\u00edvel de jogo da equipa n\u00e3o \u00e9, nem perto, o que tem sido apresentado nas \u00faltimas semanas.<\/p>\n<p>Certo \u00e9 que o Real Madrid tem a oportunidade de conquistar mais um t\u00edtulo este s\u00e1bado. Na <a class=\"autolink-enabled\" data-resource-id=\"5\" data-resource-type=\"competition\" data-sport=\"football\" href=\"https:\/\/www.abola.pt\/futebol\/competicao\/laliga-5\" rel=\"nofollow noopener\" target=\"_blank\">LaLiga<\/a>, os merengues perseguem o l\u00edder Barcelona, somando menos quatro pontos que os catal\u00e3es.<\/p>\n","protected":false},"excerpt":{"rendered":"Na antec\u00e2mara do grande El Cl\u00e1sico deste s\u00e1bado, que coloca frente a frente Real Madrid e Barcelona, na&hellip;\n","protected":false},"author":2,"featured_media":224557,"comment_status":"","ping_status":"","sticky":false,"template":"","format":"standard","meta":{"footnotes":""},"categories":[87],"tags":[135,32,33,134],"class_list":{"0":"post-224556","1":"post","2":"type-post","3":"status-publish","4":"format-standard","5":"has-post-thumbnail","7":"category-desporto","8":"tag-desporto","9":"tag-portugal","10":"tag-pt","11":"tag-sports"},"share_on_mastodon":{"url":"https:\/\/pubeurope.com\/@pt\/115876028926630133","error":""},"_links":{"self":[{"href":"https:\/\/www.europesays.com\/pt\/wp-json\/wp\/v2\/posts\/224556","targetHints":{"allow":["GET"]}}],"collection":[{"href":"https:\/\/www.europesays.com\/pt\/wp-json\/wp\/v2\/posts"}],"about":[{"href":"https:\/\/www.europesays.com\/pt\/wp-json\/wp\/v2\/types\/post"}],"author":[{"embeddable":true,"href":"https:\/\/www.europesays.com\/pt\/wp-json\/wp\/v2\/users\/2"}],"replies":[{"embeddable":true,"href":"https:\/\/www.europesays.com\/pt\/wp-json\/wp\/v2\/comments?post=224556"}],"version-history":[{"count":0,"href":"https:\/\/www.europesays.com\/pt\/wp-json\/wp\/v2\/posts\/224556\/revisions"}],"wp:featuredmedia":[{"embeddable":true,"href":"https:\/\/www.europesays.com\/pt\/wp-json\/wp\/v2\/media\/224557"}],"wp:attachment":[{"href":"https:\/\/www.europesays.com\/pt\/wp-json\/wp\/v2\/media?parent=224556"}],"wp:term":[{"taxonomy":"category","embeddable":true,"href":"https:\/\/www.europesays.com\/pt\/wp-json\/wp\/v2\/categories?post=224556"},{"taxonomy":"post_tag","embeddable":true,"href":"https:\/\/www.europesays.com\/pt\/wp-json\/wp\/v2\/tags?post=224556"}],"curies":[{"name":"wp","href":"https:\/\/api.w.org\/{rel}","templated":true}]}}