{"id":224574,"date":"2026-01-11T10:57:09","date_gmt":"2026-01-11T10:57:09","guid":{"rendered":"https:\/\/www.europesays.com\/pt\/224574\/"},"modified":"2026-01-11T10:57:09","modified_gmt":"2026-01-11T10:57:09","slug":"areia-no-estomago-e-pulmoes-pesados-autopsia-a-maycon-aponta-afogamento-como-causa-da-morte-e-afasta-crime","status":"publish","type":"post","link":"https:\/\/www.europesays.com\/pt\/224574\/","title":{"rendered":"Areia no est\u00f4mago e pulm\u00f5es pesados. Aut\u00f3psia a Maycon aponta afogamento como causa da morte e afasta crime"},"content":{"rendered":"<p>\t                Corpo esteve desaparecido durante oito dias<\/p>\n<p style=\"margin-bottom:11px\">N\u00e3o h\u00e1 suspeitas de crime na morte de Maycon Douglas, antigo concorrente da Casa dos Segredos, apurou a CNN Portugal.<\/p>\n<p>A aut\u00f3psia feita ao jovem de 26 anos revelou que tinha areia no est\u00f4mago e os pulm\u00f5es muito pesados. Tal indicia que a causa da morte ser\u00e1 o afogamento.<\/p>\n<p>Recorde-se, contudo, que o corpo esteve desaparecido no mar durante oito dias.<\/p>\n<p style=\"margin-bottom:11px\">Faltam ainda os resultados dos exames toxicol\u00f3gicos, que v\u00e3o permitir perceber se o antigo concorrente estava sob efeito de drogas, \u00e1lcool ou mediacamentos no momento da morte.<\/p>\n<p style=\"margin-bottom:11px\">A CNN Portugal apurou que, at\u00e9 ao momento, n\u00e3o existem suspeitas de interven\u00e7\u00e3o de terceiros na morte de Maycon Douglas e, logo, de crime.<\/p>\n<p>Maycon Douglas tinha desaparecido no dia 31 de dezembro na Nazar\u00e9. De acordo com um dos amigos, Maycon Douglas saiu de um bar na Nazar\u00e9 onde esteve a colocar m\u00fasica e foi para casa com uma amiga.<\/p>\n<p>No dia a seguir os amigos aperceberam-se de que ningu\u00e9m sabia do seu paradeiro, mas a localiza\u00e7\u00e3o que Maycon Douglas partilhou levou-os at\u00e9 ao local onde o carro caiu ao mar, perto do farol de S\u00e3o Miguel Arcanjo, na Nazar\u00e9.<\/p>\n<p>O corpo deu \u00e0 costa no dia 7 de janeiro, na Praia do Sul, na Nazar\u00e9, perto do local onde foi encontrado submerso, a seis metros de profundidade, o carro do antigo concorrente do reality show da TVI (do mesmo grupo da CNN Portugal).<\/p>\n<p>O funeral de Maycon realiza-se este domingo em Leiria.<\/p>\n","protected":false},"excerpt":{"rendered":"Corpo esteve desaparecido durante oito dias N\u00e3o h\u00e1 suspeitas de crime na morte de Maycon Douglas, antigo concorrente&hellip;\n","protected":false},"author":2,"featured_media":224575,"comment_status":"","ping_status":"","sticky":false,"template":"","format":"standard","meta":{"footnotes":""},"categories":[8],"tags":[14072,609,836,611,27,28,607,608,333,832,604,135,610,476,15,16,301,830,14,603,25,26,570,21,22,831,833,10223,1437,62,5563,834,12,13,19,20,835,602,52,32,23,24,33,1315,17,18,29,30,31],"class_list":{"0":"post-224574","1":"post","2":"type-post","3":"status-publish","4":"format-standard","5":"has-post-thumbnail","7":"category-principais-noticias","8":"tag-afogamento","9":"tag-alerta","10":"tag-analise","11":"tag-ao-minuto","12":"tag-breaking-news","13":"tag-breakingnews","14":"tag-cnn","15":"tag-cnn-portugal","16":"tag-comentadores","17":"tag-costa","18":"tag-crime","19":"tag-desporto","20":"tag-direto","21":"tag-economia","22":"tag-featured-news","23":"tag-featurednews","24":"tag-governo","25":"tag-guerra","26":"tag-headlines","27":"tag-justica","28":"tag-latest-news","29":"tag-latestnews","30":"tag-live","31":"tag-main-news","32":"tag-mainnews","33":"tag-mais-vistas","34":"tag-marcelo","35":"tag-maycon-douglas","36":"tag-morte","37":"tag-mundo","38":"tag-nazare","39":"tag-negocios","40":"tag-news","41":"tag-noticias","42":"tag-noticias-principais","43":"tag-noticiasprincipais","44":"tag-opiniao","45":"tag-pais","46":"tag-politica","47":"tag-portugal","48":"tag-principais-noticias","49":"tag-principaisnoticias","50":"tag-pt","51":"tag-secret-story","52":"tag-top-stories","53":"tag-topstories","54":"tag-ultimas","55":"tag-ultimas-noticias","56":"tag-ultimasnoticias"},"share_on_mastodon":{"url":"","error":"Validation failed: Text character limit of 500 exceeded"},"_links":{"self":[{"href":"https:\/\/www.europesays.com\/pt\/wp-json\/wp\/v2\/posts\/224574","targetHints":{"allow":["GET"]}}],"collection":[{"href":"https:\/\/www.europesays.com\/pt\/wp-json\/wp\/v2\/posts"}],"about":[{"href":"https:\/\/www.europesays.com\/pt\/wp-json\/wp\/v2\/types\/post"}],"author":[{"embeddable":true,"href":"https:\/\/www.europesays.com\/pt\/wp-json\/wp\/v2\/users\/2"}],"replies":[{"embeddable":true,"href":"https:\/\/www.europesays.com\/pt\/wp-json\/wp\/v2\/comments?post=224574"}],"version-history":[{"count":0,"href":"https:\/\/www.europesays.com\/pt\/wp-json\/wp\/v2\/posts\/224574\/revisions"}],"wp:featuredmedia":[{"embeddable":true,"href":"https:\/\/www.europesays.com\/pt\/wp-json\/wp\/v2\/media\/224575"}],"wp:attachment":[{"href":"https:\/\/www.europesays.com\/pt\/wp-json\/wp\/v2\/media?parent=224574"}],"wp:term":[{"taxonomy":"category","embeddable":true,"href":"https:\/\/www.europesays.com\/pt\/wp-json\/wp\/v2\/categories?post=224574"},{"taxonomy":"post_tag","embeddable":true,"href":"https:\/\/www.europesays.com\/pt\/wp-json\/wp\/v2\/tags?post=224574"}],"curies":[{"name":"wp","href":"https:\/\/api.w.org\/{rel}","templated":true}]}}