{"id":224578,"date":"2026-01-11T11:01:07","date_gmt":"2026-01-11T11:01:07","guid":{"rendered":"https:\/\/www.europesays.com\/pt\/224578\/"},"modified":"2026-01-11T11:01:07","modified_gmt":"2026-01-11T11:01:07","slug":"exclusivo-terra-forte-armando-descobre-a-verdade-sobre-vivi-novelas","status":"publish","type":"post","link":"https:\/\/www.europesays.com\/pt\/224578\/","title":{"rendered":"Exclusivo \u00abTerra Forte\u00bb: Armando descobre a verdade sobre Vivi &#8211; Novelas"},"content":{"rendered":"<p>Em \u00abTerra Forte\u00bb, <a href=\"https:\/\/tvi.iol.pt\/novelas\/videos\/maria-de-fatima-toma-decisao-sobre-vivi-esta-demitida\/68f8e7750cf285ab53a6b259\" rel=\"nofollow noopener\" target=\"_blank\">Vivi (Sofia Nicholson)<\/a>\u00a0diz a Jennifer que o melhor ser\u00e1 ir-se embora se <a href=\"https:\/\/tvi.iol.pt\/novelas\/videos\/terra-forte-empresa-de-marcus-provoca-problemas-de-saude-a-centenas-de-pessoas\/690a568c0cf229bd2f8d374a\" rel=\"nofollow noopener\" target=\"_blank\">Armando (Ricardo Carri\u00e7o)<\/a>\u00a0continuar a insistir em ter alguma coisa com ela. Estaca aflita por Armando a apanhar a falar em portugu\u00eas de Portugal.<\/p>\n<p>Vivi tenta disfar\u00e7ar a Armando que se sente mais \u00e0 vontade a falar em brasileiro com ele. Armando corta a dizer ter a certeza de que ela lhe est\u00e1 a esconder alguma coisa, querendo saber a verdade agora.<\/p>\n<p>Vivi diz a Armando perceber que ele esteja zangado consigo por lhe andar a esconder coisas, achando que o melhor \u00e9 mesmo ir-se embora dali. Armando e Jennifer olham-se desnorteados.<\/p>\n<p>Armando lastima-se de estar a ser enganado por Vivi depois de finalmente ter conhecido algu\u00e9m com quem achava que podia ser feliz. Jennifer diz a Armando que Vivi continua a ser algu\u00e9m em quem ele pode apostar num futuro. Armando pressiona Jennifer para lhe contar o que sabe dela. Armando insiste com Jennifer para que n\u00e3o o deixe perder Vivi quando ela pr\u00f3pria lhe diz que ela \u00e9 uma pessoa confi\u00e1vel. Jennifer revela que Vivi \u00e9 procurada pela pol\u00edcia, Armando fica espantado.<\/p>\n<p>Armando est\u00e1 pasmo por Jennifer j\u00e1 lhe ter contado que Vivi fingiu a sua pr\u00f3pria morte para conseguir ajudar a fam\u00edlia com o dinheiro dos seguros, com ambos a concordar que isso mostra o quanto ela se preocupa com os outros.<\/p>\n<p>Armando insiste de pronto com Vivi para que fique dizendo n\u00e3o querer saber o que ela esconde. Vivi hesita. Armando diz a Vivi que n\u00e3o a vai for\u00e7ar a contar os seus segredos, salientando que sempre viu nela algu\u00e9m em quem pode confiar plenamente, deixando ao arb\u00edtrio dela contar-lhe o que esconde quando sentir que pode confiar nele. Vivi acede ficar.<\/p>\n<p>Jennifer nega comprometida a Vivi ter contado o que seja sobre ela a Armando, com Vivi a dizer-lhe que j\u00e1 decidiu que vai continuar l\u00e1 em casa. Jennifer insinua que o amor entre ela e Armando falou mais forte. Vivi sorri atrapalhada.<\/p>\n","protected":false},"excerpt":{"rendered":"Em \u00abTerra Forte\u00bb, Vivi (Sofia Nicholson)\u00a0diz a Jennifer que o melhor ser\u00e1 ir-se embora se Armando (Ricardo Carri\u00e7o)\u00a0continuar&hellip;\n","protected":false},"author":2,"featured_media":224579,"comment_status":"","ping_status":"","sticky":false,"template":"","format":"standard","meta":{"footnotes":""},"categories":[142],"tags":[160,32103,166,114,115,157,167,164,161,158,165,159,32,33,156,18615,3086,18614,163,151,162,28302],"class_list":{"0":"post-224578","1":"post","2":"type-post","3":"status-publish","4":"format-standard","5":"has-post-thumbnail","7":"category-tv","8":"tag-ana-guiomar","9":"tag-armando","10":"tag-cristina-ferreira","11":"tag-entertainment","12":"tag-entretenimento","13":"tag-festa-e-festa","14":"tag-ficcao","15":"tag-jose-fidalgo","16":"tag-novelas","17":"tag-para-sempre","18":"tag-pedro-sousa","19":"tag-pedro-teixeira","20":"tag-portugal","21":"tag-pt","22":"tag-queridos-papas","23":"tag-ricardo-carrico","24":"tag-sofia-nicholson","25":"tag-terra-forte","26":"tag-tiago-teotonio-pereira","27":"tag-tv","28":"tag-tvi","29":"tag-vivi"},"share_on_mastodon":{"url":"https:\/\/pubeurope.com\/@pt\/115876127295617688","error":""},"_links":{"self":[{"href":"https:\/\/www.europesays.com\/pt\/wp-json\/wp\/v2\/posts\/224578","targetHints":{"allow":["GET"]}}],"collection":[{"href":"https:\/\/www.europesays.com\/pt\/wp-json\/wp\/v2\/posts"}],"about":[{"href":"https:\/\/www.europesays.com\/pt\/wp-json\/wp\/v2\/types\/post"}],"author":[{"embeddable":true,"href":"https:\/\/www.europesays.com\/pt\/wp-json\/wp\/v2\/users\/2"}],"replies":[{"embeddable":true,"href":"https:\/\/www.europesays.com\/pt\/wp-json\/wp\/v2\/comments?post=224578"}],"version-history":[{"count":0,"href":"https:\/\/www.europesays.com\/pt\/wp-json\/wp\/v2\/posts\/224578\/revisions"}],"wp:featuredmedia":[{"embeddable":true,"href":"https:\/\/www.europesays.com\/pt\/wp-json\/wp\/v2\/media\/224579"}],"wp:attachment":[{"href":"https:\/\/www.europesays.com\/pt\/wp-json\/wp\/v2\/media?parent=224578"}],"wp:term":[{"taxonomy":"category","embeddable":true,"href":"https:\/\/www.europesays.com\/pt\/wp-json\/wp\/v2\/categories?post=224578"},{"taxonomy":"post_tag","embeddable":true,"href":"https:\/\/www.europesays.com\/pt\/wp-json\/wp\/v2\/tags?post=224578"}],"curies":[{"name":"wp","href":"https:\/\/api.w.org\/{rel}","templated":true}]}}