{"id":224584,"date":"2026-01-11T11:04:08","date_gmt":"2026-01-11T11:04:08","guid":{"rendered":"https:\/\/www.europesays.com\/pt\/224584\/"},"modified":"2026-01-11T11:04:08","modified_gmt":"2026-01-11T11:04:08","slug":"adepto-do-braga-morre-apos-sofrer-paragem-cardiorrespiratoria-na-final-da-taca-da-liga","status":"publish","type":"post","link":"https:\/\/www.europesays.com\/pt\/224584\/","title":{"rendered":"Adepto do Braga morre ap\u00f3s sofrer paragem cardiorrespirat\u00f3ria na final da Ta\u00e7a da Liga"},"content":{"rendered":"<p data-remotead-prev-elm=\"true\" data-remotead-elm-id=\"inread\">O homem, de 65 anos, sentiu-se mal no Est\u00e1dio Magalh\u00e3es Pessoa e foi assistido no local, antes da chegada da Viatura M\u00e9dica de Emerg\u00eancia e Reanima\u00e7\u00e3o (VMER). Foi transportado ao Hospital de Leiria, mas, apesar dos esfor\u00e7os, o \u00f3bito acabou por ser declarado na unidade hospitalar.<\/p>\n<p>A not\u00edcia foi dada pelo presidente do Braga, Ant\u00f3nio Salvador, ap\u00f3s o encontro que terminou com o triunfo do Vit\u00f3ria de Guimar\u00e3es, por 2-1.<\/p>\n<p>&#8220;Lamento a morte de um s\u00f3cio do SC Braga, que foi, a meio do jogo, para o hospital e acabou por morrer, com um enfarte. Um abra\u00e7o para a fam\u00edlia, o SC Braga est\u00e1 de luto&#8221;, afirmou o dirigente m\u00e1ximo dos bracarenses.<\/p>\n","protected":false},"excerpt":{"rendered":"O homem, de 65 anos, sentiu-se mal no Est\u00e1dio Magalh\u00e3es Pessoa e foi assistido no local, antes da&hellip;\n","protected":false},"author":2,"featured_media":224585,"comment_status":"","ping_status":"","sticky":false,"template":"","format":"standard","meta":{"footnotes":""},"categories":[87],"tags":[1912,135,32,33,136,134],"class_list":{"0":"post-224584","1":"post","2":"type-post","3":"status-publish","4":"format-standard","5":"has-post-thumbnail","7":"category-desporto","8":"tag-braga","9":"tag-desporto","10":"tag-portugal","11":"tag-pt","12":"tag-sc-braga","13":"tag-sports"},"share_on_mastodon":{"url":"https:\/\/pubeurope.com\/@pt\/115876139044948699","error":""},"_links":{"self":[{"href":"https:\/\/www.europesays.com\/pt\/wp-json\/wp\/v2\/posts\/224584","targetHints":{"allow":["GET"]}}],"collection":[{"href":"https:\/\/www.europesays.com\/pt\/wp-json\/wp\/v2\/posts"}],"about":[{"href":"https:\/\/www.europesays.com\/pt\/wp-json\/wp\/v2\/types\/post"}],"author":[{"embeddable":true,"href":"https:\/\/www.europesays.com\/pt\/wp-json\/wp\/v2\/users\/2"}],"replies":[{"embeddable":true,"href":"https:\/\/www.europesays.com\/pt\/wp-json\/wp\/v2\/comments?post=224584"}],"version-history":[{"count":0,"href":"https:\/\/www.europesays.com\/pt\/wp-json\/wp\/v2\/posts\/224584\/revisions"}],"wp:featuredmedia":[{"embeddable":true,"href":"https:\/\/www.europesays.com\/pt\/wp-json\/wp\/v2\/media\/224585"}],"wp:attachment":[{"href":"https:\/\/www.europesays.com\/pt\/wp-json\/wp\/v2\/media?parent=224584"}],"wp:term":[{"taxonomy":"category","embeddable":true,"href":"https:\/\/www.europesays.com\/pt\/wp-json\/wp\/v2\/categories?post=224584"},{"taxonomy":"post_tag","embeddable":true,"href":"https:\/\/www.europesays.com\/pt\/wp-json\/wp\/v2\/tags?post=224584"}],"curies":[{"name":"wp","href":"https:\/\/api.w.org\/{rel}","templated":true}]}}