{"id":224590,"date":"2026-01-11T11:08:07","date_gmt":"2026-01-11T11:08:07","guid":{"rendered":"https:\/\/www.europesays.com\/pt\/224590\/"},"modified":"2026-01-11T11:08:07","modified_gmt":"2026-01-11T11:08:07","slug":"gasoleo-boas-noticias-veja-o-que-acontece-aos-combustiveis-amanha","status":"publish","type":"post","link":"https:\/\/www.europesays.com\/pt\/224590\/","title":{"rendered":"Gas\u00f3leo? Boas not\u00edcias. Veja o que acontece aos combust\u00edveis amanh\u00e3"},"content":{"rendered":"<p>Os pre\u00e7os dos combust\u00edveis dever\u00e3o registar um comportamento misto no arranque da pr\u00f3xima semana: a gasolina dever\u00e1 permanecer nos n\u00edveis atuais, enquanto o gas\u00f3leo dever\u00e1 descer ligeiramente, divulgou o Autom\u00f3vel Club de Portugal (ACP), <a href=\"https:\/\/www.noticiasaominuto.com\/economia\/2916380\/ja-ha-previsoes-confira-o-que-vai-acontecer-aos-precos-dos-combustiveis\" target=\"_blank\" rel=\"noopener nofollow\">na sexta-feira<\/a>.\u00a0<\/p>\n<p>O gas\u00f3leo dever\u00e1 baixar meio c\u00eantimo, ao passo que a gasolina dever\u00e1 manter o pre\u00e7o, segundo as previs\u00f5es do ACP:<\/p>\n<p>&#8220;Nova semana, novas altera\u00e7\u00f5es nos pre\u00e7os dos combust\u00edveis, com as previs\u00f5es do setor a apontarem para a descida do pre\u00e7o do gas\u00f3leo e a manuten\u00e7\u00e3o do pre\u00e7o da gasolina&#8221;, adianta.\u00a0<\/p>\n<p>Assim, segundo o ACP, &#8220;caso se confirmem as previs\u00f5es para a pr\u00f3xima semana, o pre\u00e7o m\u00e9dio do gas\u00f3leo simples vai cair para 1,532 euros por litro, enquanto o pre\u00e7o m\u00e9dio da gasolina simples 95 dever\u00e1 manter-se nos 1,658 euros por litro&#8221;.\u00a0<\/p>\n<p>&#8220;Note-se que estas previs\u00f5es s\u00e3o feitas com base na assun\u00e7\u00e3o da manuten\u00e7\u00e3o das medidas extraordin\u00e1rias de redu\u00e7\u00e3o fiscal aplicadas pelo governo, para mitigar o aumento dos pre\u00e7os. As medidas em vigor incluem a compensa\u00e7\u00e3oo da receita adicional do IVA e a redu\u00e7\u00e3o do Imposto sobre Produtos Petrol\u00edferos (ISP), que o Governo, no entanto, j\u00e1 come\u00e7ou reverter. Prev\u00ea-se que a redu\u00e7\u00e3o extraordin\u00e1ria do ISP seja revertida cada vez que os pre\u00e7os dos combust\u00edveis estiverem demasiado em baixo&#8221;, salvaguarda ainda o ACP.\u00a0<\/p>\n<p>                                                    <img decoding=\"async\" height=\"640\" with=\"360\" src=\"https:\/\/www.europesays.com\/pt\/wp-content\/uploads\/2026\/01\/naom_6960dd63ad67f.jpg\" border=\"0\" alt=\"J\u00e1 h\u00e1 previs\u00f5es! Confira o que vai acontecer aos pre\u00e7os dos combust\u00edveis\"\/><\/p>\n<p>Como \u00e9 habitual \u00e0s sextas-feiras, o Autom\u00f3vel Club de Portugal (ACP) j\u00e1 divulgou as previs\u00f5es para os pre\u00e7os dos combust\u00edveis na pr\u00f3xima semana. Saiba aqui o que vai acontecer na segunda-feira ao gas\u00f3leo e \u00e0 gasolina.<\/p>\n<p>                                                     Beatriz Vasconcelos | 10:50 &#8211; 09\/01\/2026 <\/p>\n<p>                                                    Fim do desconto no ISP? Bruxelas, &#8220;para j\u00e1, n\u00e3o imp\u00f4s nenhuma data&#8221;<\/p>\n<p>O ministro das Finan\u00e7as, Joaquim Miranda Sarmento, disse que a Comiss\u00e3o Europeia &#8220;n\u00e3o imp\u00f4s nenhuma data&#8221; para fim do desconto no Imposto sobre os Produtos Petrol\u00edferos e Energ\u00e9ticos (ISP), que ser\u00e1 gradual para evitar encarecer pre\u00e7os.<\/p>\n<p>&#8220;A Comiss\u00e3o, para j\u00e1, n\u00e3o imp\u00f4s nenhuma data, nenhum calend\u00e1rio, mas tem continuado a frisar que Portugal, entre outros pa\u00edses &#8211; creio que s\u00e3o cerca de mais 10 &#8211; t\u00eam de reverter estes descontos na tributa\u00e7\u00e3o dos combust\u00edveis&#8221;, disse Joaquim Miranda Sarmento.<\/p>\n<p>Em declara\u00e7\u00f5es aos jornalistas portugueses em Bruxelas no final da reuni\u00e3o dos ministros das Finan\u00e7as da UE, o governante apontou que &#8220;o fim do desconto do ISP, a revers\u00e3o do desconto do ISP, ser\u00e1 o mais gradual poss\u00edvel&#8221;. &#8220;Portanto, n\u00e3o podemos antecipar nem o gradualismo, nem o seu fim&#8221;, referiu Joaquim Miranda Sarmento.<\/p>\n<p>Ap\u00f3s as cr\u00edticas de Bruxelas, desde 2023, o Governo vai come\u00e7ar agora a retirar de forma gradual o benef\u00edcio relativo ao ISP.<\/p>\n<p>Em causa est\u00e3o descontos sobre o ISP na compra de gasolina e gas\u00f3leo, apoios criados em 2022 e 2023 na sequ\u00eancia da crise energ\u00e9tica relacionada com a guerra na Ucr\u00e2nia e com a elevada infla\u00e7\u00e3o.<\/p>\n<p>O Governo n\u00e3o incluiu na proposta do Or\u00e7amento do Estado para 2026 (OE2026) nenhuma previs\u00e3o para a elimina\u00e7\u00e3o destes descontos e j\u00e1 sinalizou que o processo dever\u00e1 ser gradual.<\/p>\n<p>A tutela das Finan\u00e7as j\u00e1 veio garantir estar a trabalhar numa solu\u00e7\u00e3o que n\u00e3o encare\u00e7a os pre\u00e7os dos combust\u00edveis, apontando que vai come\u00e7ar a retirar o benef\u00edcio em momentos de redu\u00e7\u00e3o dos pre\u00e7os.<\/p>\n<p>Este exerc\u00edcio surge devido \u00e0s recomenda\u00e7\u00f5es da Comiss\u00e3o Europeia para uma redu\u00e7\u00e3o destes descontos, por serem medidas de car\u00e1ter excecional que visaram suavizar o impacto do aumento dos pre\u00e7os dos combust\u00edveis.<\/p>\n<p>A elimina\u00e7\u00e3o do desconto em vigor no ISP e a atualiza\u00e7\u00e3o da taxa de carbono trariam uma receita adicional para os cofres do Estado de 1.132 milh\u00f5es de euros, estima o Conselho das Finan\u00e7as P\u00fablicas.<\/p>\n<p>Leia Tamb\u00e9m: <a href=\"https:\/\/www.noticiasaominuto.com\/economia\/2916438\/economia-financiou-exterior-em-2-5-do-pib-no-ano-terminado-em-setembro\" target=\"_blank\" rel=\"noopener noreferrer nofollow\">Economia financiou exterior em 2,5% do PIB no ano terminado em setembro<\/a><\/p>\n","protected":false},"excerpt":{"rendered":"Os pre\u00e7os dos combust\u00edveis dever\u00e3o registar um comportamento misto no arranque da pr\u00f3xima semana: a gasolina dever\u00e1 permanecer&hellip;\n","protected":false},"author":2,"featured_media":224591,"comment_status":"","ping_status":"","sticky":false,"template":"","format":"standard","meta":{"footnotes":""},"categories":[83],"tags":[88,89,90,32,33],"class_list":{"0":"post-224590","1":"post","2":"type-post","3":"status-publish","4":"format-standard","5":"has-post-thumbnail","7":"category-empresas","8":"tag-business","9":"tag-economy","10":"tag-empresas","11":"tag-portugal","12":"tag-pt"},"share_on_mastodon":{"url":"https:\/\/pubeurope.com\/@pt\/115876154798791622","error":""},"_links":{"self":[{"href":"https:\/\/www.europesays.com\/pt\/wp-json\/wp\/v2\/posts\/224590","targetHints":{"allow":["GET"]}}],"collection":[{"href":"https:\/\/www.europesays.com\/pt\/wp-json\/wp\/v2\/posts"}],"about":[{"href":"https:\/\/www.europesays.com\/pt\/wp-json\/wp\/v2\/types\/post"}],"author":[{"embeddable":true,"href":"https:\/\/www.europesays.com\/pt\/wp-json\/wp\/v2\/users\/2"}],"replies":[{"embeddable":true,"href":"https:\/\/www.europesays.com\/pt\/wp-json\/wp\/v2\/comments?post=224590"}],"version-history":[{"count":0,"href":"https:\/\/www.europesays.com\/pt\/wp-json\/wp\/v2\/posts\/224590\/revisions"}],"wp:featuredmedia":[{"embeddable":true,"href":"https:\/\/www.europesays.com\/pt\/wp-json\/wp\/v2\/media\/224591"}],"wp:attachment":[{"href":"https:\/\/www.europesays.com\/pt\/wp-json\/wp\/v2\/media?parent=224590"}],"wp:term":[{"taxonomy":"category","embeddable":true,"href":"https:\/\/www.europesays.com\/pt\/wp-json\/wp\/v2\/categories?post=224590"},{"taxonomy":"post_tag","embeddable":true,"href":"https:\/\/www.europesays.com\/pt\/wp-json\/wp\/v2\/tags?post=224590"}],"curies":[{"name":"wp","href":"https:\/\/api.w.org\/{rel}","templated":true}]}}