{"id":224594,"date":"2026-01-11T11:11:08","date_gmt":"2026-01-11T11:11:08","guid":{"rendered":"https:\/\/www.europesays.com\/pt\/224594\/"},"modified":"2026-01-11T11:11:08","modified_gmt":"2026-01-11T11:11:08","slug":"irao-olha-para-a-liberdade-e-trump-garante-que-eua-estao-prontos-para-ajudar","status":"publish","type":"post","link":"https:\/\/www.europesays.com\/pt\/224594\/","title":{"rendered":"Ir\u00e3o &#8220;olha para a liberdade&#8221; e Trump garante que EUA est\u00e3o &#8220;prontos para ajudar&#8221;"},"content":{"rendered":"<p data-remotead-prev-elm=\"true\" data-remotead-elm-id=\"inread\">O Presidente norte-americano, Donald Trump, garantiu este s\u00e1bado que os Estados Unidos est\u00e3o &#8220;prontos a ajudar&#8221;, numa altura em que os manifestantes no Ir\u00e3o enfrentam uma repress\u00e3o cada vez mais intensa por parte das autoridades da rep\u00fablica isl\u00e2mica.<\/p>\n<p>&#8220;O Ir\u00e3o est\u00e1 a olhar para a LIBERDADE, talvez como nunca antes. Os EUA est\u00e3o prontos para ajudar!!!&#8221; afirmou Trump numa publica\u00e7\u00e3o na rede social Truth Social, sem dar mais detalhes.<\/p>\n<p>O coment\u00e1rio do chefe de Estado norte-americano surge um dia depois de ter afirmado que o Ir\u00e3o estava em &#8220;grandes apuros&#8221; e de ter voltado a avisar que poderia ordenar ataques militares.<\/p>\n<p data-remotead-prev-elm=\"true\" data-remotead-elm-id=\"centro1\">O procurador-geral do Ir\u00e3o avisou este s\u00e1bado que qualquer pessoa que participe em protestos, como os que h\u00e1 v\u00e1rios dias contestam o regime do pa\u00eds, ser\u00e1 considerada &#8220;inimiga de Deus&#8221;, acusa\u00e7\u00e3o <strong>pun\u00edvel com pena de morte<\/strong>.<\/p>\n<p>A declara\u00e7\u00e3o do procurador-geral do Ir\u00e3o, Mohammad Movahedi Azad, foi divulgada pela televis\u00e3o estatal iraniana, concretizando a amea\u00e7a avan\u00e7ada na sexta-feira pelo l\u00edder supremo, ayatollah Ali Khamenei, de que o pa\u00eds &#8220;ia iniciar&#8221; uma repress\u00e3o.<\/p>\n<p>Os protestos em quase todo o Ir\u00e3o come\u00e7aram no dia 28 de dezembro, inicialmente contra o custo de vida e a infla\u00e7\u00e3o galopante, num pa\u00eds sujeito a san\u00e7\u00f5es econ\u00f3micas dos Estados Unidos e da ONU, mas t\u00eam-se vindo a intensificar e transformaram-se numa contesta\u00e7\u00e3o pol\u00edtica contra o regime.<\/p>\n<p data-remotead-prev-elm=\"true\" data-remotead-elm-id=\"centro2\">Na quinta-feira, as autoridades desligaram a Internet e o sinal de telem\u00f3veis em todo o pa\u00eds, na sequ\u00eancia de uma grande manifesta\u00e7\u00e3o em Teer\u00e3o e depois de terem sido publicados nas redes sociais v\u00eddeos que mostravam uma multid\u00e3o em protesto.<\/p>\n<p>Com a internet em baixo e as linhas telef\u00f3nicas cortadas, acompanhar as manifesta\u00e7\u00f5es a partir do estrangeiro tornou-se dif\u00edcil, mas, de acordo com a organiza\u00e7\u00e3o n\u00e3o-governamental Ag\u00eancia de Not\u00edcias dos Ativistas pelos Direitos Humanos, o n\u00famero de mortos nos protestos subiu para pelo menos 65 pessoas, registando-se tamb\u00e9m cerca de 2300 detidos.<\/p>\n<p>Alguns \u00f3rg\u00e3os de comunica\u00e7\u00e3o social estatais e semioficiais continuam, no entanto, a publicar online e a esta\u00e7\u00e3o de not\u00edcias do Qatar, Al-Jazeera, transmitiu em direto do Ir\u00e3o, mas parece ser o \u00fanico grande meio de comunica\u00e7\u00e3o social estrangeiro capaz de operar.<\/p>\n<p data-remotead-prev-elm=\"true\" data-remotead-elm-id=\"centro3\">Este s\u00e1bado, a televis\u00e3o estatal avan\u00e7ou que n\u00e3o houve protestos significativos durante a noite, referindo que &#8220;a paz prevaleceu na maioria das cidades&#8221;, apesar de &#8220;v\u00e1rios terroristas armados terem atacado locais p\u00fablicos e incendiado propriedades privadas na noite passada.<\/p>\n<p>As informa\u00e7\u00f5es foram contrariadas por um v\u00eddeo online verificado pela ag\u00eancia de not\u00edcias Associated Press, que mostrou manifesta\u00e7\u00f5es na zona de Saadat Abad, a norte de Teer\u00e3o, nas quais pareciam estar milhares de pessoas nas ruas e onde se ouvia gritos de &#8220;Morte a Khamenei&#8221;.<\/p>\n<p>Numa declara\u00e7\u00e3o inesperada feita na sexta-feira, o l\u00edder supremo criticou os manifestantes por estarem alegadamente a destruir as ruas em nome de um Presidente do estrangeiro, numa refer\u00eancia ao chefe de Estado norte-americano, depois de Donald Trump ter amea\u00e7ado &#8220;bater muito forte&#8221; no Ir\u00e3o, se as autoridades &#8220;come\u00e7assem a matar os manifestantes&#8221;.<\/p>\n<p data-remotead-prev-elm=\"true\" data-remotead-elm-id=\"centro4\">Entretanto, o secret\u00e1rio de Estado norte-americano, Marco Rubio, voltou a apoiar os manifestantes, escrevendo, nas redes sociais: &#8220;Os Estados Unidos apoiam o bravo povo do Ir\u00e3o.&#8221;<\/p>\n<p>Numa outra mensagem, o Departamento de Estado norte-americano sublinhou que as afirma\u00e7\u00f5es de Trump devem ser levadas a s\u00e9rio.<\/p>\n<p>&#8220;N\u00e3o brinquem com o Presidente Trump. Quando ele diz que vai fazer alguma coisa, cumpre&#8221;, referiu.<\/p>\n","protected":false},"excerpt":{"rendered":"O Presidente norte-americano, Donald Trump, garantiu este s\u00e1bado que os Estados Unidos est\u00e3o &#8220;prontos a ajudar&#8221;, numa altura&hellip;\n","protected":false},"author":2,"featured_media":224595,"comment_status":"","ping_status":"","sticky":false,"template":"","format":"standard","meta":{"footnotes":""},"categories":[8],"tags":[993,367,27,28,15,16,14,82,5453,25,26,21,22,432,62,12,13,19,20,32,23,24,4256,33,17,18,29,30,31],"class_list":{"0":"post-224594","1":"post","2":"type-post","3":"status-publish","4":"format-standard","5":"has-post-thumbnail","7":"category-principais-noticias","8":"tag-america","9":"tag-asia","10":"tag-breaking-news","11":"tag-breakingnews","12":"tag-featured-news","13":"tag-featurednews","14":"tag-headlines","15":"tag-internacional","16":"tag-irao","17":"tag-latest-news","18":"tag-latestnews","19":"tag-main-news","20":"tag-mainnews","21":"tag-medio-oriente","22":"tag-mundo","23":"tag-news","24":"tag-noticias","25":"tag-noticias-principais","26":"tag-noticiasprincipais","27":"tag-portugal","28":"tag-principais-noticias","29":"tag-principaisnoticias","30":"tag-protestos","31":"tag-pt","32":"tag-top-stories","33":"tag-topstories","34":"tag-ultimas","35":"tag-ultimas-noticias","36":"tag-ultimasnoticias"},"share_on_mastodon":{"url":"https:\/\/pubeurope.com\/@pt\/115876166744219495","error":""},"_links":{"self":[{"href":"https:\/\/www.europesays.com\/pt\/wp-json\/wp\/v2\/posts\/224594","targetHints":{"allow":["GET"]}}],"collection":[{"href":"https:\/\/www.europesays.com\/pt\/wp-json\/wp\/v2\/posts"}],"about":[{"href":"https:\/\/www.europesays.com\/pt\/wp-json\/wp\/v2\/types\/post"}],"author":[{"embeddable":true,"href":"https:\/\/www.europesays.com\/pt\/wp-json\/wp\/v2\/users\/2"}],"replies":[{"embeddable":true,"href":"https:\/\/www.europesays.com\/pt\/wp-json\/wp\/v2\/comments?post=224594"}],"version-history":[{"count":0,"href":"https:\/\/www.europesays.com\/pt\/wp-json\/wp\/v2\/posts\/224594\/revisions"}],"wp:featuredmedia":[{"embeddable":true,"href":"https:\/\/www.europesays.com\/pt\/wp-json\/wp\/v2\/media\/224595"}],"wp:attachment":[{"href":"https:\/\/www.europesays.com\/pt\/wp-json\/wp\/v2\/media?parent=224594"}],"wp:term":[{"taxonomy":"category","embeddable":true,"href":"https:\/\/www.europesays.com\/pt\/wp-json\/wp\/v2\/categories?post=224594"},{"taxonomy":"post_tag","embeddable":true,"href":"https:\/\/www.europesays.com\/pt\/wp-json\/wp\/v2\/tags?post=224594"}],"curies":[{"name":"wp","href":"https:\/\/api.w.org\/{rel}","templated":true}]}}