{"id":224598,"date":"2026-01-11T11:15:11","date_gmt":"2026-01-11T11:15:11","guid":{"rendered":"https:\/\/www.europesays.com\/pt\/224598\/"},"modified":"2026-01-11T11:15:11","modified_gmt":"2026-01-11T11:15:11","slug":"erika-januza-fala-da-volta-as-novelas-em-a-nobreza-do-amor-e-do-namoro-com-arlindinho","status":"publish","type":"post","link":"https:\/\/www.europesays.com\/pt\/224598\/","title":{"rendered":"Erika Januza fala da volta \u00e0s novelas em &#8216;A nobreza do amor&#8217; e do namoro com Arlindinho"},"content":{"rendered":"\n<ul class=\"content-unordered-list\">\n<li><strong>Leia ainda: <\/strong> <a class=\"\" href=\"https:\/\/oglobo.globo.com\/play\/entrevistas\/noticia\/2026\/01\/08\/ricardo-pereira-do-retorno-as-novelas-em-coracao-acelerado-e-da-vida-na-ponte-aerea-entre-brasil-e-portugal.ghtml\" rel=\"nofollow noopener\" target=\"_blank\">Ricardo Pereira fala do retorno \u00e0s novelas em &#8216;Cora\u00e7\u00e3o acelerado&#8217; e da vida na ponte a\u00e9rea entre Brasil e Portugal<\/a><\/li>\n<li><strong>E mais: <\/strong><a class=\"\" href=\"https:\/\/oglobo.globo.com\/play\/novelas\/noticia\/2026\/01\/07\/pedro-alves-sera-neto-de-rosi-campos-em-quem-ama-cuida-personagens-terao-ligacao-com-antonio-fagundes.ghtml\" rel=\"nofollow noopener\" target=\"_blank\">Pedro Alves ser\u00e1 neto de Rosi Campos em &#8216;Quem ama cuida&#8217;; personagens estar\u00e3o no n\u00facleo de Antonio Fagundes<\/a><\/li>\n<\/ul>\n<p class=\" content-text__container \" data-track-category=\"Link no Texto\" data-track-links=\"\"> \u2014 Podemos fazer s\u00e9rie, filme, mas as perguntas s\u00e3o sempre sobre a volta \u00e0s novelas, porque \u00e9 um produto que tem um lugar diferente no cora\u00e7\u00e3o do brasileiro. E estou felic\u00edssima com o meu retorno e mais ainda por ser uma novela que fala sobre a \u00c1frica, algo in\u00e9dito. Eu disse para a Duca, autora, que mesmo que n\u00e3o estivesse no elenco, iria assistir \u2014 empolga-se ela. \u2014 E quando encontrei o El\u00edsio, fiquei muito emocionada, pois a novela tamb\u00e9m \u00e9 um pouco do sonho de cada um. Para ele, como pessoa preta, ter a oportunidade de colocar no papel essa hist\u00f3ria. <\/p>\n<p class=\" content-text__container \" data-track-category=\"Link no Texto\" data-track-links=\"\"> Com J\u00falio Fischer, o outro autor, Erika tem uma rela\u00e7\u00e3o mais antiga. A atriz conta que Fischer foi muito importante em sua vida em um per\u00edodo dif\u00edcil na carreira. Ele, <a class=\"\" href=\"https:\/\/oglobo.globo.com\/tudo-sobre\/personalidade\/walther-negrao\" rel=\"nofollow noopener\" target=\"_blank\">Walther Negr\u00e3o<\/a> e <a class=\"\" href=\"https:\/\/oglobo.globo.com\/tudo-sobre\/personalidade\/suzana-pires\" rel=\"nofollow noopener\" target=\"_blank\">Suzana Pires<\/a> foram os autores de &#8220;<a class=\"\" href=\"https:\/\/oglobo.globo.com\/tudo-sobre\/novela\/sol-nascente\" rel=\"nofollow noopener\" target=\"_blank\">Sol nascente<\/a>&#8221; (2016). <\/p>\n<p class=\" content-text__container \" data-track-category=\"Link no Texto\" data-track-links=\"\"> \u2014 Eu quase voltei para Minas, pois fiquei muito tempo sem trabalhar, n\u00e3o tinha mais emprego, n\u00e3o tinha como me sustentar no Rio. S\u00f3 pensava: \u201cTenho que ir embora\u201d. Pedi um teste para uma produtora de elenco, que me falou sobre \u201cSol nascente\u201d. Eu lembro de ela me dizer que tinham gostado tanto do meu teste que escreveriam um personagem para mim. Aquilo foi o resgate da minha carreira, o que me trouxe de volta. E a\u00ed, no meio dela, eu recebi o convite para &#8220;<a class=\"\" href=\"https:\/\/oglobo.globo.com\/tudo-sobre\/novela\/o-outro-lado-do-paraiso\" rel=\"nofollow noopener\" target=\"_blank\">O outro lado do para\u00edso<\/a>&#8220;, e a minha vida foi se reerguendo. <\/p>\n<p class=\" content-text__container \" data-track-category=\"Link no Texto\" data-track-links=\"\"> Ela fala como foi o per\u00edodo sem trabalho: <\/p>\n<p class=\" content-text__container \" data-track-category=\"Link no Texto\" data-track-links=\"\"> \u2014 Eu estava num looping, entrando num processo depressivo que foi muito pesado. Come\u00e7ando a duvidar do meu potencial, e, quanto mais a coisa vai dando errado, mais o pensamento vai ficando negativo e come\u00e7a a autossabotagem. J\u00e1 fazia os testes me conformando que n\u00e3o passaria porque n\u00e3o era boa. Mas acredito muito na for\u00e7a do pensamento e tinha que dar um jeito de ficar. J\u00e1 fui muito t\u00edmida, mas hoje vejo que n\u00e3o h\u00e1 problema algum em se colocar \u00e0 disposi\u00e7\u00e3o ou pedir um teste. <\/p>\n<p class=\" content-text__container \" data-track-category=\"Link no Texto\" data-track-links=\"\"> Na vida pessoal, a atriz vive um momento novo. Erika est\u00e1 namorando o cantor Arlindinho. O romance foi assumido nas redes no dia 30 de dezembro (os dois estavam juntos desde outubro), logo depois que ele fez uma surpresa para ela em Pernambuco: <\/p>\n<p class=\" content-text__container \" data-track-category=\"Link no Texto\" data-track-links=\"\"> \u2014 Est\u00e1vamos no in\u00edcio da rela\u00e7\u00e3o, e eu n\u00e3o queria falar ainda, havia muita especula\u00e7\u00e3o, e eu terminei um relacionamento anterior em maio. Al\u00e9m disso, estava entendendo o que aquilo estava virando. Ele j\u00e1 tinha feito um lindo pedido de namoro. Teve um dia que n\u00e3o cantou e disse que iria para S\u00e3o Paulo. Lembro que liguei para ele, que me pediu cinco minutos. Achei estranho porque costumamos nos falar o dia inteiro. Meu amigo foi buscar uma \u00e1gua para a gente e, quando vi, l\u00e1 estava ele (em Pernambuco). Custei a entender o que tinha acontecido. Foi um gesto muito legal e a prova de que quem quer d\u00e1 um jeito. <\/p>\n<p class=\" content-text__container \" data-track-category=\"Link no Texto\" data-track-links=\"\"> Erika conta que vem se sentindo leve na nova companhia: <\/p>\n<p class=\" content-text__container \" data-track-category=\"Link no Texto\" data-track-links=\"\"> \u2014 Acho que hoje em dia muita gente tem medo de ser emocionada, de falar o que sente. Eu sou muito rom\u00e2ntica. Amor faz bem, \u00e9 inspirador. E ele \u00e9 um cara engra\u00e7ado, gente boa, que trata todo mundo bem. Falar &#8216;eu te amo&#8217; \u00e9 f\u00e1cil, mas ele mostra em atitudes. Que esse relacionamento nos fa\u00e7a feliz e que a gente fique junto por querer estar. Vou nos dar a chance de viver isso. <\/p>\n<p>    Confira casais e ex-casais que protagonizaram cenas quentes         <\/p>\n<p>.<\/p>\n<p>         <img decoding=\"async\" class=\"content-media__image\"  src=\"https:\/\/www.europesays.com\/pt\/wp-content\/uploads\/2026\/01\/whatsapp-image-2026-01-08-at-18.10.12.jpeg\" alt=\"Erika Januza e Arlindinho \u2014 Foto: reprodu\u00e7\u00e3o\" width=\"530\" height=\"379\" loading=\"lazy\"\/>  Erika Januza e Arlindinho \u2014 Foto: reprodu\u00e7\u00e3o                  <\/p>\n","protected":false},"excerpt":{"rendered":"Leia ainda: Ricardo Pereira fala do retorno \u00e0s novelas em &#8216;Cora\u00e7\u00e3o acelerado&#8217; e da vida na ponte a\u00e9rea&hellip;\n","protected":false},"author":2,"featured_media":224599,"comment_status":"","ping_status":"","sticky":false,"template":"","format":"standard","meta":{"footnotes":""},"categories":[142],"tags":[10168,114,115,28189,9125,43290,32,33,679,30846,43291,151,2323,43293,43292],"class_list":{"0":"post-224598","1":"post","2":"type-post","3":"status-publish","4":"format-standard","5":"has-post-thumbnail","7":"category-tv","8":"tag-a-nobreza-do-amor","9":"tag-entertainment","10":"tag-entretenimento","11":"tag-erika-januza","12":"tag-julio-fischer","13":"tag-o-outro-lado-do-paraiso","14":"tag-portugal","15":"tag-pt","16":"tag-reportagem","17":"tag-sol-nascente","18":"tag-suzana-pires","19":"tag-tv","20":"tag-tv-globo","21":"tag-verdades-secretas-2","22":"tag-walther-negrao"},"share_on_mastodon":{"url":"https:\/\/pubeurope.com\/@pt\/115876182358345495","error":""},"_links":{"self":[{"href":"https:\/\/www.europesays.com\/pt\/wp-json\/wp\/v2\/posts\/224598","targetHints":{"allow":["GET"]}}],"collection":[{"href":"https:\/\/www.europesays.com\/pt\/wp-json\/wp\/v2\/posts"}],"about":[{"href":"https:\/\/www.europesays.com\/pt\/wp-json\/wp\/v2\/types\/post"}],"author":[{"embeddable":true,"href":"https:\/\/www.europesays.com\/pt\/wp-json\/wp\/v2\/users\/2"}],"replies":[{"embeddable":true,"href":"https:\/\/www.europesays.com\/pt\/wp-json\/wp\/v2\/comments?post=224598"}],"version-history":[{"count":0,"href":"https:\/\/www.europesays.com\/pt\/wp-json\/wp\/v2\/posts\/224598\/revisions"}],"wp:featuredmedia":[{"embeddable":true,"href":"https:\/\/www.europesays.com\/pt\/wp-json\/wp\/v2\/media\/224599"}],"wp:attachment":[{"href":"https:\/\/www.europesays.com\/pt\/wp-json\/wp\/v2\/media?parent=224598"}],"wp:term":[{"taxonomy":"category","embeddable":true,"href":"https:\/\/www.europesays.com\/pt\/wp-json\/wp\/v2\/categories?post=224598"},{"taxonomy":"post_tag","embeddable":true,"href":"https:\/\/www.europesays.com\/pt\/wp-json\/wp\/v2\/tags?post=224598"}],"curies":[{"name":"wp","href":"https:\/\/api.w.org\/{rel}","templated":true}]}}