{"id":224610,"date":"2026-01-11T11:22:12","date_gmt":"2026-01-11T11:22:12","guid":{"rendered":"https:\/\/www.europesays.com\/pt\/224610\/"},"modified":"2026-01-11T11:22:12","modified_gmt":"2026-01-11T11:22:12","slug":"descoberta-historica-geologos-encontram-a-maior-jazida-de-cobre-ouro-e-prata-de-todos-os-tempos-avaliada-em-e-204-bilhoes","status":"publish","type":"post","link":"https:\/\/www.europesays.com\/pt\/224610\/","title":{"rendered":"Descoberta hist\u00f3rica: ge\u00f3logos encontram a maior jazida de cobre, ouro e prata de todos os tempos, avaliada em \u20ac 204 bilh\u00f5es"},"content":{"rendered":"<p>As imagens do artigo original foram reutilizadas.<\/p>\n<p>A cordilheira dos Andes abriga uma descoberta de escala <strong>hist\u00f3rica<\/strong>, com potencial para remodelar cadeias de <strong>abastecimento<\/strong> e pol\u00edticas industriais. Avaliada em cerca de 204 bilh\u00f5es de <strong>euros<\/strong>, a nova jazida transfronteiri\u00e7a desponta como um ativo <strong>estrat\u00e9gico<\/strong> para a transi\u00e7\u00e3o energ\u00e9tica. Ge\u00f3logos destacam que a combina\u00e7\u00e3o de cobre, ouro e <strong>prata<\/strong> em volumes sem precedentes confere ao projeto um car\u00e1ter verdadeiramente <strong>\u00fanico<\/strong>.<\/p>\n<p>Uma fronteira mineral que muda o jogo<\/p>\n<p>Localizada entre San Juan, na <strong>Argentina<\/strong>, e Atacama, no <strong>Chile<\/strong>, a \u00e1rea concentra um conjunto de dep\u00f3sitos polimet\u00e1licos de grande <strong>porte<\/strong>. Estudos preliminares indicam reservas de escala <strong>global<\/strong>, resultado de campanhas de explora\u00e7\u00e3o meticulosas e modelagem <strong>geol\u00f3gica<\/strong> avan\u00e7ada. O potencial de extra\u00e7\u00e3o sustentada ao longo de d\u00e9cadas alimenta proje\u00e7\u00f5es de investimentos <strong>bilion\u00e1rios<\/strong>.<\/p>\n<ul>\n<li>13 milh\u00f5es de toneladas de <strong>cobre<\/strong><\/li>\n<li>32 milh\u00f5es de on\u00e7as de <strong>ouro<\/strong><\/li>\n<li>659 milh\u00f5es de on\u00e7as de <strong>prata<\/strong><\/li>\n<\/ul>\n<p>Dois polos concentram a maior parte do <strong>valor<\/strong>: Filo del Sol e <strong>Josemaria<\/strong>. Em Filo del Sol, mais de 600 milh\u00f5es de toneladas apresentam teor equivalente de cobre de <strong>1,14%<\/strong>, um patamar elevado para padr\u00f5es de <strong>porfiro<\/strong> andino. Em Josemaria, cerca de 200 milh\u00f5es de toneladas exibem teor de <strong>0,73%<\/strong>, com mineralogia favor\u00e1vel ao processamento <strong>industrial<\/strong>. Segundo analistas, os n\u00fameros colocam a prov\u00edncia entre as mais relevantes dos \u00faltimos 30 <strong>anos<\/strong>.<\/p>\n<p>\u201c\u00c9 raro encontrar, no mesmo distrito, um pacote t\u00e3o coerente de escala, teor e <strong>continuidade<\/strong> geol\u00f3gica \u2014 a combina\u00e7\u00e3o que sustenta projetos de classe <strong>mundial<\/strong>.\u201d<\/p>\n<p>Tratores, transformadores e empregos: o efeito multiplicador<\/p>\n<p>O cobre \u00e9 o metal b\u00e1sico da eletrifica\u00e7\u00e3o <strong>global<\/strong>, e a descoberta projeta a Argentina como fornecedor muito mais <strong>relevante<\/strong>. A vizinha Chile, l\u00edder mundial, tende a refor\u00e7ar sua cadeia de <strong>valor<\/strong> com sinergias log\u00edsticas, tecnol\u00f3gicas e regulat\u00f3rias. No curto e m\u00e9dio prazo, o efeito multiplicador deve aparecer em infraestrutura e <strong>servi\u00e7os<\/strong>.<\/p>\n<p>A expectativa \u00e9 de centenas de empregos <strong>diretos<\/strong> e milhares de indiretos, al\u00e9m de novas rodovias, linhas de <strong>transmiss\u00e3o<\/strong> e polos de manuten\u00e7\u00e3o. Munic\u00edpios pr\u00f3ximos podem receber investimentos em sa\u00fade e <strong>educa\u00e7\u00e3o<\/strong>, amparados por fundos de desenvolvimento e mecanismos de conte\u00fado <strong>local<\/strong>. Para fornecedores, abre\u2010se a chance de integrar clusters de engenharia, pe\u00e7as e <strong>tecnologia<\/strong>, conectando a regi\u00e3o a cadeias internacionais de equipamentos <strong>pesados<\/strong>.<\/p>\n<p>Empresas como Lundin Mining e <strong>BHP<\/strong> j\u00e1 manifestaram interesse, sinalizando confian\u00e7a na <strong>governan\u00e7a<\/strong> do projeto. A ancoragem por grupos experientes reduz riscos operacionais e acelera a curva de <strong>aprendizado<\/strong>, condi\u00e7\u00e3o crucial para cumprir prazos e metas de <strong>produ\u00e7\u00e3o<\/strong>.<\/p>\n<p>Licen\u00e7a social e prote\u00e7\u00e3o de ecossistemas<\/p>\n<p>A altitude andina guarda ecossistemas <strong>sens\u00edveis<\/strong>, e qualquer opera\u00e7\u00e3o deve observar padr\u00f5es rigorosos de <strong>sustentabilidade<\/strong>. Monitoramento h\u00eddrico em tempo <strong>real<\/strong>, recircula\u00e7\u00e3o de \u00e1gua de processo e barreiras geot\u00e9cnicas de alto <strong>padr\u00e3o<\/strong> comp\u00f5em o repert\u00f3rio m\u00ednimo esperado. Tecnologias de controle de poeira e rotas log\u00edsticas de menor impacto reduzem emiss\u00f5es e <strong>ru\u00eddos<\/strong>.<\/p>\n<p>O componente social \u00e9 igualmente <strong>decisivo<\/strong>. A consulta \u00e0s comunidades locais, prevista em arcabou\u00e7os legais <strong>nacionais<\/strong> e tratados internacionais, precisa ser clara, inclusiva e <strong>documentada<\/strong>. Modelos de benef\u00edcios compartilhados, com metas e indicadores audit\u00e1veis, elevam a <strong>confian\u00e7a<\/strong> e fortalecem a chamada \u201clicen\u00e7a social para <strong>operar<\/strong>\u201d. Transpar\u00eancia em dados ambientais, canais de di\u00e1logo permanente e media\u00e7\u00e3o <strong>independente<\/strong> ajudam a prevenir conflitos e alinhar <strong>expectativas<\/strong>.<\/p>\n<p>Um piv\u00f4 para a transi\u00e7\u00e3o energ\u00e9tica<\/p>\n<p>A demanda por cobre cresce com redes de <strong>transmiss\u00e3o<\/strong>, ve\u00edculos el\u00e9tricos e armazenamento de <strong>energia<\/strong>. A prata segue cr\u00edtica para pain\u00e9is <strong>solares<\/strong> e eletr\u00f4nica fina, enquanto o ouro mant\u00e9m fun\u00e7\u00f5es-chave em componentes de alta <strong>confiabilidade<\/strong>. Esse mix de metais reduz a volatilidade <strong>econ\u00f4mica<\/strong> do projeto, diluindo riscos e ampliando margens em diferentes ciclos de <strong>mercado<\/strong>.<\/p>\n<p>No plano global, a nova oferta pode atenuar gargalos de <strong>suprimento<\/strong>, especialmente em um momento de expans\u00e3o de f\u00e1bricas de baterias e <strong>cabos<\/strong>. Embora a entrada em opera\u00e7\u00e3o leve anos, a visibilidade de reservas robustas j\u00e1 influencia pre\u00e7os futuros e decis\u00f5es de <strong>investimento<\/strong>. Para governos, a perspectiva de receitas est\u00e1veis facilita planejamento <strong>fiscal<\/strong> e pol\u00edticas de inova\u00e7\u00e3o industrial com foco em cadeias de valor mais <strong>limpas<\/strong>.<\/p>\n<p>Efici\u00eancia, tecnologia e governan\u00e7a<\/p>\n<p>O sucesso passa por engenharia de <strong>processos<\/strong> eficiente, gest\u00e3o de custos e ado\u00e7\u00e3o de tecnologia de <strong>ponta<\/strong>. Modelos digitais de mina, manuten\u00e7\u00e3o preditiva e automa\u00e7\u00e3o de <strong>frota<\/strong> reduzem paradas e acidentes, elevando produtividade e <strong>seguran\u00e7a<\/strong>. Ao mesmo tempo, padr\u00f5es ESG comprov\u00e1veis \u2014 com metas para <strong>carbono<\/strong>, \u00e1gua e res\u00edduos \u2014 tornaram-se condi\u00e7\u00e3o de acesso a capital e a contratos de grande <strong>porte<\/strong>.<\/p>\n<p>A governan\u00e7a \u00e9 o elo que costura todo o <strong>ciclo<\/strong>: da explora\u00e7\u00e3o \u00e0 desativa\u00e7\u00e3o respons\u00e1vel, com planos de fechamento e recupera\u00e7\u00e3o <strong>ambiental<\/strong> definidos desde o in\u00edcio. Programas de capacita\u00e7\u00e3o local, compras regionais e transpar\u00eancia <strong>tribut\u00e1ria<\/strong> ajudam a ancorar o legado positivo, para al\u00e9m do horizonte estritamente <strong>mineral<\/strong>.<\/p>\n<p>No balan\u00e7o, a descoberta andina consolida um novo eixo de <strong>competitividade<\/strong> para a Am\u00e9rica do Sul e um refor\u00e7o tang\u00edvel \u00e0 transi\u00e7\u00e3o <strong>energ\u00e9tica<\/strong>. Se a execu\u00e7\u00e3o respeitar ci\u00eancia, comunidades e ambiente, o distrito tem tudo para se tornar refer\u00eancia global de minera\u00e7\u00e3o de alto <strong>valor<\/strong> e baixo impacto \u2014 um caso raro em que geologia, tecnologia e <strong>prop\u00f3sito<\/strong> caminham lado a lado.<\/p>\n","protected":false},"excerpt":{"rendered":"As imagens do artigo original foram reutilizadas. A cordilheira dos Andes abriga uma descoberta de escala hist\u00f3rica, com&hellip;\n","protected":false},"author":2,"featured_media":224611,"comment_status":"","ping_status":"","sticky":false,"template":"","format":"standard","meta":{"footnotes":""},"categories":[83],"tags":[43294,43295,88,23190,2001,89,90,43296,43297,43298,43299,8519,15644,32,28514,33,25854,25208],"class_list":{"0":"post-224610","1":"post","2":"type-post","3":"status-publish","4":"format-standard","5":"has-post-thumbnail","7":"category-empresas","8":"tag-avaliada","9":"tag-bilhoes","10":"tag-business","11":"tag-cobre","12":"tag-descoberta","13":"tag-economy","14":"tag-empresas","15":"tag-encontram","16":"tag-geologos","17":"tag-historica","18":"tag-jazida","19":"tag-maior","20":"tag-ouro","21":"tag-portugal","22":"tag-prata","23":"tag-pt","24":"tag-tempos","25":"tag-todos"},"share_on_mastodon":{"url":"https:\/\/pubeurope.com\/@pt\/115876209874932349","error":""},"_links":{"self":[{"href":"https:\/\/www.europesays.com\/pt\/wp-json\/wp\/v2\/posts\/224610","targetHints":{"allow":["GET"]}}],"collection":[{"href":"https:\/\/www.europesays.com\/pt\/wp-json\/wp\/v2\/posts"}],"about":[{"href":"https:\/\/www.europesays.com\/pt\/wp-json\/wp\/v2\/types\/post"}],"author":[{"embeddable":true,"href":"https:\/\/www.europesays.com\/pt\/wp-json\/wp\/v2\/users\/2"}],"replies":[{"embeddable":true,"href":"https:\/\/www.europesays.com\/pt\/wp-json\/wp\/v2\/comments?post=224610"}],"version-history":[{"count":0,"href":"https:\/\/www.europesays.com\/pt\/wp-json\/wp\/v2\/posts\/224610\/revisions"}],"wp:featuredmedia":[{"embeddable":true,"href":"https:\/\/www.europesays.com\/pt\/wp-json\/wp\/v2\/media\/224611"}],"wp:attachment":[{"href":"https:\/\/www.europesays.com\/pt\/wp-json\/wp\/v2\/media?parent=224610"}],"wp:term":[{"taxonomy":"category","embeddable":true,"href":"https:\/\/www.europesays.com\/pt\/wp-json\/wp\/v2\/categories?post=224610"},{"taxonomy":"post_tag","embeddable":true,"href":"https:\/\/www.europesays.com\/pt\/wp-json\/wp\/v2\/tags?post=224610"}],"curies":[{"name":"wp","href":"https:\/\/api.w.org\/{rel}","templated":true}]}}