{"id":224614,"date":"2026-01-11T11:24:07","date_gmt":"2026-01-11T11:24:07","guid":{"rendered":"https:\/\/www.europesays.com\/pt\/224614\/"},"modified":"2026-01-11T11:24:07","modified_gmt":"2026-01-11T11:24:07","slug":"voto-antecipado-mais-de-218-mil-eleitores-podem-escolher-hoje-o-proximo-presidente","status":"publish","type":"post","link":"https:\/\/www.europesays.com\/pt\/224614\/","title":{"rendered":"Voto antecipado. Mais de 218 mil eleitores podem escolher hoje o pr\u00f3ximo presidente"},"content":{"rendered":"<p>                Quase 220 mil eleitores podem escolher o pr\u00f3ximo presidente da Rep\u00fablica j\u00e1 este domingo, atrav\u00e9s do voto antecipado. Uma semana antes da data oficial das elei\u00e7\u00f5es, quem se inscreveu tem a possibilidade de se deslocar a uma mesa de voto.<\/p>\n<p>Um dos inscritos para o voto antecipado este domingo foi Marcelo Rebelo de Sousa.<\/p>\n<p>Dados provis\u00f3rios da Secretaria-Geral do Minist\u00e9rio da Administra\u00e7\u00e3o Interna (SGMAI) indicam que s\u00e3o 218.481 eleitores recenseados no territ\u00f3rio nacional que se inscreveram, na \u00faltima semana, no voto antecipado em mobilidade nos munic\u00edpios do continente e das regi\u00f5es aut\u00f3nomas dos A\u00e7ores e da Madeira.<\/p>\n<p>Os candidatos s\u00e3o Gouveia e Melo, Lu\u00eds Marques Mendes (apoiado pelo PSD e CDS), Ant\u00f3nio Filipe (apoiado pelo PCP), Catarina Martins (Bloco de Esquerda), Ant\u00f3nio Jos\u00e9 Seguro (apoiado pelo PS), o pintor Humberto Correia, o sindicalista Andr\u00e9 Pestana, Jorge Pinto (apoiado pelo Livre), Cotrim Figueiredo (apoiado pela Iniciativa Liberal), Andr\u00e9 Ventura (apoiado pelo Chega) e o m\u00fasico Manuel Jo\u00e3o Vieira.<\/p>\n<p>Apesar de apenas 11 terem obtido luz verde para estar nesta corrida a Bel\u00e9m, os eleitores v\u00e3o encontrar um boletim com o nome de 14 candidatos, j\u00e1 que inclui os que viram as candidaturas rejeitadas pelo Tribunal Constitucional.<\/p>\n<p>c\/ Lusa&#13;\n            <\/p>\n","protected":false},"excerpt":{"rendered":"Quase 220 mil eleitores podem escolher o pr\u00f3ximo presidente da Rep\u00fablica j\u00e1 este domingo, atrav\u00e9s do voto antecipado.&hellip;\n","protected":false},"author":2,"featured_media":224615,"comment_status":"","ping_status":"","sticky":false,"template":"","format":"standard","meta":{"footnotes":""},"categories":[10],"tags":[27,28,15,16,14,25,26,21,22,12,13,19,20,32,23,24,33,420,421,17,18,29,30,31],"class_list":{"0":"post-224614","1":"post","2":"type-post","3":"status-publish","4":"format-standard","5":"has-post-thumbnail","7":"category-portugal","8":"tag-breaking-news","9":"tag-breakingnews","10":"tag-featured-news","11":"tag-featurednews","12":"tag-headlines","13":"tag-latest-news","14":"tag-latestnews","15":"tag-main-news","16":"tag-mainnews","17":"tag-news","18":"tag-noticias","19":"tag-noticias-principais","20":"tag-noticiasprincipais","21":"tag-portugal","22":"tag-principais-noticias","23":"tag-principaisnoticias","24":"tag-pt","25":"tag-rtp","26":"tag-rtp-noticias","27":"tag-top-stories","28":"tag-topstories","29":"tag-ultimas","30":"tag-ultimas-noticias","31":"tag-ultimasnoticias"},"share_on_mastodon":{"url":"https:\/\/pubeurope.com\/@pt\/115876217642757980","error":""},"_links":{"self":[{"href":"https:\/\/www.europesays.com\/pt\/wp-json\/wp\/v2\/posts\/224614","targetHints":{"allow":["GET"]}}],"collection":[{"href":"https:\/\/www.europesays.com\/pt\/wp-json\/wp\/v2\/posts"}],"about":[{"href":"https:\/\/www.europesays.com\/pt\/wp-json\/wp\/v2\/types\/post"}],"author":[{"embeddable":true,"href":"https:\/\/www.europesays.com\/pt\/wp-json\/wp\/v2\/users\/2"}],"replies":[{"embeddable":true,"href":"https:\/\/www.europesays.com\/pt\/wp-json\/wp\/v2\/comments?post=224614"}],"version-history":[{"count":0,"href":"https:\/\/www.europesays.com\/pt\/wp-json\/wp\/v2\/posts\/224614\/revisions"}],"wp:featuredmedia":[{"embeddable":true,"href":"https:\/\/www.europesays.com\/pt\/wp-json\/wp\/v2\/media\/224615"}],"wp:attachment":[{"href":"https:\/\/www.europesays.com\/pt\/wp-json\/wp\/v2\/media?parent=224614"}],"wp:term":[{"taxonomy":"category","embeddable":true,"href":"https:\/\/www.europesays.com\/pt\/wp-json\/wp\/v2\/categories?post=224614"},{"taxonomy":"post_tag","embeddable":true,"href":"https:\/\/www.europesays.com\/pt\/wp-json\/wp\/v2\/tags?post=224614"}],"curies":[{"name":"wp","href":"https:\/\/api.w.org\/{rel}","templated":true}]}}