{"id":224617,"date":"2026-01-11T11:29:09","date_gmt":"2026-01-11T11:29:09","guid":{"rendered":"https:\/\/www.europesays.com\/pt\/224617\/"},"modified":"2026-01-11T11:29:09","modified_gmt":"2026-01-11T11:29:09","slug":"apresentador-do-bbb-26-tadeu-schmidt-conta-como-lida-com-os-haters-e-admite-ser-vaidoso-quero-estar-sempre-bonito-na-tv-extra-online","status":"publish","type":"post","link":"https:\/\/www.europesays.com\/pt\/224617\/","title":{"rendered":"Apresentador do &#039;BBB 26&#039;, Tadeu Schmidt conta como lida com os haters e admite ser vaidoso: &#039;Quero estar sempre bonito na TV&#039; &#8211; Extra online"},"content":{"rendered":"<ol>\n<li><a href=\"https:\/\/news.google.com\/rss\/articles\/CBMikgJBVV95cUxOMElIeFIxODh2dGg4VnU5eHZSc1J6V2tyaHNsNjdic3JMdW1BaHJReTNEdEJELXJhUTJRRFhQTGRWYU11dXRUU1FmdUJhRXJKWFZVeTlzZkUxSFNkZko3cUtjSTFpckFjRVJEdUNZNDNqclBzUjVFbjRkLVN0VHhDVGd1X0IxM1A0ZjlFaG1IVnYxMVNXU0JRQUFaMEdsYnV2a3VuY0dWWDhJekp6QkFobWVOcS1hazR5YXFPWk05WUJTM0wzUzRXaldtVERqazJwT1FIRXItVV9JMXFqTTZYS3E0ZzQ1a0tYaV9hVS1EOVA4YVREckIzX2YtRXcwemxXRGZrOUFPRTZ2dUxGVFF4SlZ30gGgAkFVX3lxTFBSTUhNZm40RFluM05tLVlrR2V2Q2lRQTdPZ01SNWs4NTZmWFNqWmx1bkp4SUtEa1p5ZllBakhEY0xfRm5UVEFsME5kdEltTlRaN0tnMXdMcnZud1NuRHFPb2VNdjEycS1aQ0E1WVV2RWZYUk4tRG5DOXNieGQ1cWlUdF9LbmF3cmFtbUZVSkVDVWozYVllRnFZR25NcGdVSUI1SEtTSXpkaU1vUGNtM19jbWFnbTY3UGs0RjBvTEZEWTlfdEVlR09EcHdtUlFrLTFXTWduSnd3d2tRUnBzMzNCc295dEJJdzJPV09xWmVZczZfRG1lZmpBY0oxR2JELU5NaU5jcTRzODFUWGlUS2plM2RSQ2MwdFJjSHk2VUJiNg?oc=5\" target=\"_blank\" rel=\"nofollow noopener\">Apresentador do &#8216;BBB 26&#8217;, Tadeu Schmidt conta como lida com os haters e admite ser vaidoso: &#8216;Quero estar sempre bonito na TV&#8217;<\/a>&nbsp;&nbsp;Extra online<\/li>\n<li><a href=\"https:\/\/news.google.com\/rss\/articles\/CBMitwFBVV95cUxOUXF2Q2sxc3VTeTlGZnlMSHAtV19WNm82ZzI3b1Q5NDJQMFgwLWdSVmdFeVozallDRWNTc2doakR5WXZ4VVdwbzVCNWF1ZWpyT1ZPVG14N0h1Y1ZxWjMtTW0wbWMwWE1CZE1sSVNrQjkwN1F1a2JRanp3XzV3UkpDY2doQXNZdVRfRkdkcUdBREM3Ry1DaEtxTGxkVEtEZ1VwQ2VRRUxvMEhyemZjcnh1d0xMaUpoRFHSAbwBQVVfeXFMTm1QNkFlTFduMHpzcXBqU2ZfSE1zRTNUWjJhbk5rOHluamswbXRuY2JhR0Y3NVA5bnBMSkxId1hFX2FXNy1fOVdPSjVYMDNNUDFESjZCbVB6eDJyZXhTQzh4RU8xcjZPUjZldkRrSUdiTGtLVTZlaWlCaEZfYmtSTEFldVc1S2pGWHZ5cTJsb0ItZmVucUJuUDVWZl9TeksxOVlaaDEyZFNrNHU3eXRkS2NuSWlldzhoaHc5R2M?oc=5\" target=\"_blank\" rel=\"nofollow noopener\">\u201cEu lia o Correio Braziliense todo dia\u201d, declara Tadeu Schmidt<\/a>&nbsp;&nbsp;blogs.correiobraziliense.com.br<\/li>\n<li><a href=\"https:\/\/news.google.com\/rss\/articles\/CBMinAJBVV95cUxOdVNrUDNYMklvQkVmM081TjdKRVV3NFpSSGp4UFlnRlVFQWNCWFl0QnJfUmQtd0t1eWVHYVliUGJCWmQ3anU3YXZHLVBaWjFaOE5BRzcwSWNrUmh2cWprdXNmS0ktLVpjeHBHWHFENjYycGxoNkVVNDNOd0U0OElPcHROdGtaLXh3MVRUVHdPcGVURF9OTk5YMThYSlVXWWRVdzNBYUZ6N0EwZHFsVkl5OFF6M01zX1VtUmNnbDdDdWg0b050aVBhSXJrMzNPLVFtbjcyTWdESWZ3eWt5OFBHYl8zYjdFb0hQVXZnaFJqMGx5NnY1QXVpbGdSSzU4VzB6eTI5OXJEQ0RISmRPd21kNnNhdmpuR3RCYXdkUg?oc=5\" target=\"_blank\" rel=\"nofollow noopener\">Tadeu Schmidt promete din\u00e2mica misteriosa para a estreia do BBB 26: &#8220;A melhor de todos os tempos&#8221;<\/a>&nbsp;&nbsp;GZH<\/li>\n<li><a href=\"https:\/\/news.google.com\/rss\/articles\/CBMixgJBVV95cUxQb1g1M3ZrT2lzNmMzZnRGVFpVTHc2YTlPU2pRRzEwOHMxQkhmNkNLOU1mTzlwTVBXWWVwbjl6UjNHdExES0cwcGJjS2JHR1g2UjBrTzRLczU4cjd5bjBIbmJiWl9HdmJXb0RrcV9Hc0JkSDgzLWhNeDFZZ1JCd3VOUHF2YUNKazJxV250RGNzdzNJMzdrSGxtaTBUc1pwUlNpbkpJbVNoTUtmbUZuM1hQXzROeFRvdW9FRm12SHRUWXJGYThEZ3RCUWRkdHhqRkkxZGZ6YTZ2ZXJHZzBzMk94dGx6blNaTExYUUIycVhjTHNkMkNoUmU2TzIyWU5Obzc3N0FxZW55ZUN2QVhMbnQxWXo3eXFuQ0JLZ1ZGLW81M2w2clc3RHBHVDVBMXg1ZkVrNXpZbDMzOHFaTFZrSG9PdFotMkpadw?oc=5\" target=\"_blank\" rel=\"nofollow noopener\">Tadeu Schmidt fez implante capilar? Apresentador confessou outra mudan\u00e7a capilar na TV; m\u00e9dica explica riscos, p\u00f3s-operat\u00f3rio e mais detalhes<\/a>&nbsp;&nbsp;Terra<\/li>\n<li><a href=\"https:\/\/news.google.com\/rss\/articles\/CBMiugFBVV95cUxObWdMalVmYjB6NEJwbmFGazRTQkd2c2gzMkRJZHhjaGFFeEl4N1cyTlBWV2tfZzc2UUNicFZQT1hYU2hYLUNnaHZtZlkweUFlQzVLQkV2TENEZDEwWXlyTTJFdG9lc3NHUV9Ua0M5c2xwRmk0Y3diZDhCaHhfaFFfTHY3SWN2V0xabUZOWDBoQ2gwWEw2aEwwWmEyaGFZOUMxeEJ3OTVsT2QxZkpUaVd1RUV6NHBDUTZZMnc?oc=5\" target=\"_blank\" rel=\"nofollow noopener\">Tadeu Schmidt descobriu o milagre esquecido do BBB. Dormir.<\/a>&nbsp;&nbsp;Jornal de Bras\u00edlia<\/li>\n<\/ol>\n","protected":false},"excerpt":{"rendered":"Apresentador do &#8216;BBB 26&#8217;, Tadeu Schmidt conta como lida com os haters e admite ser vaidoso: &#8216;Quero estar&hellip;\n","protected":false},"author":2,"featured_media":224618,"comment_status":"","ping_status":"","sticky":false,"template":"","format":"standard","meta":{"footnotes":""},"categories":[142],"tags":[114,115,32,33,151],"class_list":{"0":"post-224617","1":"post","2":"type-post","3":"status-publish","4":"format-standard","5":"has-post-thumbnail","7":"category-tv","8":"tag-entertainment","9":"tag-entretenimento","10":"tag-portugal","11":"tag-pt","12":"tag-tv"},"share_on_mastodon":{"url":"https:\/\/pubeurope.com\/@pt\/115876237794811386","error":""},"_links":{"self":[{"href":"https:\/\/www.europesays.com\/pt\/wp-json\/wp\/v2\/posts\/224617","targetHints":{"allow":["GET"]}}],"collection":[{"href":"https:\/\/www.europesays.com\/pt\/wp-json\/wp\/v2\/posts"}],"about":[{"href":"https:\/\/www.europesays.com\/pt\/wp-json\/wp\/v2\/types\/post"}],"author":[{"embeddable":true,"href":"https:\/\/www.europesays.com\/pt\/wp-json\/wp\/v2\/users\/2"}],"replies":[{"embeddable":true,"href":"https:\/\/www.europesays.com\/pt\/wp-json\/wp\/v2\/comments?post=224617"}],"version-history":[{"count":0,"href":"https:\/\/www.europesays.com\/pt\/wp-json\/wp\/v2\/posts\/224617\/revisions"}],"wp:featuredmedia":[{"embeddable":true,"href":"https:\/\/www.europesays.com\/pt\/wp-json\/wp\/v2\/media\/224618"}],"wp:attachment":[{"href":"https:\/\/www.europesays.com\/pt\/wp-json\/wp\/v2\/media?parent=224617"}],"wp:term":[{"taxonomy":"category","embeddable":true,"href":"https:\/\/www.europesays.com\/pt\/wp-json\/wp\/v2\/categories?post=224617"},{"taxonomy":"post_tag","embeddable":true,"href":"https:\/\/www.europesays.com\/pt\/wp-json\/wp\/v2\/tags?post=224617"}],"curies":[{"name":"wp","href":"https:\/\/api.w.org\/{rel}","templated":true}]}}