{"id":224619,"date":"2026-01-11T11:30:15","date_gmt":"2026-01-11T11:30:15","guid":{"rendered":"https:\/\/www.europesays.com\/pt\/224619\/"},"modified":"2026-01-11T11:30:15","modified_gmt":"2026-01-11T11:30:15","slug":"bruno-mars-lanca-primeiro-single-de-novo-album-veja-clipe-09-01-2026-ilustrada","status":"publish","type":"post","link":"https:\/\/www.europesays.com\/pt\/224619\/","title":{"rendered":"Bruno Mars lan\u00e7a primeiro single de novo \u00e1lbum; veja clipe &#8211; 09\/01\/2026 &#8211; Ilustrada"},"content":{"rendered":"<p><a href=\"https:\/\/www1.folha.uol.com.br\/folha-topicos\/bruno-mars\/\" rel=\"nofollow noopener\" target=\"\">Bruno Mars<\/a> lan\u00e7ou nesta sexta-feira (9) o single &#8220;I Just Might&#8221;, m\u00fasica que antecipa o lan\u00e7amento de seu novo \u00e1lbum de est\u00fadio, &#8220;<a href=\"https:\/\/www1.folha.uol.com.br\/ilustrada\/2026\/01\/bruno-mars-diz-que-seu-novo-album-esta-pronto-quase-dez-anos-depois-do-ultimo-disco.shtml\" rel=\"nofollow noopener\" target=\"\">The Romantic<\/a>&#8220;. Lan\u00e7ada junto de um videoclipe, a m\u00fasica inaugura a nova fase do artista, que nos \u00faltimos anos produziu diferentes hits em parceria com outros nomes da ind\u00fastria, como &#8220;<a href=\"https:\/\/f5.folha.uol.com.br\/musica\/2024\/08\/lady-gaga-e-bruno-mars-lancam-clipe-de-die-with-a-smile-assista.shtml\" rel=\"nofollow noopener\" target=\"\">Die With a Smile<\/a>&#8220;, realizada com <a href=\"https:\/\/www1.folha.uol.com.br\/folha-topicos\/lady-gaga\/\" rel=\"nofollow noopener\" target=\"\">Lady Gaga<\/a>, e &#8220;<a href=\"https:\/\/www1.folha.uol.com.br\/ilustrada\/2025\/07\/pagode-lidera-no-pais-entre-musicas-mais-ouvidas-no-primeiro-semestre-de-2025.shtml\" rel=\"nofollow noopener\" target=\"\">Apt<\/a>.&#8221;, gravada junto da cantora <a href=\"https:\/\/f5.folha.uol.com.br\/musica\/2021\/03\/vocalista-do-blackpink-diz-que-disco-solo-e-lembrete-de-sua-motivacao.shtml\" rel=\"nofollow noopener\" target=\"\">Ros\u00e9<\/a>.<\/p>\n<p>Com lan\u00e7amento previsto para o dia 27 de fevereiro, &#8220;The Romantic&#8221; \u00e9 o primeiro disco individual de Mars desde o lan\u00e7amento de &#8220;<a href=\"https:\/\/www1.folha.uol.com.br\/ilustrada\/2024\/10\/bruno-mars-prepara-shows-com-24-musicas-no-brasil-veja-set-list.shtml\" rel=\"nofollow noopener\" target=\"\">24K Magic<\/a>&#8220;, de 2016. O \u00e1lbum j\u00e1 havia sido anunciado no come\u00e7o desta semana, e vem sendo tido por diferentes portais como um dos projetos mais ambiciosos da carreira do m\u00fasico.<\/p>\n<p>O \u00e1lbum tamb\u00e9m antecipa a pr\u00f3xima turn\u00ea do artista, prevista para come\u00e7ar em 10 de abril em <a href=\"https:\/\/www1.folha.uol.com.br\/folha-topicos\/las-vegas\/\" rel=\"nofollow noopener\" target=\"\">Las Vegas<\/a>, nos Estados Unidos. O cantor ir\u00e1 se apresentar at\u00e9 outubro e a turn\u00ea ir\u00e1 percorrer a <a href=\"https:\/\/www1.folha.uol.com.br\/folha\/turismo\/americadonorte\/\" rel=\"nofollow noopener\" target=\"\">Am\u00e9rica do Norte<\/a>, a <a href=\"https:\/\/www1.folha.uol.com.br\/folha-topicos\/europa\/\" rel=\"nofollow noopener\" target=\"\">Europa <\/a>e o Reino Unido.<\/p>\n<p>No clipe de &#8220;I Just Might&#8221;, a imagem de Mars \u00e9 multiplicada e ele surge segurando um microfone, tocando instrumentos de corda, bateria e percuss\u00e3o. Em rela\u00e7\u00e3o \u00e0 letra, a m\u00fasica refor\u00e7a o tom bem-humorado do artista ao falar sobre a rela\u00e7\u00e3o entre uma boa apar\u00eancia e o ritmo musical.<\/p>\n","protected":false},"excerpt":{"rendered":"Bruno Mars lan\u00e7ou nesta sexta-feira (9) o single &#8220;I Just Might&#8221;, m\u00fasica que antecipa o lan\u00e7amento de seu&hellip;\n","protected":false},"author":2,"featured_media":224620,"comment_status":"","ping_status":"","sticky":false,"template":"","format":"standard","meta":{"footnotes":""},"categories":[141],"tags":[207,764,114,115,236,149,150,214,32,33,574,276,577],"class_list":{"0":"post-224619","1":"post","2":"type-post","3":"status-publish","4":"format-standard","5":"has-post-thumbnail","7":"category-musica","8":"tag-arte","9":"tag-bruno-mars","10":"tag-entertainment","11":"tag-entretenimento","12":"tag-folha","13":"tag-music","14":"tag-musica","15":"tag-pop","16":"tag-portugal","17":"tag-pt","18":"tag-show","19":"tag-single","20":"tag-turne"},"share_on_mastodon":{"url":"https:\/\/pubeurope.com\/@pt\/115876241218436471","error":""},"_links":{"self":[{"href":"https:\/\/www.europesays.com\/pt\/wp-json\/wp\/v2\/posts\/224619","targetHints":{"allow":["GET"]}}],"collection":[{"href":"https:\/\/www.europesays.com\/pt\/wp-json\/wp\/v2\/posts"}],"about":[{"href":"https:\/\/www.europesays.com\/pt\/wp-json\/wp\/v2\/types\/post"}],"author":[{"embeddable":true,"href":"https:\/\/www.europesays.com\/pt\/wp-json\/wp\/v2\/users\/2"}],"replies":[{"embeddable":true,"href":"https:\/\/www.europesays.com\/pt\/wp-json\/wp\/v2\/comments?post=224619"}],"version-history":[{"count":0,"href":"https:\/\/www.europesays.com\/pt\/wp-json\/wp\/v2\/posts\/224619\/revisions"}],"wp:featuredmedia":[{"embeddable":true,"href":"https:\/\/www.europesays.com\/pt\/wp-json\/wp\/v2\/media\/224620"}],"wp:attachment":[{"href":"https:\/\/www.europesays.com\/pt\/wp-json\/wp\/v2\/media?parent=224619"}],"wp:term":[{"taxonomy":"category","embeddable":true,"href":"https:\/\/www.europesays.com\/pt\/wp-json\/wp\/v2\/categories?post=224619"},{"taxonomy":"post_tag","embeddable":true,"href":"https:\/\/www.europesays.com\/pt\/wp-json\/wp\/v2\/tags?post=224619"}],"curies":[{"name":"wp","href":"https:\/\/api.w.org\/{rel}","templated":true}]}}