{"id":224621,"date":"2026-01-11T11:32:07","date_gmt":"2026-01-11T11:32:07","guid":{"rendered":"https:\/\/www.europesays.com\/pt\/224621\/"},"modified":"2026-01-11T11:32:07","modified_gmt":"2026-01-11T11:32:07","slug":"abel-abre-epoca-a-vencer-e-sorri-ate-o-var-aprendeu","status":"publish","type":"post","link":"https:\/\/www.europesays.com\/pt\/224621\/","title":{"rendered":"Abel abre \u00e9poca a vencer e sorri: \u00abAt\u00e9 o VAR aprendeu\u00bb"},"content":{"rendered":"<p>O\u00a0<a class=\"autolink-enabled\" data-resource-id=\"174\" data-resource-type=\"team\" data-sport=\"football\" href=\"https:\/\/www.abola.pt\/futebol\/palmeiras-174\" rel=\"nofollow noopener\" target=\"_blank\">Palmeiras<\/a>\u00a0estreou-se na 2026, tendo aberto o campeonato Paulista com uma vit\u00f3ria por 1-0 sobre o\u00a0Portuguesa. A jogar fora, o golo foi marcado por\u00a0Luighi, numa equipa ainda de segunda linha.<\/p>\n<p>Abel Ferreira\u00a0recordou que a\u00a0pr\u00e9-temporada\u00a0foi\u00a0curta\u00a0e\u00a0est\u00e1 pronto para\u00a02026.<\/p>\n<p>\u00ab[Partimos com orgulho ferido e um pouco de raiva, por algumas coisas\u00a0que consegui controlar\u00a0e outras n\u00e3o, espero que n\u00e3o se repita\u00bb,\u00a0disse o treinador, em refer\u00eancia\u00a0\u00e0\u00a0\u00faltima temporada.<\/p>\n<p>\u00abBati mais um recorde, uma pr\u00e9-\u00e9poca de quatro dias. Vi os jogadores com bateria acima de 15% ou 20%, depois do descanso merecido. Vejam o que faz o Guardiola\u00a0(Manchester\u00a0City)\u00a0ou o\u00a0Luis\u00a0Enrique\u00a0(PSG),\u00a0a\u00a0meio da temporada os jogadores saem uma semana. Al\u00e9m do desgaste f\u00edsico,\u00a0h\u00e1\u00a0o mental.\u00a0Com trabalho em\u00a0quatro dias,\u00a0estivemos\u00a0bem\u00bb, avaliou.<\/p>\n<p>O treinador comentou a \u00fanica contrata\u00e7\u00e3o at\u00e9 ao momento, Marlon Freitas, que era capit\u00e3o do Botafogo. \u00abDos jogadores novos s\u00f3 temos um praticamente, o Marlon, que vai trazer maturidade, experi\u00eancia e pausa no jogo. \u2013 Foi uma grande contrata\u00e7\u00e3o, muito contente por trazer um jogador com esta qualidade que vai acrescentar lideran\u00e7a, porque sa\u00edram Rocha,\u00a0Mayke, Z\u00e9 Rafael,\u00a0Rony, Luan. Uma equipa tamb\u00e9m \u00e9 feita de experi\u00eancia, malandragem, cobran\u00e7a e queremos isto este ano\u00bb, afirmou,\u00a0voltando \u00e0\u00a0pol\u00e9mica da final da Libertadores de 2025\u00a0frente ao Flamengo.<\/p>\n<p>\u00abAprendemos este ano, at\u00e9 o VAR aprendeu, voc\u00eas viram?\u00bb, disse em refer\u00eancia a um lance do jogo\u00a0destr\u00a0s\u00e1bado,\u00a0em que um jogador da Portuguesa foi expulso ap\u00f3s revis\u00e3o do VAR. \u00abN\u00e3o sei se o VAR da Libertadores era diferente. Muito triste, com uma final teoricamente com VAR e \u00e1rbitro top. A prova de como o treinador \u00e0s vezes \u00e9\u00a0chato. Dizem que o\u00a0Palmeiras\u00a0n\u00e3o\u00a0rematou, foi incompetente, mas este\u00a0\u2018asterisco\u2019\u00a0ningu\u00e9m vai tirar e hoje \u00e9 prova disso.\u00bb\u00a0O asterisco refere-se\u00a0ao t\u00edtulo conquistado pelo Flamengo e v\u00e1rias queixas de arbitragem que o Palmeiras tem desse jogo.<\/p>\n<blockquote class=\"twitter-tweet\" data-media-max-width=\"560\">\n<p lang=\"pt\" dir=\"ltr\">\u201cA gente muitas vezes diz que o Palmeiras n\u00e3o chutou a gol, que o Palmeiras foi incompetente na final, mas esse asterisco ningu\u00e9m vai tirar, e hoje tiveram a prova disso.\u201d<\/p>\n<p>&#8211; Abel Ferreira reclama do VAR da final da Libertadores.<\/p>\n<p>\ud83c\udfa5 TV Palmeiras<\/p>\n<p><a href=\"https:\/\/t.co\/et8DYPxNVN\" rel=\"nofollow\">pic.twitter.com\/et8DYPxNVN<\/a><\/p>\n<p>\u2014 Gols do Brasileir\u00e3o \u26bd\ufe0f\ud83c\udde7\ud83c\uddf7 (@golsdobrasil1) <a href=\"https:\/\/twitter.com\/golsdobrasil1\/status\/2010175856354963921?ref_src=twsrc%5Etfw\" rel=\"nofollow noopener\" target=\"_blank\">January 11, 2026<\/a><\/p><\/blockquote>\n<p>                                                                                    <script async src=\"https:\/\/platform.twitter.com\/widgets.js\" charset=\"utf-8\"><\/script><\/p>\n","protected":false},"excerpt":{"rendered":"O\u00a0Palmeiras\u00a0estreou-se na 2026, tendo aberto o campeonato Paulista com uma vit\u00f3ria por 1-0 sobre o\u00a0Portuguesa. A jogar fora,&hellip;\n","protected":false},"author":2,"featured_media":224622,"comment_status":"","ping_status":"","sticky":false,"template":"","format":"standard","meta":{"footnotes":""},"categories":[87],"tags":[135,32,33,134],"class_list":{"0":"post-224621","1":"post","2":"type-post","3":"status-publish","4":"format-standard","5":"has-post-thumbnail","7":"category-desporto","8":"tag-desporto","9":"tag-portugal","10":"tag-pt","11":"tag-sports"},"share_on_mastodon":{"url":"https:\/\/pubeurope.com\/@pt\/115876249168989018","error":""},"_links":{"self":[{"href":"https:\/\/www.europesays.com\/pt\/wp-json\/wp\/v2\/posts\/224621","targetHints":{"allow":["GET"]}}],"collection":[{"href":"https:\/\/www.europesays.com\/pt\/wp-json\/wp\/v2\/posts"}],"about":[{"href":"https:\/\/www.europesays.com\/pt\/wp-json\/wp\/v2\/types\/post"}],"author":[{"embeddable":true,"href":"https:\/\/www.europesays.com\/pt\/wp-json\/wp\/v2\/users\/2"}],"replies":[{"embeddable":true,"href":"https:\/\/www.europesays.com\/pt\/wp-json\/wp\/v2\/comments?post=224621"}],"version-history":[{"count":0,"href":"https:\/\/www.europesays.com\/pt\/wp-json\/wp\/v2\/posts\/224621\/revisions"}],"wp:featuredmedia":[{"embeddable":true,"href":"https:\/\/www.europesays.com\/pt\/wp-json\/wp\/v2\/media\/224622"}],"wp:attachment":[{"href":"https:\/\/www.europesays.com\/pt\/wp-json\/wp\/v2\/media?parent=224621"}],"wp:term":[{"taxonomy":"category","embeddable":true,"href":"https:\/\/www.europesays.com\/pt\/wp-json\/wp\/v2\/categories?post=224621"},{"taxonomy":"post_tag","embeddable":true,"href":"https:\/\/www.europesays.com\/pt\/wp-json\/wp\/v2\/tags?post=224621"}],"curies":[{"name":"wp","href":"https:\/\/api.w.org\/{rel}","templated":true}]}}