{"id":224627,"date":"2026-01-11T11:36:27","date_gmt":"2026-01-11T11:36:27","guid":{"rendered":"https:\/\/www.europesays.com\/pt\/224627\/"},"modified":"2026-01-11T11:36:27","modified_gmt":"2026-01-11T11:36:27","slug":"filipa-arantes-pedroso-compra-escritorio-na-atower-para-instalar-nova-sociedade-de-advogados-imolegal","status":"publish","type":"post","link":"https:\/\/www.europesays.com\/pt\/224627\/","title":{"rendered":"Filipa Arantes Pedroso compra escrit\u00f3rio na A&#8217;Tower para instalar nova sociedade de advogados Imolegal"},"content":{"rendered":"<p>        Filipa Arantes Pedroso adquiriu j\u00e1 os escrit\u00f3rios situados no Edif\u00edcio A\u2019Tower desenvolvido pela Vanguard Properties. Nestas instala\u00e7\u00f5es estavam os escrit\u00f3rios da firma detida parcialmente pela Vanguard, a Allser.    <\/p>\n<p>A advogada Filipa Arantes Pedroso, que esteve na Morais Leit\u00e3o e depois na J+Legal, vai criar uma sociedade de advogados cujo nome ser\u00e1 Imolegal, confirmou ao Jornal Econ\u00f3mico acrescentando que ser\u00e1 uma sociedade multidisciplinar, para as \u00e1reas de imobili\u00e1rio, urbanismo, societ\u00e1rio e fiscal.<\/p>\n<p>Filipa Arantes Pedroso adquiriu j\u00e1 os escrit\u00f3rios situados no Edif\u00edcio A\u2019Tower desenvolvido pela Vanguard Properties. Nestas instala\u00e7\u00f5es estavam os escrit\u00f3rios da firma detida parcialmente pela Vanguard, a Allser.<\/p>\n<p>Neste espa\u00e7o a nova propriet\u00e1ria do im\u00f3vel ir\u00e1 criar instalar a sua sociedade de advogados.<\/p>\n","protected":false},"excerpt":{"rendered":"Filipa Arantes Pedroso adquiriu j\u00e1 os escrit\u00f3rios situados no Edif\u00edcio A\u2019Tower desenvolvido pela Vanguard Properties. Nestas instala\u00e7\u00f5es estavam&hellip;\n","protected":false},"author":2,"featured_media":224628,"comment_status":"","ping_status":"","sticky":false,"template":"","format":"standard","meta":{"footnotes":""},"categories":[83],"tags":[43302,88,89,90,43303,32,33,18683,39008],"class_list":{"0":"post-224627","1":"post","2":"type-post","3":"status-publish","4":"format-standard","5":"has-post-thumbnail","7":"category-empresas","8":"tag-allser","9":"tag-business","10":"tag-economy","11":"tag-empresas","12":"tag-imolegal","13":"tag-portugal","14":"tag-pt","15":"tag-vanguard","16":"tag-vanguard-properties"},"share_on_mastodon":{"url":"https:\/\/pubeurope.com\/@pt\/115876264911164758","error":""},"_links":{"self":[{"href":"https:\/\/www.europesays.com\/pt\/wp-json\/wp\/v2\/posts\/224627","targetHints":{"allow":["GET"]}}],"collection":[{"href":"https:\/\/www.europesays.com\/pt\/wp-json\/wp\/v2\/posts"}],"about":[{"href":"https:\/\/www.europesays.com\/pt\/wp-json\/wp\/v2\/types\/post"}],"author":[{"embeddable":true,"href":"https:\/\/www.europesays.com\/pt\/wp-json\/wp\/v2\/users\/2"}],"replies":[{"embeddable":true,"href":"https:\/\/www.europesays.com\/pt\/wp-json\/wp\/v2\/comments?post=224627"}],"version-history":[{"count":0,"href":"https:\/\/www.europesays.com\/pt\/wp-json\/wp\/v2\/posts\/224627\/revisions"}],"wp:featuredmedia":[{"embeddable":true,"href":"https:\/\/www.europesays.com\/pt\/wp-json\/wp\/v2\/media\/224628"}],"wp:attachment":[{"href":"https:\/\/www.europesays.com\/pt\/wp-json\/wp\/v2\/media?parent=224627"}],"wp:term":[{"taxonomy":"category","embeddable":true,"href":"https:\/\/www.europesays.com\/pt\/wp-json\/wp\/v2\/categories?post=224627"},{"taxonomy":"post_tag","embeddable":true,"href":"https:\/\/www.europesays.com\/pt\/wp-json\/wp\/v2\/tags?post=224627"}],"curies":[{"name":"wp","href":"https:\/\/api.w.org\/{rel}","templated":true}]}}