{"id":224631,"date":"2026-01-11T11:38:11","date_gmt":"2026-01-11T11:38:11","guid":{"rendered":"https:\/\/www.europesays.com\/pt\/224631\/"},"modified":"2026-01-11T11:38:11","modified_gmt":"2026-01-11T11:38:11","slug":"cem-personalidades-do-psd-e-cds-declaram-apoio-a-gouveia-e-melo","status":"publish","type":"post","link":"https:\/\/www.europesays.com\/pt\/224631\/","title":{"rendered":"Cem personalidades do PSD e CDS declaram apoio a Gouveia e Melo"},"content":{"rendered":"<p data-remotead-prev-elm=\"true\" data-remotead-elm-id=\"inread\"><strong>&#8220;Nele reconhecemos o cumprimento dos requisitos de independ\u00eancia, de frontalidade, de vontade reformista, de experi\u00eancia profissional e de servi\u00e7o \u00e0 P\u00e1tria que devem nortear o Presidente da Rep\u00fablica Portuguesa&#8221;<\/strong>, l\u00ea-se no comunicado no manifesto assinado pela centena de personalidades que exerceram cargos p\u00fablicos.<\/p>\n<p>\u00c0 cabe\u00e7a da lista est\u00e1 o social-democrata Ad\u00e3o Silva, ex-l\u00edder parlamentar do PSD e vice-presidente da Assembleia da Rep\u00fablica; Alberto Jo\u00e3o Jardim, que esteve 37 anos \u00e0 frente do Governo da Madeira; \u00c2ngelo Correia, ministro da Administra\u00e7\u00e3o Interna do Executivo de Francisco Pinto Balsem\u00e3o; Miguel Cadilhe, ministro das Finan\u00e7as de Cavaco Silva; ou Sebasti\u00e3o Feyo de Azevedo, presidente da Assembleia Municipal do Porto no \u00faltimo mandato de Rui Moreira.<\/p>\n<p>Os cem apoiantes real\u00e7am que Gouveia e Melo tem o conhecimento e a experi\u00eancia necess\u00e1ria para ocupar o cargo em Bel\u00e9m. &#8220;Precisamos de um presidente da Rep\u00fablica que, pelo seu conhecimento e pela sua experi\u00eancia profissional, tenha o perfil adequado ao momento que vivemos; que seja profundo conhecedor da geopol\u00edtica mundial, europe\u00edsta convicto e um democrata capaz de ajudar a impulsionar as reformas de que o regime e a sociedade tanto necessitam&#8221;, admitem.<\/p>\n<p>Com este apoio, e depois de nomearam que o pa\u00eds e o mundo &#8220;atravessam um momento hist\u00f3rico delicado&#8221;, os subscritores dizem estar honrar uma das prioridades deixadas pelo fundador do PSD, Francisco S\u00e1 Carneiro: <strong>&#8220;Primeiro o pa\u00eds, depois o partido e, por fim, a circunst\u00e2ncia pessoal de cada um de n\u00f3s&#8221;<\/strong>.<\/p>\n","protected":false},"excerpt":{"rendered":"&#8220;Nele reconhecemos o cumprimento dos requisitos de independ\u00eancia, de frontalidade, de vontade reformista, de experi\u00eancia profissional e de&hellip;\n","protected":false},"author":2,"featured_media":224632,"comment_status":"","ping_status":"","sticky":false,"template":"","format":"standard","meta":{"footnotes":""},"categories":[10],"tags":[27,28,15,16,9498,14,25,26,21,22,619,12,13,19,20,32,5215,23,24,33,17,18,29,30,31],"class_list":{"0":"post-224631","1":"post","2":"type-post","3":"status-publish","4":"format-standard","5":"has-post-thumbnail","7":"category-portugal","8":"tag-breaking-news","9":"tag-breakingnews","10":"tag-featured-news","11":"tag-featurednews","12":"tag-gouveia-e-melo","13":"tag-headlines","14":"tag-latest-news","15":"tag-latestnews","16":"tag-main-news","17":"tag-mainnews","18":"tag-nacional","19":"tag-news","20":"tag-noticias","21":"tag-noticias-principais","22":"tag-noticiasprincipais","23":"tag-portugal","24":"tag-presidenciais","25":"tag-principais-noticias","26":"tag-principaisnoticias","27":"tag-pt","28":"tag-top-stories","29":"tag-topstories","30":"tag-ultimas","31":"tag-ultimas-noticias","32":"tag-ultimasnoticias"},"share_on_mastodon":{"url":"https:\/\/pubeurope.com\/@pt\/115876272705121717","error":""},"_links":{"self":[{"href":"https:\/\/www.europesays.com\/pt\/wp-json\/wp\/v2\/posts\/224631","targetHints":{"allow":["GET"]}}],"collection":[{"href":"https:\/\/www.europesays.com\/pt\/wp-json\/wp\/v2\/posts"}],"about":[{"href":"https:\/\/www.europesays.com\/pt\/wp-json\/wp\/v2\/types\/post"}],"author":[{"embeddable":true,"href":"https:\/\/www.europesays.com\/pt\/wp-json\/wp\/v2\/users\/2"}],"replies":[{"embeddable":true,"href":"https:\/\/www.europesays.com\/pt\/wp-json\/wp\/v2\/comments?post=224631"}],"version-history":[{"count":0,"href":"https:\/\/www.europesays.com\/pt\/wp-json\/wp\/v2\/posts\/224631\/revisions"}],"wp:featuredmedia":[{"embeddable":true,"href":"https:\/\/www.europesays.com\/pt\/wp-json\/wp\/v2\/media\/224632"}],"wp:attachment":[{"href":"https:\/\/www.europesays.com\/pt\/wp-json\/wp\/v2\/media?parent=224631"}],"wp:term":[{"taxonomy":"category","embeddable":true,"href":"https:\/\/www.europesays.com\/pt\/wp-json\/wp\/v2\/categories?post=224631"},{"taxonomy":"post_tag","embeddable":true,"href":"https:\/\/www.europesays.com\/pt\/wp-json\/wp\/v2\/tags?post=224631"}],"curies":[{"name":"wp","href":"https:\/\/api.w.org\/{rel}","templated":true}]}}